{"id":65857,"date":"2015-08-05T14:24:53","date_gmt":"2015-08-05T12:24:53","guid":{"rendered":"http:\/\/gazdasagportal.hu\/?p=65857"},"modified":"2015-08-05T14:24:53","modified_gmt":"2015-08-05T12:24:53","slug":"ukran-valsag-megallapodas-nelkul-zarult-az-ujabb-minszki-ules-sulyosbodo-harcok-donyecknel","status":"publish","type":"post","link":"https:\/\/gazdasagportal.hu\/index.php\/ukran-valsag-megallapodas-nelkul-zarult-az-ujabb-minszki-ules-sulyosbodo-harcok-donyecknel\/","title":{"rendered":"Ukr\u00e1n v\u00e1ls\u00e1g &#8211; Meg\u00e1llapod\u00e1s n\u00e9lk\u00fcl z\u00e1rult az \u00fajabb minszki \u00fcl\u00e9s, s\u00falyosbod\u00f3 harcok Donyeckn\u00e9l"},"content":{"rendered":"<p><strong>Nem sz\u00fcletett \u00faj meg\u00e1llapod\u00e1s a neh\u00e9zfegyvereknek a kelet-ukrajnai frontvonal menti z\u00f3n\u00e1b\u00f3l val\u00f3 kivon\u00e1s\u00e1r\u00f3l az \u00f6sszek\u00f6t\u0151 csoport biztons\u00e1gi alcsoportj\u00e1nak legut\u00f3bbi minszki \u00fcl\u00e9s\u00e9n &#8211; jelentett\u00e9k szerd\u00e1n orosz \u00e9s ukr\u00e1n h\u00edrforr\u00e1sok. Ut\u00f3bbiak arr\u00f3l is h\u00edrt adtak, hogy Donyeck k\u00f6rny\u00e9k\u00e9n egyre hevesebb harcok folynak.<\/strong><!--more--><\/p>\n<div class=\"ads-in-post1\"><div id=\"gazdasagportal.hu_fullbanner_wideboard\"><\/div>\r\n<\/div>\n<p>    A kelet-ukrajnai v\u00e1ls\u00e1g t\u00e1rgyal\u00e1sos rendez\u00e9s\u00e9re l\u00e9trehozott, Kijev, Moszkva \u00e9s az EBESZ k\u00e9pvisel\u0151ib\u0151l \u00e1ll\u00f3 \u00f6sszek\u00f6t\u0151 csoport alcsoportja kedden eredm\u00e9ny n\u00e9lk\u00fcl fejezte be k\u00e9tnapos t\u00e1rgyal\u00e1s\u00e1t a feh\u00e9rorosz f\u0151v\u00e1rosban. Azzal a c\u00e9llal \u00fcltek \u00f6ssze, hogy \u00fajabb meg\u00e1llapod\u00e1sban r\u00f6gz\u00edts\u00e9k a 100 millim\u00e9tern\u00e9l nagyobb kaliber\u0171 t\u00fcz\u00e9rs\u00e9gi fegyverek kivon\u00e1s\u00e1t a front menti &#8211; 30 kilom\u00e9ter sz\u00e9les &#8211; \u00fctk\u00f6z\u0151z\u00f3n\u00e1b\u00f3l. A dokumentum sz\u00f6veg\u00e9t azonban nem siker\u00fclt egyeztetni\u00fck, \u00edgy al\u00e1\u00edr\u00e1s n\u00e9lk\u00fcl \u00e9rt v\u00e9get a tal\u00e1lkoz\u00f3, azzal az \u00edg\u00e9rettel, hogy k\u00e9s\u0151bb ism\u00e9t \u00f6ssze\u00fclnek t\u00e1rgyalni.<br \/>\n    Az ukr\u00e1n, az orosz \u00e9s a francia eln\u00f6k, valamint a n\u00e9met kancell\u00e1r k\u00f6zrem\u0171k\u00f6d\u00e9s\u00e9vel febru\u00e1rban megk\u00f6t\u00f6tt, \u00fagynevezett Minszk-2 meg\u00e1llapod\u00e1s ugyan m\u00e1r el\u0151\u00edrta a neh\u00e9zfegyverek kivon\u00e1s\u00e1t a front menti t\u00e9rs\u00e9gb\u0151l, ezt azonban a felek nem tartott\u00e1k be &#8211; ahogy az egyezs\u00e9gben szerepl\u0151 t\u0171zsz\u00fcnetet sem -, ez\u00e9rt v\u00e1lt sz\u00fcks\u00e9gess\u00e9 egy \u00fajabb meg\u00e1llapod\u00e1s megk\u00f6t\u00e9se.<br \/>\n    A kijevi hadm\u0171veleti parancsnoks\u00e1g szerd\u00e1n szok\u00e1sos reggeli k\u00f6zlem\u00e9ny\u00e9ben arr\u00f3l adott h\u00edrt, hogy \u00e9jjel Donyeck v\u00e1ros\u00e1n\u00e1l a szakad\u00e1rok k\u00e9t rohamot is ind\u00edtottak az ukr\u00e1n fegyveres er\u0151k ellen. A katon\u00e1k mindk\u00e9t t\u00e1mad\u00e1st visszavert\u00e9k. Donyeck fel\u0151l tiltott, 122, illetve 152 millim\u00e9ter kaliber\u0171 t\u00fcz\u00e9rs\u00e9gi fegyverekkel Avgyijivka telep\u00fcl\u00e9s lak\u00f3negyedeit l\u0151tt\u00e9k a szeparatist\u00e1k. A parancsnoks\u00e1g t\u00e1j\u00e9koztat\u00e1sa szerint a szakad\u00e1rok kedden \u00f6sszesen 81-szer s\u00e9rtett\u00e9k meg a t\u0171zsz\u00fcnetet, h\u00e9tf\u0151n pedig 109 alkalommal. A donyecki szakad\u00e1rok &#8222;n\u00e9pk\u00f6zt\u00e1rsas\u00e1ga&#8221; ezzel szemben azzal v\u00e1dolta az ukr\u00e1n hadsereget, hogy egy nap alatt 37-szer s\u00e9rtette meg a t\u0171zsz\u00fcnetet.<br \/>\n    Kijev k\u00f6zl\u00e9se szerint az elm\u00falt egy nap alatt h\u00e9t katona sebes\u00fclt meg a harcok \u00f6vezet\u00e9ben, az azt megel\u0151z\u0151 24 \u00f3r\u00e1ban h\u00e1rman estek el \u00e9s heten sebes\u00fcltek meg.<br \/>\n    A Kijev-1 z\u00e1szl\u00f3alj szerdai k\u00f6zlem\u00e9ny\u00e9ben arr\u00f3l t\u00e1j\u00e9koztatott, hogy a szakad\u00e1r er\u0151k a reggeli \u00f3r\u00e1kt\u00f3l folyamatosan aknavet\u0151kkel t\u00e1madj\u00e1k \u00e9s orvl\u00f6v\u00e9szekkel l\u00f6vetik a Donyeck melletti Marjinka \u00e9s Krasznohorivka telep\u00fcl\u00e9sekn\u00e9l l\u00e9v\u0151 \u00e1ll\u00e1saikat.<br \/>\n    Hrihorij Osztafijcsuk, az Ukr\u00e1n Biztons\u00e1gi Szolg\u00e1lat (SZBU) nyomozati f\u0151oszt\u00e1ly\u00e1nak vezet\u0151je kijevi sajt\u00f3t\u00e1j\u00e9koztat\u00f3j\u00e1n bejelentette, hogy Ukrajna nemzetk\u00f6zi k\u00f6r\u00f6z\u00e9st adott ki Valerij Geraszimov, az orosz fegyveres er\u0151k vez\u00e9rkari f\u0151n\u00f6ke \u00e9s tov\u00e1bbi t\u00edz orosz katona ellen a tavaly augusztusban t\u00f6rt\u00e9nt ilovajszki esem\u00e9nyek miatt. Kijelentette: az SZBU &#8222;dokumentumokkal tudja bizony\u00edtani&#8221;, hogy a Donyeckt\u0151l nem messze fekv\u0151 Ilovajszk telep\u00fcl\u00e9sen t\u00f6bb mint 3500 orosz katona vett r\u00e9szt az ukr\u00e1n katon\u00e1k k\u00f6rbez\u00e1r\u00e1s\u00e1ban.<br \/>\n    Anatolij Matiosz legf\u0151bb katonai \u00fcgy\u00e9sz ugyancsak szerd\u00e1n azt mondta, hogy az augusztus 24-i ukrajnai inv\u00e1zi\u00f3ra szem\u00e9lyesen az orosz vez\u00e9rkari f\u0151n\u00f6k adta ki az utas\u00edt\u00e1st al\u00e1rendeltjeinek. Hozz\u00e1tette, hogy a m\u0171veletben az orosz csapatok mintegy 60 harckocsit vetettek be a k\u00f6rbez\u00e1rt ukr\u00e1n er\u0151k ellen. A katonai \u00fcgy\u00e9szs\u00e9g legfrissebb hivatalos adata szerint az ilovajszki katlanban 366 katona esett el \u00e9s 429 sebes\u00fclt meg. Mindeddig ez volt az ukr\u00e1n fegyveres er\u0151k legnagyobb vesztes\u00e9ge a 2014 tavasza \u00f3ta tart\u00f3, terrorellenesnek nevezett kelet-ukrajnai hadm\u0171veletben.<br \/>\n    A gazeta.ua ukr\u00e1n h\u00edrport\u00e1l szerd\u00e1n arr\u00f3l sz\u00e1molt be, hogy egy 48 \u00e9ves, orosz \u00e1llampolg\u00e1rs\u00e1g\u00fa f\u00e9rfi, aki csatlakozni akart a luhanszki szakad\u00e1rokhoz, t\u00e9ved\u00e9sb\u0151l az ukr\u00e1n katon\u00e1k egyik alakulat\u00e1n\u00e1l jelentkezett szolg\u00e1latra. Mivel szakad\u00e1roknak hitte a katon\u00e1kat, fegyvert k\u00e9rt t\u0151l\u00fck, hogy harcolhasson. A katon\u00e1k \u0151rizetbe vett\u00e9k a f\u00e9rfit, akin\u00e9l a motoz\u00e1skor az orosz okm\u00e1ny\u00e1n k\u00edv\u00fcl k\u00e9t k\u00e9st \u00e9s k\u00e1b\u00edt\u00f3szert tal\u00e1ltak. A hat\u00f3s\u00e1gok most pr\u00f3b\u00e1lj\u00e1k kider\u00edteni, hogy milyen \u00faton \u00e9rkezett Ukrajn\u00e1ba.(MTI)<\/p>\n","protected":false},"excerpt":{"rendered":"<p>Nem sz\u00fcletett \u00faj meg\u00e1llapod\u00e1s a neh\u00e9zfegyvereknek a kelet-ukrajnai frontvonal menti z\u00f3n\u00e1b\u00f3l val\u00f3 kivon\u00e1s\u00e1r\u00f3l az \u00f6sszek\u00f6t\u0151 csoport biztons\u00e1gi alcsoportj\u00e1nak legut\u00f3bbi minszki \u00fcl\u00e9s\u00e9n &#8211; jelentett\u00e9k szerd\u00e1n orosz \u00e9s ukr\u00e1n h\u00edrforr\u00e1sok. Ut\u00f3bbiak arr\u00f3l is h\u00edrt adtak, hogy Donyeck k\u00f6rny\u00e9k\u00e9n egyre hevesebb harcok folynak.<\/p>\n","protected":false},"author":1,"featured_media":0,"comment_status":"open","ping_status":"closed","sticky":false,"template":"","format":"standard","meta":[],"categories":[139],"tags":[],"_links":{"self":[{"href":"https:\/\/gazdasagportal.hu\/index.php\/wp-json\/wp\/v2\/posts\/65857"}],"collection":[{"href":"https:\/\/gazdasagportal.hu\/index.php\/wp-json\/wp\/v2\/posts"}],"about":[{"href":"https:\/\/gazdasagportal.hu\/index.php\/wp-json\/wp\/v2\/types\/post"}],"author":[{"embeddable":true,"href":"https:\/\/gazdasagportal.hu\/index.php\/wp-json\/wp\/v2\/users\/1"}],"replies":[{"embeddable":true,"href":"https:\/\/gazdasagportal.hu\/index.php\/wp-json\/wp\/v2\/comments?post=65857"}],"version-history":[{"count":1,"href":"https:\/\/gazdasagportal.hu\/index.php\/wp-json\/wp\/v2\/posts\/65857\/revisions"}],"predecessor-version":[{"id":65858,"href":"https:\/\/gazdasagportal.hu\/index.php\/wp-json\/wp\/v2\/posts\/65857\/revisions\/65858"}],"wp:attachment":[{"href":"https:\/\/gazdasagportal.hu\/index.php\/wp-json\/wp\/v2\/media?parent=65857"}],"wp:term":[{"taxonomy":"category","embeddable":true,"href":"https:\/\/gazdasagportal.hu\/index.php\/wp-json\/wp\/v2\/categories?post=65857"},{"taxonomy":"post_tag","embeddable":true,"href":"https:\/\/gazdasagportal.hu\/index.php\/wp-json\/wp\/v2\/tags?post=65857"}],"curies":[{"name":"wp","href":"https:\/\/api.w.org\/{rel}","templated":true}]}}