{"id":65855,"date":"2015-08-05T14:08:53","date_gmt":"2015-08-05T12:08:53","guid":{"rendered":"http:\/\/gazdasagportal.hu\/?p=65855"},"modified":"2015-08-05T14:08:53","modified_gmt":"2015-08-05T12:08:53","slug":"negyoras-figyelmezteto-sztrajkot-tartanak-a-gorog-legiforgalmi-iranyitok","status":"publish","type":"post","link":"https:\/\/gazdasagportal.hu\/index.php\/negyoras-figyelmezteto-sztrajkot-tartanak-a-gorog-legiforgalmi-iranyitok\/","title":{"rendered":"N\u00e9gy\u00f3r\u00e1s figyelmeztet\u0151 sztr\u00e1jkot tartanak a g\u00f6r\u00f6g l\u00e9giforgalmi ir\u00e1ny\u00edt\u00f3k"},"content":{"rendered":"<p><strong>N\u00e9gy\u00f3r\u00e1s figyelmeztet\u0151 sztr\u00e1jkot tartanak a g\u00f6r\u00f6g l\u00e9giforgalmi ir\u00e1ny\u00edt\u00f3k szerd\u00e1n 13 \u00f3r\u00e1t\u00f3l 17 \u00f3r\u00e1ig, emiatt sz\u00e1mos belf\u00f6ldi \u00e9s nemzetk\u00f6zi j\u00e1ratot is t\u00f6r\u00f6ltek.<\/strong><!--more--><\/p>\n<div class=\"ads-in-post1\"><div id=\"gazdasagportal.hu_fullbanner_wideboard\"><\/div>\r\n<\/div>\n<p>    A Budapest Airport j\u00e1ratinform\u00e1ci\u00f3s rendszere szerint budapesti j\u00e1ratot nem \u00e9rint a munkabesz\u00fcntet\u00e9s.<br \/>\n    Az ath\u00e9ni Eleftherios Venizelos Nemzetk\u00f6zi Rep\u00fcl\u0151t\u00e9ren 22 j\u00e1ratot t\u00f6r\u00f6ltek \u00e9s 173-at \u00e1t\u00fctemeztek.<br \/>\n    Az ir\u00e1ny\u00edt\u00f3k az\u00e9rt sztr\u00e1jkolnak, mert azt szeretn\u00e9k el\u00e9rni, hogy a l\u00e9g\u00fcgyi szektort ir\u00e1ny\u00edt\u00f3 hivatalt \u00e1tszervezz\u00e9k \u00e9s egy f\u00fcggetlen, uni\u00f3s norm\u00e1k szerint m\u0171k\u00f6d\u0151 szervezetet hozzanak l\u00e9tre. Ha a korm\u00e1ny nem reag\u00e1l, akkor az ir\u00e1ny\u00edt\u00f3k augusztus 14-\u00e9n ism\u00e9t sztr\u00e1jkba l\u00e9phetnek.(MTI)<\/p>\n","protected":false},"excerpt":{"rendered":"<p>N\u00e9gy\u00f3r\u00e1s figyelmeztet\u0151 sztr\u00e1jkot tartanak a g\u00f6r\u00f6g l\u00e9giforgalmi ir\u00e1ny\u00edt\u00f3k szerd\u00e1n 13 \u00f3r\u00e1t\u00f3l 17 \u00f3r\u00e1ig, emiatt sz\u00e1mos belf\u00f6ldi \u00e9s nemzetk\u00f6zi j\u00e1ratot is t\u00f6r\u00f6ltek.<\/p>\n","protected":false},"author":1,"featured_media":0,"comment_status":"open","ping_status":"closed","sticky":false,"template":"","format":"standard","meta":[],"categories":[12],"tags":[],"_links":{"self":[{"href":"https:\/\/gazdasagportal.hu\/index.php\/wp-json\/wp\/v2\/posts\/65855"}],"collection":[{"href":"https:\/\/gazdasagportal.hu\/index.php\/wp-json\/wp\/v2\/posts"}],"about":[{"href":"https:\/\/gazdasagportal.hu\/index.php\/wp-json\/wp\/v2\/types\/post"}],"author":[{"embeddable":true,"href":"https:\/\/gazdasagportal.hu\/index.php\/wp-json\/wp\/v2\/users\/1"}],"replies":[{"embeddable":true,"href":"https:\/\/gazdasagportal.hu\/index.php\/wp-json\/wp\/v2\/comments?post=65855"}],"version-history":[{"count":1,"href":"https:\/\/gazdasagportal.hu\/index.php\/wp-json\/wp\/v2\/posts\/65855\/revisions"}],"predecessor-version":[{"id":65856,"href":"https:\/\/gazdasagportal.hu\/index.php\/wp-json\/wp\/v2\/posts\/65855\/revisions\/65856"}],"wp:attachment":[{"href":"https:\/\/gazdasagportal.hu\/index.php\/wp-json\/wp\/v2\/media?parent=65855"}],"wp:term":[{"taxonomy":"category","embeddable":true,"href":"https:\/\/gazdasagportal.hu\/index.php\/wp-json\/wp\/v2\/categories?post=65855"},{"taxonomy":"post_tag","embeddable":true,"href":"https:\/\/gazdasagportal.hu\/index.php\/wp-json\/wp\/v2\/tags?post=65855"}],"curies":[{"name":"wp","href":"https:\/\/api.w.org\/{rel}","templated":true}]}}