{"id":65705,"date":"2015-08-03T11:03:27","date_gmt":"2015-08-03T09:03:27","guid":{"rendered":"http:\/\/gazdasagportal.hu\/?p=65705"},"modified":"2015-08-03T11:03:27","modified_gmt":"2015-08-03T09:03:27","slug":"masodfoku-riasztas-jegeso-es-heves-zivatarok","status":"publish","type":"post","link":"https:\/\/gazdasagportal.hu\/index.php\/masodfoku-riasztas-jegeso-es-heves-zivatarok\/","title":{"rendered":"M\u00e1sodfok\u00fa riaszt\u00e1s ,j\u00e9ges\u0151 \u00e9s heves zivatarok"},"content":{"rendered":"<p><strong>Orsz\u00e1gszerte heves zivatarokra, felh\u0151szakad\u00e1sra figyelmeztet a meteorol\u00f3giai szolg\u00e1lat.<\/strong><!--more--><\/p>\n<div class=\"ads-in-post1\"><div id=\"gazdasagportal.hu_fullbanner_wideboard\"><\/div>\r\n<\/div>\n<p>    Az Orsz\u00e1gos Meteorol\u00f3giai Szolg\u00e1lat h\u00e9tf\u0151 hajnalban az MTI-hez eljuttatott vesz\u00e9lyjelz\u00e9se szerint Baranya, Fej\u00e9r, Kom\u00e1rom-Esztergom, Tolna \u00e9s Veszpr\u00e9m megy\u00e9re m\u00e1sodfok\u00fa figyelmeztet\u00e9st adtak ki a felh\u0151szakad\u00e1s vesz\u00e9lye miatt. Ezekben a megy\u00e9kben r\u00f6vid id\u0151 alatt ak\u00e1r 50 millim\u00e9tern\u00e9l is t\u00f6bb es\u0151 esett. Emellett viharos sz\u00e9llel, j\u00e9ges\u0151vel k\u00eds\u00e9rt heves zivatarokra is sz\u00e1m\u00edtani kell.<br \/>\n    Az orsz\u00e1g t\u00f6bbi ter\u00fclet\u00e9n a felh\u0151szakad\u00e1s \u00e9s a heves zivatarok vesz\u00e9lye miatt is els\u0151fok\u00fa figyelmeztet\u00e9s van \u00e9rv\u00e9nyben.<br \/>\n    \u00c1tmeneti sz\u00fcnet ut\u00e1n jellemz\u0151en d\u00e9lt\u0151l, kora d\u00e9lut\u00e1nt\u00f3l ism\u00e9t egyre t\u00f6bb helyen alakulhatnak ki zivatarok. Egy-egy heves zivatar sem kiz\u00e1rt j\u00e9ges\u0151vel (ak\u00e1r 2 centim\u00e9ter \u00e1tm\u00e9r\u0151j\u0171, vagy ann\u00e1l nagyobb j\u00e9gdarabokkal) \u00e9s 80 kilom\u00e9ter\/\u00f3ra feletti sz\u00e9ll\u00f6k\u00e9ssel.<br \/>\n    H\u00e9tf\u0151n a legmagasabb nappali h\u0151m\u00e9rs\u00e9klet 27-33 Celsius-fok k\u00f6z\u00f6tt alakul, a Tisz\u00e1nt\u00falon lesz a melegebb. K\u00e9s\u0151 este 18-26 fokig h\u0171l le a leveg\u0151.<br \/>\n    A k\u00f6vetkez\u0151 napokban melegszik a leveg\u0151. Keddre m\u00e1r a tart\u00f3s h\u0151s\u00e9g miatt m\u00e1sodfok\u00fa figyelmeztet\u00e9seket adtak ki t\u00f6bb megy\u00e9re \u00e9s a f\u0151v\u00e1rosra is.(MTI)<\/p>\n","protected":false},"excerpt":{"rendered":"<p>Orsz\u00e1gszerte heves zivatarokra, felh\u0151szakad\u00e1sra figyelmeztet a meteorol\u00f3giai szolg\u00e1lat.<\/p>\n","protected":false},"author":1,"featured_media":0,"comment_status":"open","ping_status":"closed","sticky":false,"template":"","format":"standard","meta":[],"categories":[4,151],"tags":[],"_links":{"self":[{"href":"https:\/\/gazdasagportal.hu\/index.php\/wp-json\/wp\/v2\/posts\/65705"}],"collection":[{"href":"https:\/\/gazdasagportal.hu\/index.php\/wp-json\/wp\/v2\/posts"}],"about":[{"href":"https:\/\/gazdasagportal.hu\/index.php\/wp-json\/wp\/v2\/types\/post"}],"author":[{"embeddable":true,"href":"https:\/\/gazdasagportal.hu\/index.php\/wp-json\/wp\/v2\/users\/1"}],"replies":[{"embeddable":true,"href":"https:\/\/gazdasagportal.hu\/index.php\/wp-json\/wp\/v2\/comments?post=65705"}],"version-history":[{"count":1,"href":"https:\/\/gazdasagportal.hu\/index.php\/wp-json\/wp\/v2\/posts\/65705\/revisions"}],"predecessor-version":[{"id":65706,"href":"https:\/\/gazdasagportal.hu\/index.php\/wp-json\/wp\/v2\/posts\/65705\/revisions\/65706"}],"wp:attachment":[{"href":"https:\/\/gazdasagportal.hu\/index.php\/wp-json\/wp\/v2\/media?parent=65705"}],"wp:term":[{"taxonomy":"category","embeddable":true,"href":"https:\/\/gazdasagportal.hu\/index.php\/wp-json\/wp\/v2\/categories?post=65705"},{"taxonomy":"post_tag","embeddable":true,"href":"https:\/\/gazdasagportal.hu\/index.php\/wp-json\/wp\/v2\/tags?post=65705"}],"curies":[{"name":"wp","href":"https:\/\/api.w.org\/{rel}","templated":true}]}}