{"id":65680,"date":"2015-08-03T05:47:10","date_gmt":"2015-08-03T03:47:10","guid":{"rendered":"http:\/\/gazdasagportal.hu\/?p=65680"},"modified":"2015-08-02T20:59:10","modified_gmt":"2015-08-02T18:59:10","slug":"elutasitottak-a-bosiek-a-menekulttabor-ujranyitasat-nepszavazason","status":"publish","type":"post","link":"https:\/\/gazdasagportal.hu\/index.php\/elutasitottak-a-bosiek-a-menekulttabor-ujranyitasat-nepszavazason\/","title":{"rendered":"Elutas\u00edtott\u00e1k a b\u0151siek a menek\u00fcltt\u00e1bor \u00fajranyit\u00e1s\u00e1t n\u00e9pszavaz\u00e1son"},"content":{"rendered":"<p><strong>Elutas\u00edtott\u00e1k a felvid\u00e9ki B\u0151s k\u00f6zs\u00e9g lak\u00f3i a helyi migr\u00e1ci\u00f3s t\u00e1bor \u00fajranyit\u00e1s\u00e1t azon a n\u00e9pszavaz\u00e1son, amelyet a k\u00e9rd\u00e9sr\u0151l vas\u00e1rnap tartottak a telep\u00fcl\u00e9sen.<\/strong><!--more--><\/p>\n<div class=\"ads-in-post1\"><div id=\"gazdasagportal.hu_fullbanner_wideboard\"><\/div>\r\n<\/div>\n<p>    A n\u00e9pszavaz\u00e1son a telep\u00fcl\u00e9s megk\u00f6zel\u00edt\u0151leg 4300 szavaz\u00e1sra jogosult polg\u00e1r\u00e1nak 58,43 sz\u00e1zal\u00e9ka vett r\u00e9szt, \u00edgy a referendum \u00e9rv\u00e9nyes volt &#8211; jelentette be a szavazatok \u00f6sszesz\u00e1mol\u00e1s\u00e1t k\u00f6vet\u0151en a n\u00e9pszavaz\u00e1si bizotts\u00e1g eln\u00f6ke. A reggel h\u00e9tt\u0151l este h\u00e9tig tart\u00f3 voksol\u00e1son a r\u00e9sztvev\u0151k 96 sz\u00e1zal\u00e9ka igennel, 4 sz\u00e1zal\u00e9ka pedig nemmel v\u00e1laszolt a referendum egyetlen k\u00e9rd\u00e9s\u00e9re, amely \u00edgy hangzott: &#8222;Ellenzi \u00d6n egy ideiglenes menek\u00fcltt\u00e1bor l\u00e9tes\u00edt\u00e9s\u00e9t B\u0151s\u00f6n, a Szlov\u00e1k M\u0171szaki Egyetem \u00c9p\u00fclet\u00e9ben?&#8221;<br \/>\n    A n\u00e9pszavaz\u00e1s a hat\u00e1lyos szlov\u00e1k t\u00f6rv\u00e9nyek szerint nem sz\u00e1m\u00edt \u00fcgyd\u00f6nt\u0151nek, vagyis annak eredm\u00e9nye semmire sem k\u00f6telezi a menek\u00fcltt\u00e1bor \u00fajranyit\u00e1s\u00e1r\u00f3l d\u00f6nt\u00e9st hoz\u00f3 bel\u00fcgyminiszt\u00e9riumot, amely erre kor\u00e1bban k\u00f6zlem\u00e9nyben is felh\u00edvta a figyelmet.<br \/>\n    A t\u00f6bbs\u00e9g\u00e9ben magyarok lakta, csall\u00f3k\u00f6zi B\u0151s\u00f6n, amely alig h\u00fasz kilom\u00e9terre van a hat\u00e1r t\u00faloldal\u00e1n, V\u00e1mosszabadiban m\u0171k\u00f6d\u0151 t\u00e1bort\u00f3l, azt k\u00f6vet\u0151en \u00edrt\u00e1k ki a n\u00e9pszavaz\u00e1st, hogy a helyiek \u00e9s a t\u00f6bbi k\u00f6rny\u00e9kbeli telep\u00fcl\u00e9s lak\u00f3i k\u00f6r\u00e9ben komoly tiltakoz\u00e1shull\u00e1mot v\u00e1ltott ki annak a h\u00edre, hogy a szlov\u00e1k bel\u00fcgyi t\u00e1rca \u00fajra k\u00edv\u00e1nja nyitni a telep\u00fcl\u00e9sen 2009-ig m\u0171k\u00f6d\u0151 \u00e9s akkor bez\u00e1rt t\u00e1bort.<br \/>\n    A szlov\u00e1k bel\u00fcgyi t\u00e1rca B\u0151sre ideiglenesen 500 &#8211; kor\u00e1bban az ausztriai traiskircheni t\u00e1borban elhelyezett &#8211; migr\u00e1nst k\u00e9sz\u00fcl \u00e1ttelep\u00edteni.<br \/>\n    A migr\u00e1nsok ideiglenes szlov\u00e1kiai elhelyez\u00e9s\u00e9r\u0151l j\u00falius 21-\u00e9n B\u00e9csben \u00edrt al\u00e1 meg\u00e1llapod\u00e1st a szlov\u00e1k \u00e9s az osztr\u00e1k bel\u00fcgyminiszter. A meg\u00e1llapod\u00e1s \u00e9s a migr\u00e1ci\u00f3s t\u00e1bor v\u00e1rhat\u00f3 \u00fajranyit\u00e1sa ellen\u00e9rz\u00e9seket v\u00e1ltott ki a helyiekben, akik legink\u00e1bb saj\u00e1t biztons\u00e1guk miatt agg\u00f3dnak, illetve az\u00e9rt is, mert \u00fagy v\u00e9lik, a turist\u00e1k szem\u00e9ben cs\u00f6kkenhet az idegenforgalmi bev\u00e9telekre is sz\u00e1m\u00edt\u00f3 telep\u00fcl\u00e9s attraktivit\u00e1sa.<br \/>\n    A n\u00e9pszavaz\u00e1s eredm\u00e9nye a helyi k\u00f6zhangulat alapj\u00e1n &#8222;bor\u00edt\u00e9kolhat\u00f3&#8221; volt, k\u00e9rd\u00e9sesnek ink\u00e1bb a v\u00e1laszt\u00f3i r\u00e9szv\u00e9tel ar\u00e1nya sz\u00e1m\u00edtott: a csaknem 60 sz\u00e1zal\u00e9k viszonylag magasnak sz\u00e1m\u00edt, tekintve, hogy a telep\u00fcl\u00e9sen a mostanit megel\u0151z\u0151en egy alkalommal m\u00e1r rendeztek n\u00e9pszavaz\u00e1st a kilencvenes \u00e9vekben, akkor a k\u00f6zs\u00e9g v\u00e1ross\u00e1 nyilv\u00e1n\u00edt\u00e1s\u00e1r\u00f3l d\u00f6nthettek volna a helyiek, \u00e1m a referendumon csak a voksol\u00e1sra jogosultak 47 sz\u00e1zal\u00e9ka vett r\u00e9szt, \u00edgy az nem volt \u00e9rv\u00e9nyes.<br \/>\n    Fenes Iv\u00e1n, B\u0151s polg\u00e1rmestere az eredm\u00e9nyek ismertet\u00e9se ut\u00e1n az MTI-nek j\u00f3nak min\u0151s\u00edtette a voksol\u00e1s r\u00e9szv\u00e9teli ar\u00e1ny\u00e1t. Hozz\u00e1tette: az eredm\u00e9ny feljogos\u00edtja arra, hogy a j\u00f6v\u0151 h\u00e9t folyam\u00e1n lev\u00e9lben forduljon a bel\u00fcgyminiszt\u00e9riumhoz \u00e9s a bev\u00e1ndorl\u00e1si Hivatalhoz, s k\u00e9rje az illet\u00e9kesekt\u0151l, hogy vegy\u00e9k figyelembe a referendum eredm\u00e9ny\u00e9t.<br \/>\n    A b\u0151si t\u00e1borba m\u00e1r augusztusban meg\u00e9rkezne a migr\u00e1nsok els\u0151, 250 f\u0151s csoportja, a fennmarad\u00f3 250 migr\u00e1nst pedig szeptemberben helyezn\u00e9k \u00e1t &#8211; k\u00f6z\u00f6lte az MTI-vel a szlov\u00e1k bel\u00fcgyminiszt\u00e9rium sajt\u00f3oszt\u00e1lya p\u00e9nteken.(MTI)<\/p>\n","protected":false},"excerpt":{"rendered":"<p>Elutas\u00edtott\u00e1k a felvid\u00e9ki B\u0151s k\u00f6zs\u00e9g lak\u00f3i a helyi migr\u00e1ci\u00f3s t\u00e1bor \u00fajranyit\u00e1s\u00e1t azon a n\u00e9pszavaz\u00e1son, amelyet a k\u00e9rd\u00e9sr\u0151l vas\u00e1rnap tartottak a telep\u00fcl\u00e9sen.<\/p>\n","protected":false},"author":1,"featured_media":0,"comment_status":"open","ping_status":"closed","sticky":false,"template":"","format":"standard","meta":[],"categories":[4],"tags":[],"_links":{"self":[{"href":"https:\/\/gazdasagportal.hu\/index.php\/wp-json\/wp\/v2\/posts\/65680"}],"collection":[{"href":"https:\/\/gazdasagportal.hu\/index.php\/wp-json\/wp\/v2\/posts"}],"about":[{"href":"https:\/\/gazdasagportal.hu\/index.php\/wp-json\/wp\/v2\/types\/post"}],"author":[{"embeddable":true,"href":"https:\/\/gazdasagportal.hu\/index.php\/wp-json\/wp\/v2\/users\/1"}],"replies":[{"embeddable":true,"href":"https:\/\/gazdasagportal.hu\/index.php\/wp-json\/wp\/v2\/comments?post=65680"}],"version-history":[{"count":1,"href":"https:\/\/gazdasagportal.hu\/index.php\/wp-json\/wp\/v2\/posts\/65680\/revisions"}],"predecessor-version":[{"id":65681,"href":"https:\/\/gazdasagportal.hu\/index.php\/wp-json\/wp\/v2\/posts\/65680\/revisions\/65681"}],"wp:attachment":[{"href":"https:\/\/gazdasagportal.hu\/index.php\/wp-json\/wp\/v2\/media?parent=65680"}],"wp:term":[{"taxonomy":"category","embeddable":true,"href":"https:\/\/gazdasagportal.hu\/index.php\/wp-json\/wp\/v2\/categories?post=65680"},{"taxonomy":"post_tag","embeddable":true,"href":"https:\/\/gazdasagportal.hu\/index.php\/wp-json\/wp\/v2\/tags?post=65680"}],"curies":[{"name":"wp","href":"https:\/\/api.w.org\/{rel}","templated":true}]}}