{"id":65678,"date":"2015-08-03T05:04:06","date_gmt":"2015-08-03T03:04:06","guid":{"rendered":"http:\/\/gazdasagportal.hu\/?p=65678"},"modified":"2015-08-02T20:55:54","modified_gmt":"2015-08-02T18:55:54","slug":"csak-szombaton-tobb-mint-ezeregyszaz-hatarsertot-tartoztattak-fol-csongrad-megyeben","status":"publish","type":"post","link":"https:\/\/gazdasagportal.hu\/index.php\/csak-szombaton-tobb-mint-ezeregyszaz-hatarsertot-tartoztattak-fol-csongrad-megyeben\/","title":{"rendered":"Csak szombaton t\u00f6bb mint ezeregysz\u00e1z hat\u00e1rs\u00e9rt\u0151t tart\u00f3ztattak f\u00f6l Csongr\u00e1d megy\u00e9ben"},"content":{"rendered":"<p><strong>A rend\u0151r\u00f6k 42 csoportban 1180 hat\u00e1rs\u00e9rt\u0151t &#8211; k\u00f6zt\u00fck 241 gyermeket &#8211; tart\u00f3ztattak f\u00f6l a polg\u00e1r\u0151r\u00f6kkel egy\u00fcttm\u0171k\u00f6dve Csongr\u00e1d megye d\u00e9li r\u00e9sz\u00e9n szombaton &#8211; t\u00e1j\u00e9koztatta a megyei rend\u0151r-f\u0151kapit\u00e1nys\u00e1g sz\u00f3viv\u0151je vas\u00e1rnap az MTI-t.<\/strong><!--more--><\/p>\n<div class=\"ads-in-post1\"><div id=\"gazdasagportal.hu_fullbanner_wideboard\"><\/div>\r\n<\/div>\n<p>    V\u00e1rkonyi Gergely k\u00f6z\u00f6lte, a legnagyobb csoportot d\u00e9l k\u00f6r\u00fcl, \u00c1sotthalom k\u00fclter\u00fclet\u00e9n fogt\u00e1k el, ott 160 ember, t\u00f6bbs\u00e9g\u00e9ben afg\u00e1n \u00e1llampolg\u00e1r l\u00e9pte \u00e1t illeg\u00e1lisan a z\u00f6ldhat\u00e1rt.<br \/>\n    A hat\u00e1rs\u00e9rt\u0151kkel szemben idegenrend\u00e9szeti elj\u00e1r\u00e1st kezdem\u00e9nyezett a rend\u0151rs\u00e9g.<br \/>\n    Orsz\u00e1gszerte tiltott hat\u00e1r\u00e1tl\u00e9p\u00e9s miatt szombaton 1446 embert fogtak el a rend\u0151r\u00f6k, \u00f6t esetben k\u00f6zokirat-hamis\u00edt\u00e1s, egy gyan\u00fas\u00edtottal szemben pedig embercsemp\u00e9szet miatt indult b\u00fcntet\u0151elj\u00e1r\u00e1s &#8211; k\u00f6z\u00f6lte az Orsz\u00e1gos Rend\u0151r-f\u0151kapit\u00e1nys\u00e1g kommunik\u00e1ci\u00f3s szolg\u00e1lata.(MTI)<\/p>\n","protected":false},"excerpt":{"rendered":"<p>A rend\u0151r\u00f6k 42 csoportban 1180 hat\u00e1rs\u00e9rt\u0151t &#8211; k\u00f6zt\u00fck 241 gyermeket &#8211; tart\u00f3ztattak f\u00f6l a polg\u00e1r\u0151r\u00f6kkel egy\u00fcttm\u0171k\u00f6dve Csongr\u00e1d megye d\u00e9li r\u00e9sz\u00e9n szombaton &#8211; t\u00e1j\u00e9koztatta a megyei rend\u0151r-f\u0151kapit\u00e1nys\u00e1g sz\u00f3viv\u0151je vas\u00e1rnap az MTI-t.<\/p>\n","protected":false},"author":1,"featured_media":0,"comment_status":"open","ping_status":"closed","sticky":false,"template":"","format":"standard","meta":[],"categories":[4],"tags":[],"_links":{"self":[{"href":"https:\/\/gazdasagportal.hu\/index.php\/wp-json\/wp\/v2\/posts\/65678"}],"collection":[{"href":"https:\/\/gazdasagportal.hu\/index.php\/wp-json\/wp\/v2\/posts"}],"about":[{"href":"https:\/\/gazdasagportal.hu\/index.php\/wp-json\/wp\/v2\/types\/post"}],"author":[{"embeddable":true,"href":"https:\/\/gazdasagportal.hu\/index.php\/wp-json\/wp\/v2\/users\/1"}],"replies":[{"embeddable":true,"href":"https:\/\/gazdasagportal.hu\/index.php\/wp-json\/wp\/v2\/comments?post=65678"}],"version-history":[{"count":1,"href":"https:\/\/gazdasagportal.hu\/index.php\/wp-json\/wp\/v2\/posts\/65678\/revisions"}],"predecessor-version":[{"id":65679,"href":"https:\/\/gazdasagportal.hu\/index.php\/wp-json\/wp\/v2\/posts\/65678\/revisions\/65679"}],"wp:attachment":[{"href":"https:\/\/gazdasagportal.hu\/index.php\/wp-json\/wp\/v2\/media?parent=65678"}],"wp:term":[{"taxonomy":"category","embeddable":true,"href":"https:\/\/gazdasagportal.hu\/index.php\/wp-json\/wp\/v2\/categories?post=65678"},{"taxonomy":"post_tag","embeddable":true,"href":"https:\/\/gazdasagportal.hu\/index.php\/wp-json\/wp\/v2\/tags?post=65678"}],"curies":[{"name":"wp","href":"https:\/\/api.w.org\/{rel}","templated":true}]}}