{"id":65308,"date":"2015-07-27T14:36:44","date_gmt":"2015-07-27T12:36:44","guid":{"rendered":"http:\/\/gazdasagportal.hu\/?p=65308"},"modified":"2015-07-27T14:36:44","modified_gmt":"2015-07-27T12:36:44","slug":"nemetorszagban-szinte-mindennapossa-valtak-a-menekultvalsaggal-osszefuggo-eroszakos-buncselekmenyek","status":"publish","type":"post","link":"https:\/\/gazdasagportal.hu\/index.php\/nemetorszagban-szinte-mindennapossa-valtak-a-menekultvalsaggal-osszefuggo-eroszakos-buncselekmenyek\/","title":{"rendered":"N\u00e9metorsz\u00e1gban szinte mindennaposs\u00e1 v\u00e1ltak a menek\u00fcltv\u00e1ls\u00e1ggal \u00f6sszef\u00fcgg\u0151 er\u0151szakos b\u0171ncselekm\u00e9nyek"},"content":{"rendered":"<p><strong>N\u00e9metorsz\u00e1gban az egyre m\u00e9ly\u00fcl\u0151 menek\u00fclt\u00fcgyi v\u00e1ls\u00e1ggal \u00f6sszef\u00fcgg\u00e9sben mind gyakrabban t\u00f6rt\u00e9nnek er\u0151szakos b\u0171ncselekm\u00e9nyek. H\u00e9tf\u0151re virrad\u00f3 \u00e9jjel egy politikus aut\u00f3ja gyulladt ki, a rend\u0151rs\u00e9g felt\u00e9telez\u00e9se szerint robbant\u00e1sos mer\u00e9nylet miatt.<\/strong><!--more--><\/p>\n<div class=\"ads-in-post1\"><div id=\"gazdasagportal.hu_fullbanner_wideboard\"><\/div>\r\n<\/div>\n<p>    Sz\u00e1szorsz\u00e1g tartom\u00e1nyban a Drezda melletti Freitalban a Baloldal &#8211; az egykori keletn\u00e9met \u00e1llamp\u00e1rt ut\u00f3dszervezete \u00e9s nyugati baloldali t\u00f6m\u00f6r\u00fcl\u00e9sek egyes\u00fcl\u00e9se r\u00e9v\u00e9n alakult p\u00e1rt &#8211; egy helyi politikus\u00e1nak aut\u00f3ja robbant fel az \u00e9jjel. Szem\u00e9lyi s\u00e9r\u00fcl\u00e9s nem t\u00f6rt\u00e9nt, a rend\u0151rs\u00e9g robbant\u00e1sos mer\u00e9nylet gyan\u00faj\u00e1val ind\u00edtott nyomoz\u00e1st.<br \/>\n    Az aut\u00f3 tulajdonos\u00e1t &#8211; a Baloldal k\u00e9pvisel\u0151test\u00fcleti frakci\u00f3j\u00e1nak vezet\u0151j\u00e9t &#8211; az ut\u00f3bbi h\u00f3napokban t\u00f6bbsz\u00f6r megfenyegett\u00e9k, ami\u00e9rt egy\u00fcttm\u0171k\u00f6dik a mened\u00e9kk\u00e9r\u0151k jogainak \u00e9rv\u00e9nyes\u00edt\u00e9s\u00e9\u00e9rt tev\u00e9kenyked\u0151 Pro-Asyl nev\u0171 civil szervezettel, \u00e9s ki\u00e1llt az\u00e9rt, hogy a v\u00e1rosban mened\u00e9kk\u00e9r\u0151ket befogad\u00f3 otthont alak\u00edtsanak ki.<br \/>\n    Az int\u00e9zm\u00e9ny l\u00e9trehoz\u00e1sa, a mened\u00e9kk\u00e9r\u0151k elhelyez\u00e9se ellen \u00e9s mellett t\u00fcntet\u00e9sek is voltak Freitalban, \u00e9s csaknem vereked\u00e9sbe torkoll\u00f3 lakoss\u00e1gi f\u00f3rumra is volt p\u00e9lda. A Baloldal szerint pedig a frakci\u00f3vezet\u0151 aut\u00f3j\u00e1nak felrobban\u00e1sa a menek\u00fclt\u00fcgy k\u00f6r\u00fcli vita elm\u00e9rgesed\u00e9s\u00e9nek tulajdon\u00edthat\u00f3. Freitalban egyesek &#8222;h\u00f3napok \u00f3ta ny\u00edltan usz\u00edtanak a m\u00e1sk\u00e9nt gondolkod\u00f3k \u00e9s a mened\u00e9kk\u00e9r\u0151k ellen, \u00e9s rasszista hangulatot keltenek, amelyben az emberek m\u00e1r \u00fagy \u00e9rzik, hogy legitim elj\u00e1r\u00e1s er\u0151szakot alkalmazni&#8221; &#8211; \u00e1ll a p\u00e1rt sz\u00e1szorsz\u00e1gi vezet\u0151j\u00e9nek k\u00f6zlem\u00e9ny\u00e9ben.<br \/>\n    Politikus megfenyeget\u00e9se nem el\u0151sz\u00f6r fordul el\u0151 az ut\u00f3bbi m\u00e1sf\u00e9l \u00e9vben egyre er\u0151s\u00f6d\u0151 menek\u00fclthull\u00e1mmal \u00f6sszef\u00fcgg\u00e9sben, de politikust c\u00e9lz\u00f3 er\u0151szakcselekm\u00e9nyre m\u00e9g nem volt p\u00e9lda. Az er\u0151szak azonban \u00edgy is szinte mindennaposs\u00e1 v\u00e1lt N\u00e9metorsz\u00e1gban.<br \/>\n    Az ARD orsz\u00e1gos k\u00f6zszolg\u00e1lati telev\u00edzi\u00f3 Tagesschau c\u00edm\u0171 h\u00edrport\u00e1lj\u00e1nak \u00f6ssze\u00e1ll\u00edt\u00e1sa szerint csak az ut\u00f3bbi k\u00e9t h\u00e9ten legal\u00e1bb kilenc esetben t\u00f6rt\u00e9nt gy\u00fajtogat\u00e1s vagy m\u00e1s atrocit\u00e1s mened\u00e9kk\u00e9r\u0151k sz\u00e1ll\u00e1sain\u00e1l. P\u00e9ld\u00e1ul az ugyancsak sz\u00e1szorsz\u00e1gi B\u00f6hlenben l\u00f6v\u00e9seket adtak le egy mened\u00e9kk\u00e9r\u0151ket befogad\u00f3 otthonra. Szem\u00e9lyi s\u00e9r\u00fcl\u00e9s nem t\u00f6rt\u00e9nt, de m\u00e1s esetekben ez is el\u0151fordult. P\u00e9ld\u00e1ul a szint\u00e9n a volt NDK ter\u00fclet\u00e9n fekv\u0151 t\u00fcringiai Greitzben egy csoport fiatal \u00f6sszevert n\u00e9gy sz\u00edriai mened\u00e9kk\u00e9r\u0151t, a T\u00fcringi\u00e1val szomsz\u00e9dos Sz\u00e1sz-Anhalt tartom\u00e1nybeli Halbertstadtban pedig k\u00f6vekkel dob\u00e1ltak meg egy befogad\u00f3 \u00e1llom\u00e1st, \u00e9s a t\u00e1mad\u00e1sban megs\u00e9r\u00fclt a N\u00e9met V\u00f6r\u00f6skereszt (DRK) egy munkat\u00e1rsa.<br \/>\n    A rend\u0151rs\u00e9g valamennyi esetben vizsg\u00e1lja, hogy a b\u0171ncselekm\u00e9nyek idegenellenes ind\u00edttat\u00e1s\u00faak voltak-e. Hasonl\u00f3 \u00fcgyek az ut\u00f3bbi h\u00f3napokban mindenekel\u0151tt a keleti tartom\u00e1nyokban &#8211; a volt NDK ter\u00fclet\u00e9n &#8211; \u00e9s az orsz\u00e1g d\u00e9li r\u00e9sz\u00e9n fordultak el\u0151.<br \/>\n    A bel\u00fcgyminiszt\u00e9rium legut\u00f3bbi kimutat\u00e1sa szerint az idei els\u0151 f\u00e9l \u00e9vben 202 alkalommal \u00e9rt t\u00e1mad\u00e1s mened\u00e9kk\u00e9r\u0151ket befogad\u00f3 otthonokat, \u00e1llom\u00e1sokat. Ez j\u00f3val t\u00f6bb a tavaly eg\u00e9sz \u00e9vben regisztr\u00e1lt 170 esetn\u00e9l. Az id\u00e9n a janu\u00e1r-j\u00faniusi id\u0151szakban feljegyzett 202 \u00fcgy k\u00f6z\u00fcl 173-ban az elk\u00f6vet\u0151k sz\u00e9ls\u0151jobboldali be\u00e1ll\u00edtotts\u00e1g\u00fa emberek voltak.<br \/>\n     A n\u00e9met sz\u00f6vets\u00e9gi bev\u00e1ndorl\u00e1si \u00e9s menek\u00fclt\u00fcgyi hivatal (BAMF) 2015 els\u0151 hat h\u00f3napj\u00e1ban 179 037 \u00faj mened\u00e9kjogi k\u00e9relmet regisztr\u00e1lt, ami 132,2 sz\u00e1zal\u00e9kos n\u00f6veked\u00e9s \u00e9ves szinten, pedig tavaly a d\u00e9lszl\u00e1v h\u00e1bor\u00fa kezdete, azaz a kilencvenes \u00e9vek eleje \u00f3ta a legt\u00f6bb k\u00e9relem \u00e9rkezett. A BAMF el\u0151rejelz\u00e9se szerint az \u00e9v v\u00e9g\u00e9ig minden kor\u00e1bbin\u00e1l t\u00f6bben, 400-450 ezren k\u00e9rnek mened\u00e9kjogot N\u00e9metorsz\u00e1gban. A menek\u00fclt\u00fcgyi rendszert \u00e9s a mened\u00e9kk\u00e9r\u0151ket elsz\u00e1ll\u00e1sol\u00f3 tartom\u00e1nyokat er\u0151sen megterheli a hull\u00e1m, sok embert m\u00e1r csak s\u00e1trakban, kont\u00e9nerekben, tornatermekben tudnak elhelyezni, \u00e9s a tartom\u00e1nyi korm\u00e1nyok a p\u00e9nz\u00fcgyi t\u00e1mogat\u00e1s n\u00f6vel\u00e9s\u00e9t s\u00fcrgetik a sz\u00f6vets\u00e9gi korm\u00e1nyn\u00e1l.(MTI)<\/p>\n","protected":false},"excerpt":{"rendered":"<p>N\u00e9metorsz\u00e1gban az egyre m\u00e9ly\u00fcl\u0151 menek\u00fclt\u00fcgyi v\u00e1ls\u00e1ggal \u00f6sszef\u00fcgg\u00e9sben mind gyakrabban t\u00f6rt\u00e9nnek er\u0151szakos b\u0171ncselekm\u00e9nyek. H\u00e9tf\u0151re virrad\u00f3 \u00e9jjel egy politikus aut\u00f3ja gyulladt ki, a rend\u0151rs\u00e9g felt\u00e9telez\u00e9se szerint robbant\u00e1sos mer\u00e9nylet miatt.<\/p>\n","protected":false},"author":1,"featured_media":0,"comment_status":"open","ping_status":"closed","sticky":false,"template":"","format":"standard","meta":[],"categories":[246],"tags":[],"_links":{"self":[{"href":"https:\/\/gazdasagportal.hu\/index.php\/wp-json\/wp\/v2\/posts\/65308"}],"collection":[{"href":"https:\/\/gazdasagportal.hu\/index.php\/wp-json\/wp\/v2\/posts"}],"about":[{"href":"https:\/\/gazdasagportal.hu\/index.php\/wp-json\/wp\/v2\/types\/post"}],"author":[{"embeddable":true,"href":"https:\/\/gazdasagportal.hu\/index.php\/wp-json\/wp\/v2\/users\/1"}],"replies":[{"embeddable":true,"href":"https:\/\/gazdasagportal.hu\/index.php\/wp-json\/wp\/v2\/comments?post=65308"}],"version-history":[{"count":1,"href":"https:\/\/gazdasagportal.hu\/index.php\/wp-json\/wp\/v2\/posts\/65308\/revisions"}],"predecessor-version":[{"id":65309,"href":"https:\/\/gazdasagportal.hu\/index.php\/wp-json\/wp\/v2\/posts\/65308\/revisions\/65309"}],"wp:attachment":[{"href":"https:\/\/gazdasagportal.hu\/index.php\/wp-json\/wp\/v2\/media?parent=65308"}],"wp:term":[{"taxonomy":"category","embeddable":true,"href":"https:\/\/gazdasagportal.hu\/index.php\/wp-json\/wp\/v2\/categories?post=65308"},{"taxonomy":"post_tag","embeddable":true,"href":"https:\/\/gazdasagportal.hu\/index.php\/wp-json\/wp\/v2\/tags?post=65308"}],"curies":[{"name":"wp","href":"https:\/\/api.w.org\/{rel}","templated":true}]}}