{"id":65218,"date":"2015-07-25T18:18:40","date_gmt":"2015-07-25T16:18:40","guid":{"rendered":"http:\/\/gazdasagportal.hu\/?p=65218"},"modified":"2015-07-25T09:39:46","modified_gmt":"2015-07-25T07:39:46","slug":"spiegel-merkel-fordulatra-keszul-a-bevandorlasi-politikaban","status":"publish","type":"post","link":"https:\/\/gazdasagportal.hu\/index.php\/spiegel-merkel-fordulatra-keszul-a-bevandorlasi-politikaban\/","title":{"rendered":"Spiegel: Merkel fordulatra k\u00e9sz\u00fcl a bev\u00e1ndorl\u00e1si politik\u00e1ban"},"content":{"rendered":"<p><strong>A n\u00e9met konzervat\u00edv CDU-ban &#8222;kisebbfajta forradalom&#8221; k\u00e9sz\u00fcl, miut\u00e1n Angela Merkel p\u00e1rteln\u00f6k-kancell\u00e1r jelezte, hogy t\u00e1mogatja a bev\u00e1ndorl\u00e1si szab\u00e1lyok egys\u00e9ges rendszerr\u00e9 szervez\u00e9s\u00e9t egy \u00faj t\u00f6rv\u00e9ny r\u00e9v\u00e9n &#8211; \u00edrta a Der Spiegel.<\/strong><!--more--><\/p>\n<div class=\"ads-in-post1\"><div id=\"gazdasagportal.hu_fullbanner_wideboard\"><\/div>\r\n<\/div>\n<p>    A n\u00e9met h\u00edrmagazin szombaton megjelen\u0151 &#8211; digit\u00e1lis v\u00e1ltozatban p\u00e9ntek este kiadott &#8211; sz\u00e1m\u00e1ban k\u00f6z\u00f6lt besz\u00e1mol\u00f3 alapj\u00e1n Merkel szerint a bev\u00e1ndorl\u00e1s lehet a k\u00f6vetkez\u0151, 2017-es parlamenti (Bundestag) v\u00e1laszt\u00e1sokat felvezet\u0151 kamp\u00e1ny f\u0151 t\u00e9m\u00e1ja, \u00e9s nem szeretn\u00e9, hogy a CDU a v\u00e1laszt\u00e1si k\u00fczdelemben a &#8222;halad\u00f3&#8221; szoci\u00e1ldemokrat\u00e1kkal (SPD) szemben a &#8222;maradi&#8221; p\u00e1rt szerep\u00e9be szoruljon.<br \/>\n    A migr\u00e1ci\u00f3 az uni\u00f3s t\u00e1rsorsz\u00e1gokb\u00f3l a munkav\u00e1llal\u00e1si korl\u00e1toz\u00e1sok lebont\u00e1sa r\u00e9v\u00e9n megindult bev\u00e1ndorl\u00e1si hull\u00e1m \u00e9s a folyamatosan er\u0151s\u00f6d\u0151 menek\u00fclthull\u00e1m miatt eleve &#8222;egyre s\u00falyosabb gond&#8221;, \u00edgy Merkelnek &#8222;minden j\u00f3l j\u00f6n, ami \u00fagy n\u00e9z ki, mint egy v\u00e1lasz&#8221; a kih\u00edv\u00e1sra &#8211; \u00edrta a Der Spiegel.<br \/>\n    A bev\u00e1ndorl\u00e1sr\u00f3l sz\u00f3l\u00f3 diskurzust a CDU f\u0151titk\u00e1ra, Peter Tauber nyitotta meg janu\u00e1r elej\u00e9n. A politikus szerint a n\u00e9metek &#8222;m\u00e9g nem gondolt\u00e1k v\u00e9gig, mi sz\u00fcks\u00e9ges ahhoz, hogy sikeres bev\u00e1ndorl\u00e1si c\u00e9lorsz\u00e1g&#8221; legyen a haz\u00e1juk, ez\u00e9rt az eddigin\u00e9l j\u00f3val sz\u00e9lesebb k\u00f6r\u0171 t\u00e1rsadalmi vit\u00e1t kell folytatni, majd jogszab\u00e1lly\u00e1 kell form\u00e1lni a vita tanuls\u00e1gait.<br \/>\n    A bev\u00e1ndorl\u00e1si t\u00f6rv\u00e9nyben \u00edgy r\u00f6gz\u00edteni kell, hogy milyen &#8222;k\u00e9pess\u00e9gekkel, k\u00e9pzetts\u00e9ggel \u00e9s orsz\u00e1g\u00e9p\u00edt\u0151 elk\u00f6telezetts\u00e9ggel kell rendelkezni\u00fck a bev\u00e1ndorl\u00f3knak, akik n\u00e9mett\u00e9 akarnak v\u00e1lni&#8221; &#8211; mondta a f\u0151titk\u00e1r.<br \/>\n    Felvet\u00e9se vit\u00e1t ind\u00edtott el a p\u00e1rtban. A konzervat\u00edvok legink\u00e1bb illet\u00e9kes &#8211; \u00e9s igen tekint\u00e9lyes &#8211; vezet\u0151je, Thomas de Maiziere bel\u00fcgyminiszter elz\u00e1rk\u00f3zott a javaslatt\u00f3l, arra hivatkozva, hogy kell\u0151k\u00e9ppen szab\u00e1lyozza a ter\u00fcletet a 2005-ben \u00e9letbe l\u00e9pett t\u00f6rv\u00e9ny az EU-n k\u00edv\u00fcli, \u00fagynevezett harmadik orsz\u00e1gbeli \u00e1llampolg\u00e1rok beutaz\u00e1s\u00e1r\u00f3l \u00e9s ott-tart\u00f3zkod\u00e1s\u00e1r\u00f3l.<br \/>\n    Merkel kezdem\u00e9nyez\u00e9s\u00e9re v\u00e9g\u00fcl fel\u00e1ll\u00edtottak egy bizotts\u00e1got a k\u00e9rd\u00e9s tanulm\u00e1nyoz\u00e1s\u00e1ra. A test\u00fclet j\u00falius elej\u00e9n mutatta be jelent\u00e9s\u00e9t, amely szerint egy \u00faj jogszab\u00e1lyra van sz\u00fcks\u00e9g az eddigi &#8222;j\u00f3 kezdem\u00e9nyez\u00e9sek&#8221; \u00f6sszehangol\u00e1s\u00e1hoz \u00e9s a k\u00f6z\u00f6tt\u00fck l\u00e9v\u0151 ellentmond\u00e1sok kik\u00fcsz\u00f6b\u00f6l\u00e9s\u00e9hez.<br \/>\n    A Spiegel szerint miut\u00e1n Angela Merkel az \u00faj t\u00f6rv\u00e9nyt szorgalmaz\u00f3k p\u00e1rtj\u00e1ra \u00e1llt, a CDU szeptemberi eln\u00f6ks\u00e9gi \u00fcl\u00e9s\u00e9n a jelent\u00e9st elfogadj\u00e1k \u00e9s az eln\u00f6ks\u00e9g ind\u00edtv\u00e1nyak\u00e9nt a decemberi p\u00e1rtkongresszus el\u00e9 terjesztik. A CDU ezzel felz\u00e1rk\u00f3zik az SPD mell\u00e9, amely m\u00e1r tavasszal bemutatott egy jogszab\u00e1ly-koncepci\u00f3t, miszerint a bev\u00e1ndorl\u00e1st a munkaer\u0151-piaci ig\u00e9nyek alapj\u00e1n kell ir\u00e1ny\u00edtani egy kanadai mint\u00e1j\u00fa pontrendszerrel.<br \/>\n    A ki\u00e1ll\u00e1s egy \u00faj t\u00f6rv\u00e9ny mellett &#8222;kisebbfajta forradalom&#8221; a konzervat\u00edvok sz\u00e1m\u00e1ra, akik ugyan m\u00e1r nem vitatj\u00e1k, hogy N\u00e9metorsz\u00e1g &#8222;a bev\u00e1ndorl\u00e1s f\u00f6ldje&#8221; &#8211; migr\u00e1nsokat nagy t\u00f6megben befogad\u00f3 orsz\u00e1g -, \u00e9s azt sem vitatj\u00e1k, hogy a k\u00e9pzett munkaer\u0151 ut\u00e1np\u00f3tl\u00e1sa nem oldhat\u00f3 meg bev\u00e1ndorl\u00e1s n\u00e9lk\u00fcl, de eddig h\u00faz\u00f3doztak att\u00f3l, hogy k\u00fcl\u00f6n t\u00f6rv\u00e9nyben szab\u00e1lyozz\u00e1k a szerte\u00e1gaz\u00f3 \u00fcgyet, amelynek \u00f6sszetetts\u00e9g\u00e9t jelzi, hogy jelenleg t\u00f6bb mint 50 jogc\u00edmen lehet n\u00e9metorsz\u00e1gi tart\u00f3zkod\u00e1si enged\u00e9lyt szerezni. A ter\u00fclet egys\u00e9ges szab\u00e1lyoz\u00e1s\u00e1nak gondolat\u00e1t a konzervat\u00edvok az\u00e9rt utas\u00edtott\u00e1k el kor\u00e1bban, mert nem akart\u00e1k azt a l\u00e1tszatot kelteni, hogy \u00f6szt\u00f6nzik a bev\u00e1ndorl\u00e1st &#8211; \u00edrta a Der Spiegel.<br \/>\n    A CDU bels\u0151 jelent\u00e9s\u00e9t kidolgoz\u00f3 bizotts\u00e1g vezet\u0151je, Armin Laschet, a p\u00e1rt egyik eln\u00f6khelyettese a h\u00edrmagazin besz\u00e1mol\u00f3j\u00e1val kapcsolatban hangs\u00falyozta, hogy N\u00e9metorsz\u00e1g a m\u00e1sodik legnagyobb bev\u00e1ndorl\u00e1si c\u00e9lorsz\u00e1g az Egyes\u00fclt \u00c1llamok ut\u00e1n. H\u00edrport\u00e1lokon id\u00e9zett nyilatkozat\u00e1ban hozz\u00e1tette, hogy szigor\u00faan sz\u00e9t kell v\u00e1lasztani a bev\u00e1ndorl\u00e1s \u00e9s a menek\u00fclt\u00fcgy ter\u00fclet\u00e9t, \u00e9s nem lehet arra sz\u00e1m\u00edtani, hogy egy bev\u00e1ndorl\u00e1si t\u00f6rv\u00e9ny megoldja a t\u00f6rt\u00e9nelmi magass\u00e1gba emelked\u0151 menek\u00fclthull\u00e1m r\u00e9v\u00e9n keletkez\u0151 gondokat.<br \/>\n    A sz\u00f6vets\u00e9gi statisztikai hivatal (Destatis) legut\u00f3bbi adatai szerint a k\u00fclf\u00f6ldi \u00e1llampolg\u00e1rok sz\u00e1ma 2013 v\u00e9g\u00e9n 6,2 milli\u00f3 volt N\u00e9metorsz\u00e1gban, a bev\u00e1ndorl\u00f3 csal\u00e1db\u00f3l sz\u00e1rmaz\u00f3 n\u00e9met \u00e1llampolg\u00e1rs\u00e1gok sz\u00e1ma pedig 10,1 milli\u00f3, vagyis nagyj\u00e1b\u00f3l minden \u00f6t\u00f6dik ember bev\u00e1ndorl\u00f3 h\u00e1tter\u0171 a 80,5 milli\u00f3s orsz\u00e1gban.(MTI)<\/p>\n","protected":false},"excerpt":{"rendered":"<p>A n\u00e9met konzervat\u00edv CDU-ban &#8222;kisebbfajta forradalom&#8221; k\u00e9sz\u00fcl, miut\u00e1n Angela Merkel p\u00e1rteln\u00f6k-kancell\u00e1r jelezte, hogy t\u00e1mogatja a bev\u00e1ndorl\u00e1si szab\u00e1lyok egys\u00e9ges rendszerr\u00e9 szervez\u00e9s\u00e9t egy \u00faj t\u00f6rv\u00e9ny r\u00e9v\u00e9n &#8211; \u00edrta a Der Spiegel.<\/p>\n","protected":false},"author":1,"featured_media":0,"comment_status":"open","ping_status":"closed","sticky":false,"template":"","format":"standard","meta":[],"categories":[12],"tags":[],"_links":{"self":[{"href":"https:\/\/gazdasagportal.hu\/index.php\/wp-json\/wp\/v2\/posts\/65218"}],"collection":[{"href":"https:\/\/gazdasagportal.hu\/index.php\/wp-json\/wp\/v2\/posts"}],"about":[{"href":"https:\/\/gazdasagportal.hu\/index.php\/wp-json\/wp\/v2\/types\/post"}],"author":[{"embeddable":true,"href":"https:\/\/gazdasagportal.hu\/index.php\/wp-json\/wp\/v2\/users\/1"}],"replies":[{"embeddable":true,"href":"https:\/\/gazdasagportal.hu\/index.php\/wp-json\/wp\/v2\/comments?post=65218"}],"version-history":[{"count":1,"href":"https:\/\/gazdasagportal.hu\/index.php\/wp-json\/wp\/v2\/posts\/65218\/revisions"}],"predecessor-version":[{"id":65219,"href":"https:\/\/gazdasagportal.hu\/index.php\/wp-json\/wp\/v2\/posts\/65218\/revisions\/65219"}],"wp:attachment":[{"href":"https:\/\/gazdasagportal.hu\/index.php\/wp-json\/wp\/v2\/media?parent=65218"}],"wp:term":[{"taxonomy":"category","embeddable":true,"href":"https:\/\/gazdasagportal.hu\/index.php\/wp-json\/wp\/v2\/categories?post=65218"},{"taxonomy":"post_tag","embeddable":true,"href":"https:\/\/gazdasagportal.hu\/index.php\/wp-json\/wp\/v2\/tags?post=65218"}],"curies":[{"name":"wp","href":"https:\/\/api.w.org\/{rel}","templated":true}]}}