{"id":65216,"date":"2015-07-25T16:27:18","date_gmt":"2015-07-25T14:27:18","guid":{"rendered":"http:\/\/gazdasagportal.hu\/?p=65216"},"modified":"2015-07-25T09:38:11","modified_gmt":"2015-07-25T07:38:11","slug":"a-kormany-harom-eszkozzel-is-segitette-a-kkv-kat","status":"publish","type":"post","link":"https:\/\/gazdasagportal.hu\/index.php\/a-kormany-harom-eszkozzel-is-segitette-a-kkv-kat\/","title":{"rendered":"A korm\u00e1ny h\u00e1rom eszk\u00f6zzel is seg\u00edtette a kkv-kat"},"content":{"rendered":"<p><strong>Az ad\u00f3terhel\u00e9s \u00e9s az adminisztr\u00e1ci\u00f3 cs\u00f6kkent\u00e9s\u00e9vel, tov\u00e1bb\u00e1 p\u00e9nz\u00fcgyi helyzet\u00fck stabiliz\u00e1l\u00e1s\u00e1val seg\u00edtette eddig is a kis- \u00e9s k\u00f6zepes v\u00e1llalkoz\u00e1sokat a korm\u00e1ny &#8211; mondta Pankucsi Zolt\u00e1n, a Nemzetgazdas\u00e1gi Miniszt\u00e9rium (NGM) ad\u00f3z\u00e1s\u00e9rt \u00e9s sz\u00e1mvitel\u00e9rt felel\u0151s helyettes \u00e1llamtitk\u00e1ra p\u00e9nteken, az M1 aktu\u00e1lis csatorna esti h\u00edrfolyam\u00e1ban.<\/strong><!--more--><\/p>\n<div class=\"ads-in-post1\"><div id=\"gazdasagportal.hu_fullbanner_wideboard\"><\/div>\r\n<\/div>\n<p>    A korm\u00e1ny nemcsak a nagy c\u00e9geket, hanem a kkv-kat is strat\u00e9giai partner\u00e9nek tekinti, hiszen 2 milli\u00f3 munkav\u00e1llal\u00f3t foglalkoztatnak \u00e9s a brutt\u00f3 hazai term\u00e9k mintegy fel\u00e9t \u00e1ll\u00edtj\u00e1k el\u0151 &#8211; tette hozz\u00e1 a helyettes \u00e1llamtitk\u00e1r.<br \/>\n    Fontosnak nevezte a p\u00e9nz\u00fcgyi kult\u00fara fejleszt\u00e9s\u00e9t a szf\u00e9r\u00e1ban, k\u00fcl\u00f6n\u00f6sen a mikrov\u00e1llalkoz\u00e1sok k\u00f6r\u00e9ben, amelyek ker\u00fclik a hitelfelv\u00e9telt.<br \/>\n    Pedig a b\u0151v\u00fcl\u00e9shez sz\u00fcks\u00e9g van k\u00fcls\u0151 forr\u00e1sra &#8211; emelte ki Pankucsi Zolt\u00e1n. Jelezte: ez lehet a n\u00f6veked\u00e9si hitelprogram, de eur\u00f3pai uni\u00f3s forr\u00e1s is, hiszen a korm\u00e1ny a 2020-ig tart\u00f3 uni\u00f3s k\u00f6lts\u00e9gvet\u00e9si id\u0151szak forr\u00e1sainak 60 sz\u00e1zal\u00e9k\u00e1t gazdas\u00e1gfejleszt\u00e9sre ford\u00edtja.(MTI)<\/p>\n","protected":false},"excerpt":{"rendered":"<p>Az ad\u00f3terhel\u00e9s \u00e9s az adminisztr\u00e1ci\u00f3 cs\u00f6kkent\u00e9s\u00e9vel, tov\u00e1bb\u00e1 p\u00e9nz\u00fcgyi helyzet\u00fck stabiliz\u00e1l\u00e1s\u00e1val seg\u00edtette eddig is a kis- \u00e9s k\u00f6zepes v\u00e1llalkoz\u00e1sokat a korm\u00e1ny &#8211; mondta Pankucsi Zolt\u00e1n, a Nemzetgazdas\u00e1gi Miniszt\u00e9rium (NGM) ad\u00f3z\u00e1s\u00e9rt \u00e9s sz\u00e1mvitel\u00e9rt felel\u0151s helyettes \u00e1llamtitk\u00e1ra p\u00e9nteken, az M1 aktu\u00e1lis csatorna esti h\u00edrfolyam\u00e1ban.<\/p>\n","protected":false},"author":1,"featured_media":0,"comment_status":"open","ping_status":"closed","sticky":false,"template":"","format":"standard","meta":[],"categories":[19],"tags":[],"_links":{"self":[{"href":"https:\/\/gazdasagportal.hu\/index.php\/wp-json\/wp\/v2\/posts\/65216"}],"collection":[{"href":"https:\/\/gazdasagportal.hu\/index.php\/wp-json\/wp\/v2\/posts"}],"about":[{"href":"https:\/\/gazdasagportal.hu\/index.php\/wp-json\/wp\/v2\/types\/post"}],"author":[{"embeddable":true,"href":"https:\/\/gazdasagportal.hu\/index.php\/wp-json\/wp\/v2\/users\/1"}],"replies":[{"embeddable":true,"href":"https:\/\/gazdasagportal.hu\/index.php\/wp-json\/wp\/v2\/comments?post=65216"}],"version-history":[{"count":1,"href":"https:\/\/gazdasagportal.hu\/index.php\/wp-json\/wp\/v2\/posts\/65216\/revisions"}],"predecessor-version":[{"id":65217,"href":"https:\/\/gazdasagportal.hu\/index.php\/wp-json\/wp\/v2\/posts\/65216\/revisions\/65217"}],"wp:attachment":[{"href":"https:\/\/gazdasagportal.hu\/index.php\/wp-json\/wp\/v2\/media?parent=65216"}],"wp:term":[{"taxonomy":"category","embeddable":true,"href":"https:\/\/gazdasagportal.hu\/index.php\/wp-json\/wp\/v2\/categories?post=65216"},{"taxonomy":"post_tag","embeddable":true,"href":"https:\/\/gazdasagportal.hu\/index.php\/wp-json\/wp\/v2\/tags?post=65216"}],"curies":[{"name":"wp","href":"https:\/\/api.w.org\/{rel}","templated":true}]}}