{"id":65214,"date":"2015-07-25T14:36:06","date_gmt":"2015-07-25T12:36:06","guid":{"rendered":"http:\/\/gazdasagportal.hu\/?p=65214"},"modified":"2015-07-25T23:19:55","modified_gmt":"2015-07-25T21:19:55","slug":"foldcsuszamlasokat-okozott-a-heves-esozes-ausztriaba","status":"publish","type":"post","link":"https:\/\/gazdasagportal.hu\/index.php\/foldcsuszamlasokat-okozott-a-heves-esozes-ausztriaba\/","title":{"rendered":"F\u00f6ldcsuszaml\u00e1sokat okozott a heves es\u0151z\u00e9s Ausztri\u00e1ban"},"content":{"rendered":"<p><strong>F\u00f6ldcsuszaml\u00e1sokat okozott a heves es\u0151z\u00e9s \u00e9s vihar Ausztria nyugati \u00e9s k\u00f6z\u00e9ps\u0151 r\u00e9sz\u00e9n, Salzburg tartom\u00e1nyban egy k\u0151oml\u00e1s t\u00f6bb ezer embert z\u00e1rt el a k\u00fclvil\u00e1gt\u00f3l csaknem egy napra. P\u00e9ntek d\u00e9lut\u00e1nra siker\u00fclt megtiszt\u00edtani az utakat a r\u00e1juk ker\u00fclt hordal\u00e9kt\u00f3l.<\/strong><br \/>\n<!--more--><\/p>\n<div class=\"ads-in-post1\"><div id=\"gazdasagportal.hu_fullbanner_wideboard\"><\/div>\r\n<\/div>\n<p>    Egy n\u00e9gysz\u00e1z m\u00e9ter hossz\u00fa \u00e9s \u00f6t m\u00e9ter magas f\u00f6ldcsuszaml\u00e1s t\u00f6rt\u00e9nt cs\u00fct\u00f6rt\u00f6k\u00f6n este a heves viharok ut\u00e1n a salzburgi Raurisertal v\u00f6lgyn\u00e9l. A t\u0171zolt\u00f3k \u00e9s a v\u00f6r\u00f6skereszt t\u00e1j\u00e9koztat\u00e1sa szerint senki nem s\u00e9r\u00fclt meg. A f\u00f6ldoml\u00e1s Rauris telep\u00fcl\u00e9sen egy tany\u00e1ban okozott k\u00e1rt, ahol n\u00e9gy ember tart\u00f3zkodott, valamint a lez\u00fadul\u00f3 k\u0151t\u00f6meg elz\u00e1rta a telep\u00fcl\u00e9sre vezet\u0151 egyetlen utat. Mivel a k\u00f6vetkez\u0151 napokban \u00fajabb es\u0151k v\u00e1rhat\u00f3k, a tany\u00e1ra m\u00e9g nem t\u00e9rhetnek vissza az ott lak\u00f3k. A t\u0171zolt\u00f3k t\u00e1j\u00e9koztat\u00e1sa szerint csaknem \u00f6tezer ember &#8211; h\u00e1romezer helyi lakos \u00e9s k\u00e9tezer turista &#8211; volt elz\u00e1rva eg\u00e9szen p\u00e9ntek kora d\u00e9lut\u00e1nig, amikor is egy f\u00e9l \u00fatp\u00e1ly\u00e1t r\u00f6vid id\u0151re meg tudtak nyitni. P\u00e9ntek hajnalban m\u00e1r k\u00e9tsz\u00e1z t\u0171zolt\u00f3, t\u00edz kotr\u00f3aut\u00f3 \u00e9s h\u00fasz teheraut\u00f3 csaknem 600 k\u00f6bm\u00e9ter k\u00f6vet hordott el, \u00e9s dolgozott azon, hogy d\u00e9lut\u00e1nt\u00f3l m\u00e1r \u00fajra j\u00e1rhat\u00f3 legyen az \u00fat.<br \/>\n    Az osztr\u00e1k meteorol\u00f3giai szolg\u00e1lat (ZAMG) szak\u00e9rt\u0151je szerint az okozta a probl\u00e9m\u00e1t, hogy nagyon r\u00f6vid id\u0151 alatt n\u00e9gyzetm\u00e9terenk\u00e9nt 42 liter csapad\u00e9k z\u00fadult a telep\u00fcl\u00e9sre. A szak\u00e9rt\u0151 elmondta: az alpesi ter\u00fcleten ez jelenti a legnagyobb kock\u00e1zatot.<br \/>\n    Salzburg tartom\u00e1ny f\u00f6ldtani int\u00e9zet\u00e9nek vezet\u0151je szerint a viharcell\u00e1k nagy sebess\u00e9ggel vonulnak \u00e1t a hegyeken, amennyiben megrekednek, k\u00fcl\u00f6n\u00f6sen sok es\u0151t hozhatnak.<br \/>\n    Tirol tartom\u00e1nyban, Sellrain \u00e9s Gries telep\u00fcl\u00e9s k\u00f6z\u00f6tt, az L13-as \u00faton szint\u00e9n f\u00f6ldoml\u00e1s volt, azonban itt m\u00e1r \u00e9jszaka megtiszt\u00edtott\u00e1k az utat. Sellrainben biztons\u00e1gi okokb\u00f3l nyolc h\u00e1zb\u00f3l kik\u00f6lt\u00f6ztett\u00e9k a lak\u00f3kat. P\u00e9nteken a k\u00e9t telep\u00fcl\u00e9s k\u00f6z\u00f6tti utat f\u00e9lp\u00e1ly\u00e1n lez\u00e1rj\u00e1k, hogy eltakar\u00edts\u00e1k az akad\u00e1lyokat. A vihar idej\u00e9n a k\u00f6rny\u00e9ken tal\u00e1lhat\u00f3 St. Sigmund telep\u00fcl\u00e9sn\u00e9l egy h\u00e9tv\u00e9gi h\u00e1zban tart\u00f3zkod\u00f3 gyerekcsoportot \u00e9s k\u00eds\u00e9r\u0151iket menek\u00edtettek ki.<br \/>\n    Karinti\u00e1ban hatvan alkalommal vonultak ki a t\u0171zolt\u00f3k \u00e1rad\u00e1s \u00e9s kid\u0151lt f\u00e1k miatt. A Hochrindl s\u00edterepen egy n\u0151t vill\u00e1mcsap\u00e1s \u00e9rt.<br \/>\n    A ZAMG el\u0151rejelz\u00e9se szerint szombaton egy hidegfront z\u00e1port \u00e9s zivatart hoz az orsz\u00e1gba. Ausztria nyugati r\u00e9sz\u00e9ben maradnak a z\u00e1porok, keleten kezdetben naps\u00fct\u00e9s, majd viharok v\u00e1rhat\u00f3k, a legink\u00e1bb az orsz\u00e1g d\u00e9li r\u00e9sz\u00e9ben fog s\u00fctni a nap. A h\u0151m\u00e9rs\u00e9klet 24 \u00e9s 34 fok k\u00f6z\u00f6tt lesz. Vas\u00e1rnap t\u00falnyom\u00f3an naps\u00fct\u00e9ses lesz az id\u0151, a maximum h\u0151m\u00e9rs\u00e9klet 27 fokra m\u00e9rs\u00e9kl\u0151dik.(MTI)<\/p>\n","protected":false},"excerpt":{"rendered":"<p>F\u00f6ldcsuszaml\u00e1sokat okozott a heves es\u0151z\u00e9s \u00e9s vihar Ausztria nyugati \u00e9s k\u00f6z\u00e9ps\u0151 r\u00e9sz\u00e9n, Salzburg tartom\u00e1nyban egy k\u0151oml\u00e1s t\u00f6bb ezer embert z\u00e1rt el a k\u00fclvil\u00e1gt\u00f3l csaknem egy napra. P\u00e9ntek d\u00e9lut\u00e1nra siker\u00fclt megtiszt\u00edtani az utakat a r\u00e1juk ker\u00fclt hordal\u00e9kt\u00f3l.<\/p>\n","protected":false},"author":1,"featured_media":0,"comment_status":"open","ping_status":"closed","sticky":false,"template":"","format":"standard","meta":[],"categories":[12],"tags":[],"_links":{"self":[{"href":"https:\/\/gazdasagportal.hu\/index.php\/wp-json\/wp\/v2\/posts\/65214"}],"collection":[{"href":"https:\/\/gazdasagportal.hu\/index.php\/wp-json\/wp\/v2\/posts"}],"about":[{"href":"https:\/\/gazdasagportal.hu\/index.php\/wp-json\/wp\/v2\/types\/post"}],"author":[{"embeddable":true,"href":"https:\/\/gazdasagportal.hu\/index.php\/wp-json\/wp\/v2\/users\/1"}],"replies":[{"embeddable":true,"href":"https:\/\/gazdasagportal.hu\/index.php\/wp-json\/wp\/v2\/comments?post=65214"}],"version-history":[{"count":2,"href":"https:\/\/gazdasagportal.hu\/index.php\/wp-json\/wp\/v2\/posts\/65214\/revisions"}],"predecessor-version":[{"id":65249,"href":"https:\/\/gazdasagportal.hu\/index.php\/wp-json\/wp\/v2\/posts\/65214\/revisions\/65249"}],"wp:attachment":[{"href":"https:\/\/gazdasagportal.hu\/index.php\/wp-json\/wp\/v2\/media?parent=65214"}],"wp:term":[{"taxonomy":"category","embeddable":true,"href":"https:\/\/gazdasagportal.hu\/index.php\/wp-json\/wp\/v2\/categories?post=65214"},{"taxonomy":"post_tag","embeddable":true,"href":"https:\/\/gazdasagportal.hu\/index.php\/wp-json\/wp\/v2\/tags?post=65214"}],"curies":[{"name":"wp","href":"https:\/\/api.w.org\/{rel}","templated":true}]}}