{"id":65092,"date":"2015-07-23T10:56:51","date_gmt":"2015-07-23T08:56:51","guid":{"rendered":"http:\/\/gazdasagportal.hu\/?p=65092"},"modified":"2015-07-23T10:47:33","modified_gmt":"2015-07-23T08:47:33","slug":"hoseg-katasztrofavedelem-egyre-tobb-a-tuzeset","status":"publish","type":"post","link":"https:\/\/gazdasagportal.hu\/index.php\/hoseg-katasztrofavedelem-egyre-tobb-a-tuzeset\/","title":{"rendered":"H\u0151s\u00e9g &#8211; Katasztr\u00f3fav\u00e9delem: egyre t\u00f6bb a t\u0171zeset"},"content":{"rendered":"<p><strong>Napr\u00f3l napra az \u00e1tlagosn\u00e1l t\u00f6bb t\u0171zesethez riasztj\u00e1k a t\u0171zolt\u00f3kat a k\u00e1nikul\u00e1ban, ez\u00e9rt fokozott \u00f3vatoss\u00e1got k\u00e9r a katasztr\u00f3fav\u00e9delem a lakoss\u00e1gt\u00f3l &#8211; k\u00f6z\u00f6lte az Orsz\u00e1gos Katasztr\u00f3fav\u00e9delmi F\u0151igazgat\u00f3s\u00e1g (OKF) sz\u00f3viv\u0151je cs\u00fct\u00f6rt\u00f6k\u00f6n az MTI-vel.<\/strong><!--more--><\/p>\n<div class=\"ads-in-post1\"><div id=\"gazdasagportal.hu_fullbanner_wideboard\"><\/div>\r\n<\/div>\n<p>    Hajdu M\u00e1rton felh\u00edvta a figyelmet arra, hogy j\u00falius 3-a \u00f3ta orsz\u00e1gos t\u0171zgy\u00fajt\u00e1si tilalom van \u00e9rv\u00e9nyben \u00e9s fokozott a t\u0171zvesz\u00e9ly a szabad ter\u00fcleteken.<br \/>\n    Hozz\u00e1tette, hogy t\u00f6bb esetben nemcsak a term\u00e9ny, p\u00e9ld\u00e1ul a l\u00e1bon \u00e1ll\u00f3 gabona, hanem mez\u0151gazdas\u00e1gi g\u00e9pek is \u00e1ldozat\u00e1ul estek a f\u00f6ldeken puszt\u00edt\u00f3 l\u00e1ngoknak, \u00e9s a h\u0151s\u00e9gben egyre t\u00f6bb a k\u00f6z\u00fati baleset is.<br \/>\n    Elmondta: azt k\u00e9rik a lakoss\u00e1gt\u00f3l, hogy m\u00e9g a kerti szalonnas\u00fct\u00e9sek, grillez\u00e9sek alkalm\u00e1val is fokozott \u00f3vatoss\u00e1ggal j\u00e1rjanak el \u00e9s minden esetben tartsanak k\u00e9szenl\u00e9tben olt\u00f3anyagot.<br \/>\n    Ugyancsak figyelmeztetett arra, hogy aki \u00fatnak indul, az vigyen mag\u00e1val folyad\u00e9kot, mert a gyakori balesetek miatt n\u0151tt a forgalmi dug\u00f3k es\u00e9lye is &#8211; mondta Hajdu M\u00e1rton.(MTI)<\/p>\n","protected":false},"excerpt":{"rendered":"<p>Napr\u00f3l napra az \u00e1tlagosn\u00e1l t\u00f6bb t\u0171zesethez riasztj\u00e1k a t\u0171zolt\u00f3kat a k\u00e1nikul\u00e1ban, ez\u00e9rt fokozott \u00f3vatoss\u00e1got k\u00e9r a katasztr\u00f3fav\u00e9delem a lakoss\u00e1gt\u00f3l &#8211; k\u00f6z\u00f6lte az Orsz\u00e1gos Katasztr\u00f3fav\u00e9delmi F\u0151igazgat\u00f3s\u00e1g (OKF) sz\u00f3viv\u0151je cs\u00fct\u00f6rt\u00f6k\u00f6n az MTI-vel.<\/p>\n","protected":false},"author":1,"featured_media":0,"comment_status":"open","ping_status":"closed","sticky":false,"template":"","format":"standard","meta":[],"categories":[4],"tags":[],"_links":{"self":[{"href":"https:\/\/gazdasagportal.hu\/index.php\/wp-json\/wp\/v2\/posts\/65092"}],"collection":[{"href":"https:\/\/gazdasagportal.hu\/index.php\/wp-json\/wp\/v2\/posts"}],"about":[{"href":"https:\/\/gazdasagportal.hu\/index.php\/wp-json\/wp\/v2\/types\/post"}],"author":[{"embeddable":true,"href":"https:\/\/gazdasagportal.hu\/index.php\/wp-json\/wp\/v2\/users\/1"}],"replies":[{"embeddable":true,"href":"https:\/\/gazdasagportal.hu\/index.php\/wp-json\/wp\/v2\/comments?post=65092"}],"version-history":[{"count":1,"href":"https:\/\/gazdasagportal.hu\/index.php\/wp-json\/wp\/v2\/posts\/65092\/revisions"}],"predecessor-version":[{"id":65093,"href":"https:\/\/gazdasagportal.hu\/index.php\/wp-json\/wp\/v2\/posts\/65092\/revisions\/65093"}],"wp:attachment":[{"href":"https:\/\/gazdasagportal.hu\/index.php\/wp-json\/wp\/v2\/media?parent=65092"}],"wp:term":[{"taxonomy":"category","embeddable":true,"href":"https:\/\/gazdasagportal.hu\/index.php\/wp-json\/wp\/v2\/categories?post=65092"},{"taxonomy":"post_tag","embeddable":true,"href":"https:\/\/gazdasagportal.hu\/index.php\/wp-json\/wp\/v2\/tags?post=65092"}],"curies":[{"name":"wp","href":"https:\/\/api.w.org\/{rel}","templated":true}]}}