{"id":64928,"date":"2015-07-21T02:40:48","date_gmt":"2015-07-21T00:40:48","guid":{"rendered":"http:\/\/gazdasagportal.hu\/?p=64928"},"modified":"2015-07-20T22:42:15","modified_gmt":"2015-07-20T20:42:15","slug":"hoseg-a-nyugat-balkant-is-elerte-a-kanikula","status":"publish","type":"post","link":"https:\/\/gazdasagportal.hu\/index.php\/hoseg-a-nyugat-balkant-is-elerte-a-kanikula\/","title":{"rendered":"H\u0151s\u00e9g &#8211; A Nyugat-Balk\u00e1nt is el\u00e9rte a k\u00e1nikula"},"content":{"rendered":"<p><strong>A nyugat-balk\u00e1ni orsz\u00e1gokat is el\u00e9rte az idei ny\u00e1r \u00fajabb h\u0151hull\u00e1ma, h\u00e9tf\u0151n a h\u0151m\u00e9r\u0151k higanysz\u00e1la n\u00e9hol a 40 Celsius-fokot is meghaladta; t\u00f6bben rosszul lettek az utc\u00e1kon, Bosznia-Hercegovin\u00e1ban erd\u0151t\u00fczek t\u00f6rtek ki.<\/strong><!--more--><\/p>\n<div class=\"ads-in-post1\"><div id=\"gazdasagportal.hu_fullbanner_wideboard\"><\/div>\r\n<\/div>\n<p>    A t\u00e9rs\u00e9g sajt\u00f3j\u00e1nak besz\u00e1mol\u00f3i szerint a meleg \u00e9s a folyad\u00e9khi\u00e1ny miatt az ut\u00f3bbi h\u00e1rom napban t\u00f6bben is rosszul lettek az utc\u00e1kon, a legt\u00f6bb helyen a legmagasabb fok\u00fa, piros figyelmeztet\u00e9st adt\u00e1k ki.<br \/>\n    A szerb k\u00f6zszolg\u00e1lati telev\u00edzi\u00f3 besz\u00e1mol\u00f3ja szerint Szerbi\u00e1ban h\u00e9tf\u0151n 36 Celsius-fokos cs\u00facsh\u0151m\u00e9rs\u00e9kletet m\u00e9rtek, enyh\u00fcl\u00e9s pedig a k\u00f6vetkez\u0151 napokban sem v\u00e1rhat\u00f3. A belgr\u00e1di ment\u0151szolg\u00e1lat h\u00e9tf\u0151n t\u00f6bb mint sz\u00e1z esetben seg\u00edtett olyan embereken, akik a h\u0151s\u00e9g miatt lettek rosszul, t\u00f6bben az utc\u00e1n estek \u00f6ssze. A szerb f\u0151v\u00e1ros t\u00f6bb pontj\u00e1n vizet osztottak a j\u00e1r\u00f3kel\u0151knek.<br \/>\n    A montenegr\u00f3i meteorol\u00f3giai int\u00e9zet jelent\u00e9se szerint eg\u00e9sz h\u00e9ten a 40 Celsius-fok k\u00f6rny\u00e9k\u00e9n mozog majd a h\u0151m\u00e9r\u0151 higanysz\u00e1la. A Szabad Eur\u00f3pa R\u00e1di\u00f3 balk\u00e1ni irod\u00e1j\u00e1nak h\u00e9tf\u0151i tud\u00f3s\u00edt\u00e1s\u00e1b\u00f3l az der\u00fclt ki, hogy a k\u00e1nikul\u00e1t a kis, nyugat-balk\u00e1ni orsz\u00e1gban \u00fagy v\u00e9szelik \u00e1t, hogy 11 \u00e9s 18 \u00f3ra k\u00f6z\u00f6tt ink\u00e1bb pihennek, nem mennek az utc\u00e1ra, \u00e9s ezekben az \u00f3r\u00e1kban a szabadban dolgoz\u00f3k is sz\u00fcnetet tartanak.<br \/>\n    A napok \u00f3ta tart\u00f3 tr\u00f3pusi h\u0151s\u00e9g Bosznia-Hercegovin\u00e1ban erd\u0151t\u00fczeket okozott, a medjugorjei zar\u00e1ndokhelyhez k\u00f6zeli l\u00e1ngokat egyes jelent\u00e9sek szerint eddig nem siker\u00fclt megf\u00e9kezni\u00fck a t\u0171zolt\u00f3knak.  Boszni\u00e1ban a hirtelen j\u00f6tt meleg emellett sz\u00e1mos k\u00f6zleked\u00e9si balesetet is okozott.<br \/>\n    Maced\u00f3ni\u00e1ban a h\u00e9tv\u00e9g\u00e9n \u00e9s h\u00e9tf\u0151n el\u00e9rte, s\u0151t meg is haladta a 40 Celsius-fokot a h\u0151m\u00e9rs\u00e9klet, a f\u0151v\u00e1rosban, Szkopj\u00e9ban h\u00e9tf\u0151n 39 fokot m\u00e9rtek, az UV-sug\u00e1rz\u00e1s pedig el\u00e9rte a nagyon er\u0151s, 10-es fokozatot.(MTI)<\/p>\n","protected":false},"excerpt":{"rendered":"<p>A nyugat-balk\u00e1ni orsz\u00e1gokat is el\u00e9rte az idei ny\u00e1r \u00fajabb h\u0151hull\u00e1ma, h\u00e9tf\u0151n a h\u0151m\u00e9r\u0151k higanysz\u00e1la n\u00e9hol a 40 Celsius-fokot is meghaladta; t\u00f6bben rosszul lettek az utc\u00e1kon, Bosznia-Hercegovin\u00e1ban erd\u0151t\u00fczek t\u00f6rtek ki.<\/p>\n","protected":false},"author":1,"featured_media":0,"comment_status":"open","ping_status":"closed","sticky":false,"template":"","format":"standard","meta":[],"categories":[12],"tags":[],"_links":{"self":[{"href":"https:\/\/gazdasagportal.hu\/index.php\/wp-json\/wp\/v2\/posts\/64928"}],"collection":[{"href":"https:\/\/gazdasagportal.hu\/index.php\/wp-json\/wp\/v2\/posts"}],"about":[{"href":"https:\/\/gazdasagportal.hu\/index.php\/wp-json\/wp\/v2\/types\/post"}],"author":[{"embeddable":true,"href":"https:\/\/gazdasagportal.hu\/index.php\/wp-json\/wp\/v2\/users\/1"}],"replies":[{"embeddable":true,"href":"https:\/\/gazdasagportal.hu\/index.php\/wp-json\/wp\/v2\/comments?post=64928"}],"version-history":[{"count":1,"href":"https:\/\/gazdasagportal.hu\/index.php\/wp-json\/wp\/v2\/posts\/64928\/revisions"}],"predecessor-version":[{"id":64929,"href":"https:\/\/gazdasagportal.hu\/index.php\/wp-json\/wp\/v2\/posts\/64928\/revisions\/64929"}],"wp:attachment":[{"href":"https:\/\/gazdasagportal.hu\/index.php\/wp-json\/wp\/v2\/media?parent=64928"}],"wp:term":[{"taxonomy":"category","embeddable":true,"href":"https:\/\/gazdasagportal.hu\/index.php\/wp-json\/wp\/v2\/categories?post=64928"},{"taxonomy":"post_tag","embeddable":true,"href":"https:\/\/gazdasagportal.hu\/index.php\/wp-json\/wp\/v2\/tags?post=64928"}],"curies":[{"name":"wp","href":"https:\/\/api.w.org\/{rel}","templated":true}]}}