{"id":64787,"date":"2015-07-17T12:31:46","date_gmt":"2015-07-17T10:31:46","guid":{"rendered":"http:\/\/gazdasagportal.hu\/?p=64787"},"modified":"2015-07-17T11:03:10","modified_gmt":"2015-07-17T09:03:10","slug":"sikeres-a-lidl-pilisi-parkerdot-tamogato-akcioja","status":"publish","type":"post","link":"https:\/\/gazdasagportal.hu\/index.php\/sikeres-a-lidl-pilisi-parkerdot-tamogato-akcioja\/","title":{"rendered":"Sikeres a Lidl Pilisi Parkerd\u0151t t\u00e1mogat\u00f3 akci\u00f3ja"},"content":{"rendered":"<p><strong>M\u00e1r most t\u00f6bb, mint 11 milli\u00f3 forint p\u00e9nzadom\u00e1nyt gy\u0171jt\u00f6tt \u00f6ssze v\u00e1s\u00e1rl\u00f3ival \u00f6sszefogva a Lidl Magyarorsz\u00e1g annak az egyed\u00fcl\u00e1ll\u00f3 kezdem\u00e9nyez\u00e9snek a keret\u00e9ben, melynek c\u00e9lja a Pilisi Parkerd\u0151 j\u00e9gk\u00e1r ut\u00e1ni helyre\u00e1ll\u00edt\u00e1s\u00e1nak t\u00e1mogat\u00e1sa. A 2015. j\u00fanius 1 \u2013 augusztus 31. k\u00f6z\u00f6tt zajl\u00f3 akci\u00f3 m\u00e9g csak a f\u00e9lidej\u00e9n\u00e9l tart, de az eddig befolyt \u00f6sszegb\u0151l, az \u00e1ruh\u00e1zl\u00e1nc k\u00f6zrem\u0171k\u00f6d\u00e9s\u00e9vel m\u00e1r t\u00f6bb, mint f\u00e9l milli\u00f3 facsemete v\u00e1s\u00e1rl\u00e1s\u00e1hoz hozz\u00e1j\u00e1rultak hozz\u00e1 a v\u00e1s\u00e1rl\u00f3k.<\/strong><!--more--><\/p>\n<div class=\"ads-in-post1\"><div id=\"gazdasagportal.hu_fullbanner_wideboard\"><\/div>\r\n<\/div>\n2014 december\u00e9ben mintegy 50 ezer hekt\u00e1r \u00e1llami erd\u0151ter\u00fcletet \u00e9rt k\u00e1rosod\u00e1s az \u00f3noses\u0151 \u00e1ltal.\u00a0 A j\u00e9gk\u00e1r nagym\u00e9rt\u00e9kben \u00e9rintette a Pilisi Parkerd\u0151t is, melynek helyre\u00e1ll\u00edt\u00e1sa kapcs\u00e1n a Lidl Magyarorsz\u00e1g m\u00e9g 2015. janu\u00e1rj\u00e1ban kinyilv\u00e1n\u00edtotta seg\u00edt\u0151 sz\u00e1nd\u00e9k\u00e1t. Az \u00e1ruh\u00e1zl\u00e1nc felel\u0151s v\u00e1llalatk\u00e9nt, v\u00e1s\u00e1rl\u00f3ival \u00f6sszefogva egy olyan akci\u00f3t ind\u00edtott, melynek c\u00e9lja, hogy nagym\u00e9rt\u00e9kben hozz\u00e1j\u00e1ruljon a k\u00e1rok enyh\u00edt\u00e9s\u00e9hez, a k\u00f6z\u00f6s \u00e9rt\u00e9kek helyre\u00e1ll\u00edt\u00e1s\u00e1hoz.<\/p>\n<p>A kezdem\u00e9nyez\u00e9s l\u00e9nyege, hogy minden egyes eladott Saguaro \u00e1sv\u00e1nyv\u00edz ut\u00e1n a Lidl 1 Ft-ot adom\u00e1nyoz a Pilisi Parkerd\u0151nek. Az akci\u00f3 alatt befolyt \u00f6sszeggel a v\u00e1llalat facsemet\u00e9k v\u00e1s\u00e1rl\u00e1s\u00e1hoz j\u00e1rul hozz\u00e1, ezent\u00fal az \u0151szi \u00fcltet\u00e9sben is felaj\u00e1nlotta seg\u00edts\u00e9g\u00e9t. \u201eNemzeti kincseink v\u00e9delme, k\u00f6rnyezet\u00fcnk szebb\u00e9 t\u00e9tele kiemelt fontoss\u00e1ggal b\u00edr v\u00e1llalatunk sz\u00e1m\u00e1ra, ez\u00e9rt hat\u00e1roztuk el, hogy term\u00e9szetes \u00e1sv\u00e1nyvizeink elad\u00e1s\u00e1val t\u00e1mogatjuk a Pilisi Parkerd\u0151 \u00fajj\u00e1\u00e9p\u00edt\u00e9s\u00e9t. Nagy \u00f6r\u00f6m\u00fcnkre szolg\u00e1l, hogy kezdem\u00e9nyez\u00e9s\u00fcnk sor\u00e1n v\u00e1s\u00e1rl\u00f3inkban is t\u00e1mogat\u00f3kra tal\u00e1ltunk, hiszen az akci\u00f3 elindul\u00e1sa \u00f3ta m\u00e1r most t\u00f6bb, mint 11 milli\u00f3 forint p\u00e9nzadom\u00e1ny gy\u0171lt \u00f6ssze.\u201d\u00a0 &#8211; mondta T\u0151zs\u00e9r Judit, a Lild Magyarorsz\u00e1g PR vezet\u0151je.<\/p>\n<p>A t\u00e1rsadalmi \u00f6sszefog\u00e1son alapul\u00f3 akci\u00f3 2015. augusztus 31-\u00e9ig tart, \u00edgy a gy\u0171jt\u00e9sre m\u00e9g m\u00e1sf\u00e9l h\u00f3nap \u00e1ll rendelkez\u00e9sre.<\/p><div id=\"gazda-665095089\" class=\"gazda-tartalomban gazda-entity-placement\"><script async src=\"https:\/\/pagead2.googlesyndication.com\/pagead\/js\/adsbygoogle.js\"><\/script>\r\n<ins class=\"adsbygoogle\"\r\n     style=\"display:block\"\r\n     data-ad-format=\"fluid\"\r\n     data-ad-layout-key=\"-6t+ed+2i-1n-4w\"\r\n     data-ad-client=\"ca-pub-1959107119989764\"\r\n     data-ad-slot=\"4008251320\"><\/ins>\r\n<script>\r\n     (adsbygoogle = window.adsbygoogle || []).push({});\r\n<\/script><\/div>\n","protected":false},"excerpt":{"rendered":"<p>M\u00e1r most t\u00f6bb, mint 11 milli\u00f3 forint p\u00e9nzadom\u00e1nyt gy\u0171jt\u00f6tt \u00f6ssze v\u00e1s\u00e1rl\u00f3ival \u00f6sszefogva a Lidl Magyarorsz\u00e1g annak az egyed\u00fcl\u00e1ll\u00f3 kezdem\u00e9nyez\u00e9snek a keret\u00e9ben, melynek c\u00e9lja a Pilisi Parkerd\u0151 j\u00e9gk\u00e1r ut\u00e1ni helyre\u00e1ll\u00edt\u00e1s\u00e1nak t\u00e1mogat\u00e1sa. A 2015. j\u00fanius 1 \u2013 augusztus 31. k\u00f6z\u00f6tt zajl\u00f3 akci\u00f3 m\u00e9g csak a f\u00e9lidej\u00e9n\u00e9l tart, de az eddig befolyt \u00f6sszegb\u0151l, az \u00e1ruh\u00e1zl\u00e1nc k\u00f6zrem\u0171k\u00f6d\u00e9s\u00e9vel m\u00e1r t\u00f6bb, &#8230;<\/p>\n","protected":false},"author":1,"featured_media":0,"comment_status":"open","ping_status":"closed","sticky":false,"template":"","format":"standard","meta":[],"categories":[19],"tags":[],"_links":{"self":[{"href":"https:\/\/gazdasagportal.hu\/index.php\/wp-json\/wp\/v2\/posts\/64787"}],"collection":[{"href":"https:\/\/gazdasagportal.hu\/index.php\/wp-json\/wp\/v2\/posts"}],"about":[{"href":"https:\/\/gazdasagportal.hu\/index.php\/wp-json\/wp\/v2\/types\/post"}],"author":[{"embeddable":true,"href":"https:\/\/gazdasagportal.hu\/index.php\/wp-json\/wp\/v2\/users\/1"}],"replies":[{"embeddable":true,"href":"https:\/\/gazdasagportal.hu\/index.php\/wp-json\/wp\/v2\/comments?post=64787"}],"version-history":[{"count":1,"href":"https:\/\/gazdasagportal.hu\/index.php\/wp-json\/wp\/v2\/posts\/64787\/revisions"}],"predecessor-version":[{"id":64788,"href":"https:\/\/gazdasagportal.hu\/index.php\/wp-json\/wp\/v2\/posts\/64787\/revisions\/64788"}],"wp:attachment":[{"href":"https:\/\/gazdasagportal.hu\/index.php\/wp-json\/wp\/v2\/media?parent=64787"}],"wp:term":[{"taxonomy":"category","embeddable":true,"href":"https:\/\/gazdasagportal.hu\/index.php\/wp-json\/wp\/v2\/categories?post=64787"},{"taxonomy":"post_tag","embeddable":true,"href":"https:\/\/gazdasagportal.hu\/index.php\/wp-json\/wp\/v2\/tags?post=64787"}],"curies":[{"name":"wp","href":"https:\/\/api.w.org\/{rel}","templated":true}]}}