{"id":64775,"date":"2015-07-17T13:22:06","date_gmt":"2015-07-17T11:22:06","guid":{"rendered":"http:\/\/gazdasagportal.hu\/?p=64775"},"modified":"2015-07-17T10:52:48","modified_gmt":"2015-07-17T08:52:48","slug":"illegalis-bevandorlas-kormanyszovivo-a-hatarsertes-buncselekmennye-tetelenek-osszhangban-kell-lennie-az-unios-szabalyokkal","status":"publish","type":"post","link":"https:\/\/gazdasagportal.hu\/index.php\/illegalis-bevandorlas-kormanyszovivo-a-hatarsertes-buncselekmennye-tetelenek-osszhangban-kell-lennie-az-unios-szabalyokkal\/","title":{"rendered":"Illeg\u00e1lis bev\u00e1ndorl\u00e1s &#8211; Korm\u00e1nysz\u00f3viv\u0151: a hat\u00e1rs\u00e9rt\u00e9s b\u0171ncselekm\u00e9nny\u00e9 t\u00e9tel\u00e9nek \u00f6sszhangban kell lennie az uni\u00f3s szab\u00e1lyokkal"},"content":{"rendered":"<p><strong>A menek\u00fclt\u00fcgyi jogszab\u00e1lyok szigor\u00edt\u00e1s\u00e1val \u00f6sszhangban van sz\u00fcks\u00e9g arra, hogy a hat\u00e1rs\u00e9rt\u00e9s ism\u00e9t b\u0171ncselekm\u00e9ny legyen szab\u00e1lys\u00e9rt\u00e9s helyett &#8211; mondta Kov\u00e1cs Zolt\u00e1n korm\u00e1nysz\u00f3viv\u0151 az M1 aktu\u00e1lis csatorn\u00e1n p\u00e9nteken.<\/strong><!--more--><\/p>\n<div class=\"ads-in-post1\"><div id=\"gazdasagportal.hu_fullbanner_wideboard\"><\/div>\r\n<\/div>\n<p>    Kov\u00e1cs Zolt\u00e1n azt mondta: kor\u00e1bban is b\u0171ncselekm\u00e9ny volt az illeg\u00e1lis hat\u00e1r\u00e1tl\u00e9p\u00e9s, az elm\u00falt \u00e9vekben r\u00e9szben az eur\u00f3pai uni\u00f3s jogharmoniz\u00e1ci\u00f3nak, r\u00e9szben a &#8222;korszellemnek&#8221; megfelel\u0151en m\u00e9rs\u00e9kl\u0151d\u00f6tt szab\u00e1lys\u00e9rt\u00e9sre. Hangs\u00falyozta, nincs olyan orsz\u00e1g, ahol elfogadn\u00e1k, hogy valaki &#8222;k\u00e9ny\u00e9re-kedv\u00e9re&#8221; kel \u00e1t a hat\u00e1ron.<br \/>\n    A korm\u00e1ny \u00e1ll\u00e1spontja szerint a menek\u00fclt\u00fcgyi jogszab\u00e1lyok szigor\u00edt\u00e1s\u00e1val \u00f6sszhangban sz\u00fcks\u00e9g van arra is, hogy \u00fajrafogalmazz\u00e1k a b\u00fcntet\u0151 t\u00f6rv\u00e9nyk\u00f6nyv erre vonatkoz\u00f3 t\u00e9ny\u00e1ll\u00e1s\u00e1t &#8211; mondta a korm\u00e1nysz\u00f3viv\u0151, hozz\u00e1t\u00e9ve, ennek a v\u00e1ltoztat\u00e1snak is \u00f6sszhangban kell lennie az uni\u00f3s szab\u00e1lyoz\u00e1ssal.<br \/>\n    L\u00e1z\u00e1r J\u00e1nos Minisztereln\u00f6ks\u00e9get vezet\u0151 miniszter cs\u00fct\u00f6rt\u00f6k\u00f6n jelentette be: a korm\u00e1ny a b\u00fcntet\u0151 t\u00f6rv\u00e9nyk\u00f6nyv m\u00f3dos\u00edt\u00e1s\u00e1t kezdem\u00e9nyezi annak \u00e9rdek\u00e9ben, hogy szab\u00e1lys\u00e9rt\u00e9s helyett b\u0171ncselekm\u00e9nynek min\u0151s\u00fclj\u00f6n az illeg\u00e1lis bev\u00e1ndorl\u00e1s. Azt mondta, a jogszab\u00e1ly megv\u00e1ltoztat\u00e1s\u00e1t k\u00e9rik \u0151sszel az Orsz\u00e1ggy\u0171l\u00e9st\u0151l.<br \/>\n    A konkr\u00e9t javaslatot kedden teszi meg a korm\u00e1nynak Tr\u00f3cs\u00e1nyi L\u00e1szl\u00f3 igazs\u00e1g\u00fcgyi miniszter.(MTI)<\/p>\n","protected":false},"excerpt":{"rendered":"<p>A menek\u00fclt\u00fcgyi jogszab\u00e1lyok szigor\u00edt\u00e1s\u00e1val \u00f6sszhangban van sz\u00fcks\u00e9g arra, hogy a hat\u00e1rs\u00e9rt\u00e9s ism\u00e9t b\u0171ncselekm\u00e9ny legyen szab\u00e1lys\u00e9rt\u00e9s helyett &#8211; mondta Kov\u00e1cs Zolt\u00e1n korm\u00e1nysz\u00f3viv\u0151 az M1 aktu\u00e1lis csatorn\u00e1n p\u00e9nteken.<\/p>\n","protected":false},"author":1,"featured_media":0,"comment_status":"open","ping_status":"closed","sticky":false,"template":"","format":"standard","meta":[],"categories":[4],"tags":[],"_links":{"self":[{"href":"https:\/\/gazdasagportal.hu\/index.php\/wp-json\/wp\/v2\/posts\/64775"}],"collection":[{"href":"https:\/\/gazdasagportal.hu\/index.php\/wp-json\/wp\/v2\/posts"}],"about":[{"href":"https:\/\/gazdasagportal.hu\/index.php\/wp-json\/wp\/v2\/types\/post"}],"author":[{"embeddable":true,"href":"https:\/\/gazdasagportal.hu\/index.php\/wp-json\/wp\/v2\/users\/1"}],"replies":[{"embeddable":true,"href":"https:\/\/gazdasagportal.hu\/index.php\/wp-json\/wp\/v2\/comments?post=64775"}],"version-history":[{"count":1,"href":"https:\/\/gazdasagportal.hu\/index.php\/wp-json\/wp\/v2\/posts\/64775\/revisions"}],"predecessor-version":[{"id":64776,"href":"https:\/\/gazdasagportal.hu\/index.php\/wp-json\/wp\/v2\/posts\/64775\/revisions\/64776"}],"wp:attachment":[{"href":"https:\/\/gazdasagportal.hu\/index.php\/wp-json\/wp\/v2\/media?parent=64775"}],"wp:term":[{"taxonomy":"category","embeddable":true,"href":"https:\/\/gazdasagportal.hu\/index.php\/wp-json\/wp\/v2\/categories?post=64775"},{"taxonomy":"post_tag","embeddable":true,"href":"https:\/\/gazdasagportal.hu\/index.php\/wp-json\/wp\/v2\/tags?post=64775"}],"curies":[{"name":"wp","href":"https:\/\/api.w.org\/{rel}","templated":true}]}}