{"id":64757,"date":"2015-07-17T09:54:21","date_gmt":"2015-07-17T07:54:21","guid":{"rendered":"http:\/\/gazdasagportal.hu\/?p=64757"},"modified":"2015-07-17T06:27:34","modified_gmt":"2015-07-17T04:27:34","slug":"malaj-utasszallito-ukrajna-tamogatja-egy-ensz-kulonbirosag-felallitasat","status":"publish","type":"post","link":"https:\/\/gazdasagportal.hu\/index.php\/malaj-utasszallito-ukrajna-tamogatja-egy-ensz-kulonbirosag-felallitasat\/","title":{"rendered":"Mal\u00e1j utassz\u00e1ll\u00edt\u00f3 &#8211; Ukrajna t\u00e1mogatja egy ENSZ-k\u00fcl\u00f6nb\u00edr\u00f3s\u00e1g fel\u00e1ll\u00edt\u00e1s\u00e1t"},"content":{"rendered":"<p><strong>Az ukr\u00e1n \u00e1llamf\u0151 szerint Kijev hat\u00e1rozottan t\u00e1mogatja egy nemzetk\u00f6zi k\u00fcl\u00f6nb\u00edr\u00f3s\u00e1g fel\u00e1ll\u00edt\u00e1s\u00e1t az egy \u00e9vvel ezel\u0151tt Kelet-Ukrajn\u00e1ban lezuhant mal\u00e1j utassz\u00e1ll\u00edt\u00f3 trag\u00e9di\u00e1j\u00e1nak kivizsg\u00e1l\u00e1s\u00e1ra \u00e9s a felel\u0151sek megb\u00fcntet\u00e9s\u00e9re.<\/strong><!--more--><\/p>\n<div class=\"ads-in-post1\"><div id=\"gazdasagportal.hu_fullbanner_wideboard\"><\/div>\r\n<\/div>\n<p>Petro Porosenko a CNN h\u00edrtelev\u00edzi\u00f3nak adott interj\u00faban besz\u00e9lt err\u0151l cs\u00fct\u00f6rt\u00f6k\u00f6n, \u00e9s b\u00edr\u00e1lta Moszkv\u00e1t amiatt, hogy ellenzi az ENSZ-t\u00f6rv\u00e9nysz\u00e9k fel\u00e1ll\u00edt\u00e1s\u00e1t.<br \/>\nPorosenko szerint Oroszorsz\u00e1g reag\u00e1l\u00e1sa v\u00e1rhat\u00f3 volt \u00e9s helytelen. Kifejtette, hogy a nyomozati szakasz ut\u00e1n a felel\u0151ss\u00e9gre von\u00e1snak kell k\u00f6vetkeznie. &#8222;Hat\u00e1rozottan t\u00e1mogatjuk a nemzetk\u00f6zi t\u00f6rv\u00e9nysz\u00e9k l\u00e9trehoz\u00e1s\u00e1t, amit j\u00f3v\u00e1 kell hagynia az ENSZ Biztons\u00e1gi Tan\u00e1cs\u00e1nak. \u00dagy gondoljuk, hogy ha valaki le akarja \u00e1ll\u00edtani ezt a folyamatot, akkor mag\u00e1ra v\u00e1llalja a felel\u0151ss\u00e9get&#8221; &#8211; mondta Porosenko.<br \/>\nA malajziai l\u00e9git\u00e1rsas\u00e1g Kuala Lumpurba tart\u00f3 MH17-es j\u00e1rata tavaly j\u00falius 17-\u00e9n zuhant le a Moszkva-bar\u00e1t szakad\u00e1rok ellen\u0151rz\u00e9se alatt \u00e1ll\u00f3 kelet-ukrajnai ter\u00fcleten, feltehet\u0151en rak\u00e9tatal\u00e1lat k\u00f6vetkezt\u00e9ben. A szerencs\u00e9tlens\u00e9get senki sem \u00e9lte t\u00fal, 298-an haltak meg, az \u00e1ldozatok t\u00f6bbs\u00e9ge holland volt. Ukrajna \u00e9s Oroszorsz\u00e1g k\u00f6lcs\u00f6n\u00f6sen egym\u00e1sra h\u00e1r\u00edtja a felel\u0151ss\u00e9get a trag\u00e9di\u00e1\u00e9rt.<br \/>\nMalajzia egy h\u00e9ttel ezel\u0151tt az ENSZ Biztons\u00e1gi Tan\u00e1csa el\u00e9 terjesztett hat\u00e1rozattervezet\u00e9ben k\u00fcl\u00f6n nemzetk\u00f6zi b\u00fcntet\u0151b\u00edr\u00f3s\u00e1g megalak\u00edt\u00e1s\u00e1t k\u00e9rte a katasztr\u00f3fa kivizsg\u00e1l\u00e1s\u00e1ra \u00e9s a felel\u0151s\u00f6k megb\u00fcntet\u00e9s\u00e9re. A kezdem\u00e9nyez\u00e9ssel egyet\u00e9rt Hollandia, Nagy-Britannia \u00e9s t\u00f6bb m\u00e1s orsz\u00e1g is, de a BT-ben v\u00e9t\u00f3joggal rendelkez\u0151 Oroszorsz\u00e1g ellenzi. Vlagyimir Putyin orosz eln\u00f6k cs\u00fct\u00f6rt\u00f6k\u00f6n besz\u00e9lt telefonon err\u0151l Mark Rutte holland minisztereln\u00f6kkel, \u00e9s kifejtette, hogy Moszkva t\u00fal korainak \u00e9s a k\u00edv\u00e1nt hat\u00e1ssal ellent\u00e9tesnek tartja a kezdem\u00e9nyez\u00e9st.<br \/>\nA holland nyomoz\u00f3hat\u00f3s\u00e1gok v\u00e9gleges jelent\u00e9se v\u00e1rhat\u00f3an csak okt\u00f3berben ker\u00fcl nyilv\u00e1noss\u00e1gra, de a CNN h\u00edrtelev\u00edzi\u00f3 \u00fagy \u00e9rtes\u00fclt, a jelent\u00e9s tervezete szerint az \u00f6sszegy\u0171jt\u00f6tt bizony\u00edt\u00e9kokb\u00f3l arra lehet k\u00f6vetkeztetni, hogy a Moszkva-bar\u00e1t kelet-ukrajnai szakad\u00e1rok tehet\u0151k felel\u0151ss\u00e9 az MH-17-es j\u00e1rat trag\u00e9di\u00e1j\u00e1\u00e9rt. A CNN-t t\u00e1j\u00e9koztat\u00f3 forr\u00e1s szerint a t\u00f6bb sz\u00e1z oldalas jelent\u00e9s meg\u00e1llap\u00edtja, hogy egy orosz gy\u00e1rtm\u00e1ny\u00fa Buk t\u00edpus\u00fa f\u00f6ld-leveg\u0151 rak\u00e9t\u00e1val l\u0151tt\u00e9k le a g\u00e9pet egy, a l\u00e1zad\u00f3k ellen\u0151rz\u00e9se alatt \u00e1ll\u00f3 kelet-ukrajnai falub\u00f3l.<br \/>\nA news.com.au ausztr\u00e1l h\u00edrport\u00e1l cs\u00fct\u00f6rt\u00f6k\u00f6n, egy \u00e9vvel a trag\u00e9dia ut\u00e1n eddig nem l\u00e1tott felv\u00e9telt tett k\u00f6zz\u00e9, amelyet maguk a Moszkva-bar\u00e1t szakad\u00e1rok k\u00e9sz\u00edtettek a becsap\u00f3d\u00e1s helysz\u00edn\u00e9n, k\u00f6zvetlen\u00fcl a trag\u00e9dia ut\u00e1n. A fegyveresek a f\u00fcst\u00f6lg\u0151 \u00e9s \u00e9g\u0151 roncsok k\u00f6z\u00f6tt j\u00e1rva \u00e1tkutatj\u00e1k az \u00e1ldozatok poggy\u00e1sz\u00e1t, megpr\u00f3b\u00e1lj\u00e1k kider\u00edteni, hogy milyen g\u00e9p zuhant le, \u00e9s kik voltak az utasai.(MTI)<\/p>\n<p><strong><a title=\"Hely megnyit\u00e1sa\" href=\"http:\/\/edition.cnn.com\/2015\/07\/15\/politics\/mh17-pro-russian-missile-crash-ukraine\/index.html\" target=\"_blank\" rel=\"noopener\">http:\/\/edition.cnn.com\/2015\/07\/15\/politics\/mh17-pro-russian-missile-crash-ukraine\/index.html<\/a><\/strong><br \/>\n<strong><a title=\"Hely megnyit\u00e1sa\" href=\"http:\/\/www.unian.net\/politics\/1101736-poroshenko-prepyatstvovanie-tribunalu-po-mh17-predpolagaet-otvetstvennost-za-katastrofu.html\" target=\"_blank\" rel=\"noopener\">http:\/\/www.unian.net\/politics\/1101736-poroshenko-prepyatstvovanie-tribunalu-po-mh17-predpolagaet-otvetstvennost-za-katastrofu.html<\/a><\/strong><br \/>\n<strong><a title=\"Hely megnyit\u00e1sa\" href=\"http:\/\/www.news.com.au\/travel\/travel-updates\/never-before-seen-footage-reveals-russian-backed-rebels-arriving-at-the-wreckage-of-mh17\/story-fnizu68q-1227444676268\" target=\"_blank\" rel=\"noopener\">http:\/\/www.news.com.au\/travel\/travel-updates\/never-before-seen-footage-reveals-russian-backed-rebels-arriving-at-the-wreckage-of-mh17\/story-fnizu68q-1227444676268<\/a><\/strong><\/p><div id=\"gazda-2000439358\" class=\"gazda-tartalomban gazda-entity-placement\"><script async src=\"https:\/\/pagead2.googlesyndication.com\/pagead\/js\/adsbygoogle.js\"><\/script>\r\n<ins class=\"adsbygoogle\"\r\n     style=\"display:block\"\r\n     data-ad-format=\"fluid\"\r\n     data-ad-layout-key=\"-6t+ed+2i-1n-4w\"\r\n     data-ad-client=\"ca-pub-1959107119989764\"\r\n     data-ad-slot=\"4008251320\"><\/ins>\r\n<script>\r\n     (adsbygoogle = window.adsbygoogle || []).push({});\r\n<\/script><\/div>\n<p>&nbsp;<\/p>\n","protected":false},"excerpt":{"rendered":"<p>Az ukr\u00e1n \u00e1llamf\u0151 szerint Kijev hat\u00e1rozottan t\u00e1mogatja egy nemzetk\u00f6zi k\u00fcl\u00f6nb\u00edr\u00f3s\u00e1g fel\u00e1ll\u00edt\u00e1s\u00e1t az egy \u00e9vvel ezel\u0151tt Kelet-Ukrajn\u00e1ban lezuhant mal\u00e1j utassz\u00e1ll\u00edt\u00f3 trag\u00e9di\u00e1j\u00e1nak kivizsg\u00e1l\u00e1s\u00e1ra \u00e9s a felel\u0151sek megb\u00fcntet\u00e9s\u00e9re.<\/p>\n","protected":false},"author":1,"featured_media":0,"comment_status":"open","ping_status":"closed","sticky":false,"template":"","format":"standard","meta":[],"categories":[246],"tags":[],"_links":{"self":[{"href":"https:\/\/gazdasagportal.hu\/index.php\/wp-json\/wp\/v2\/posts\/64757"}],"collection":[{"href":"https:\/\/gazdasagportal.hu\/index.php\/wp-json\/wp\/v2\/posts"}],"about":[{"href":"https:\/\/gazdasagportal.hu\/index.php\/wp-json\/wp\/v2\/types\/post"}],"author":[{"embeddable":true,"href":"https:\/\/gazdasagportal.hu\/index.php\/wp-json\/wp\/v2\/users\/1"}],"replies":[{"embeddable":true,"href":"https:\/\/gazdasagportal.hu\/index.php\/wp-json\/wp\/v2\/comments?post=64757"}],"version-history":[{"count":1,"href":"https:\/\/gazdasagportal.hu\/index.php\/wp-json\/wp\/v2\/posts\/64757\/revisions"}],"predecessor-version":[{"id":64758,"href":"https:\/\/gazdasagportal.hu\/index.php\/wp-json\/wp\/v2\/posts\/64757\/revisions\/64758"}],"wp:attachment":[{"href":"https:\/\/gazdasagportal.hu\/index.php\/wp-json\/wp\/v2\/media?parent=64757"}],"wp:term":[{"taxonomy":"category","embeddable":true,"href":"https:\/\/gazdasagportal.hu\/index.php\/wp-json\/wp\/v2\/categories?post=64757"},{"taxonomy":"post_tag","embeddable":true,"href":"https:\/\/gazdasagportal.hu\/index.php\/wp-json\/wp\/v2\/tags?post=64757"}],"curies":[{"name":"wp","href":"https:\/\/api.w.org\/{rel}","templated":true}]}}