{"id":64755,"date":"2015-07-17T09:23:56","date_gmt":"2015-07-17T07:23:56","guid":{"rendered":"http:\/\/gazdasagportal.hu\/?p=64755"},"modified":"2015-07-17T06:25:02","modified_gmt":"2015-07-17T04:25:02","slug":"az-amerikai-kamatemeles-halogatasanak-veszelyeire-figyelmeztetett-a-fed-elnoke","status":"publish","type":"post","link":"https:\/\/gazdasagportal.hu\/index.php\/az-amerikai-kamatemeles-halogatasanak-veszelyeire-figyelmeztetett-a-fed-elnoke\/","title":{"rendered":"Az amerikai kamatemel\u00e9s halogat\u00e1s\u00e1nak vesz\u00e9lyeire figyelmeztetett a Fed eln\u00f6ke"},"content":{"rendered":"<p><strong>A kamatemel\u00e9s halogat\u00e1s\u00e1nak vesz\u00e9lyeit hangs\u00falyozta, s egy\u00fattal optimist\u00e1n nyilatkozott az Egyes\u00fclt \u00c1llamok gazdas\u00e1g\u00e1nak \u00e1llapot\u00e1r\u00f3l \u00e9s kil\u00e1t\u00e1sair\u00f3l Janet Yellen, az amerikai jegybank szerep\u00e9t bet\u00f6lt\u0151 Federal Reserve (Fed) eln\u00f6ke washingtoni szen\u00e1tusi meghallgat\u00e1s\u00e1n cs\u00fct\u00f6rt\u00f6k\u00f6n.<\/strong><!--more--><\/p>\n<div class=\"ads-in-post1\"><div id=\"gazdasagportal.hu_fullbanner_wideboard\"><\/div>\r\n<\/div>\n<p>    Yellen a t\u00f6rv\u00e9nyhoz\u00e1s fels\u0151h\u00e1z\u00e1nak bank\u00fcgyi bizotts\u00e1ga el\u0151tt k\u00f6z\u00f6lte: azt tartan\u00e1 helyesnek, ha a kamatemel\u00e9si ciklus megkezd\u00e9se k\u00f6r\u00fcltekint\u0151en, fokozatos \u00fctemben t\u00f6rt\u00e9nne meg, mivel annak mind halogat\u00e1sa, mind elsiet\u00e9se s\u00falyos kock\u00e1zatokkal j\u00e1r.<br \/>\n    A meghallgat\u00e1son t\u00f6bb szen\u00e1tor is azon aggodalm\u00e1nak adott hangot, hogy a kamatemel\u00e9s \u00e1rthat az orsz\u00e1g gazdas\u00e1gi n\u00f6veked\u00e9s\u00e9nek, s visszavetheti a foglalkoztat\u00e1s b\u0151v\u00edt\u00e9se \u00e9s a re\u00e1lb\u00e9rek emelked\u00e9se ter\u00e9n az ut\u00f3bbi id\u0151ben tapasztalt pozit\u00edv folyamatokat. Erre reag\u00e1lva a Fed-eln\u00f6k azt hangs\u00falyozta: ezekkel a kock\u00e1zatokkal tiszt\u00e1ban van, \u00e9s &#8222;r\u00e9szben emiatt tartottuk ilyen hossz\u00fa ideig ilyen alacsonyan a kamatl\u00e1bakat&#8221;. Ugyanakkor ha a Fed t\u00fal sok\u00e1ig v\u00e1r az emel\u00e9ssel, azzal &#8222;t\u00fall\u0151het&#8221; c\u00e9ljain &#8211; a teljes foglalkoztat\u00e1s el\u00e9r\u00e9s\u00e9n \u00e9s az infl\u00e1ci\u00f3 2 sz\u00e1zal\u00e9k k\u00f6r\u00fcl tart\u00e1s\u00e1n -, \u00e9s &#8222;nagyon \u00e9les, felforgat\u00f3 hat\u00e1s\u00fa&#8221; korrekci\u00f3ra k\u00e9nyszer\u00fclhet. Emellett ha tov\u00e1bbra is 0 sz\u00e1zal\u00e9k k\u00f6r\u00fcl tartja az alapkamatot, a Fed nem tud majd reag\u00e1lni, ha v\u00e1ratlan negat\u00edv hat\u00e1sok \u00e9rik a gazdas\u00e1got &#8211; sz\u00f6gezte le a Fed eln\u00f6ke.<br \/>\n    Yellen szerd\u00e1n egy m\u00e1sik kongresszusi meghallgat\u00e1son m\u00e1r meger\u0151s\u00edtette, hogy a Fed m\u00e9g az id\u00e9n elkezdheti kamatemel\u00e9si ciklus\u00e1t. A Federal Reserve utolj\u00e1ra 2006-ban emelt kamatot, 2008 v\u00e9ge &#8211; az orsz\u00e1got recesszi\u00f3ba tasz\u00edt\u00f3 p\u00e9nz\u00fcgyi v\u00e1ls\u00e1g kirobban\u00e1sa &#8211; \u00f3ta pedig v\u00e1ltozatlanul, 0-0,25 sz\u00e1zal\u00e9kos szinten \u00e1llnak az ir\u00e1nyad\u00f3 kamatl\u00e1bak.<br \/>\n    A Fed-eln\u00f6k a cs\u00fct\u00f6rt\u00f6ki meghallgat\u00e1son optimist\u00e1n nyilatkozott az amerikai gazdas\u00e1g \u00e1llapot\u00e1r\u00f3l, \u00fagy v\u00e9lte, hogy az alacsony olaj\u00e1rak \u00e9s a foglalkoztat\u00e1s folyamatos n\u00f6veked\u00e9se tov\u00e1bb hajtj\u00e1k majd a lakoss\u00e1gi fogyaszt\u00e1st, mik\u00f6zben a belf\u00f6ldi p\u00e9nz\u00fcgyi k\u00f6r\u00fclm\u00e9nyek \u00e9s a tengerent\u00fali \u00e1llamok (hasonl\u00f3an laza) monet\u00e1ris politik\u00e1ja is seg\u00edti az amerikai n\u00f6veked\u00e9st.<br \/>\n    Azt is lesz\u00f6gezte: a Fed az infl\u00e1ci\u00f3 fokozatos emelked\u00e9s\u00e9re sz\u00e1m\u00edt, de nem fog arra v\u00e1rni a kamatemel\u00e9ssel, hogy az el\u00e9rje a 2 sz\u00e1zal\u00e9kot.<br \/>\n    Yellen egy\u00fattal azt javasolta a t\u00f6rv\u00e9nyhoz\u00f3knak a meghallgat\u00e1son, hogy az oktat\u00e1sban v\u00e9ghezvitt, illetve az innov\u00e1ci\u00f3t \u00e9s a t\u0151kebefektet\u00e9seket el\u0151seg\u00edt\u0151 struktur\u00e1lis reformok \u00fatj\u00e1n \u00f6szt\u00f6n\u00f6zz\u00e9k el\u0151 az amerikai produktivit\u00e1s jelenleg t\u00fal lass\u00fa \u00fctem\u0171 b\u0151v\u00fcl\u00e9s\u00e9t, mivel csak \u00edgy lehet biztos\u00edtani a j\u00f6vedelmek stabil n\u00f6veked\u00e9s\u00e9t.<br \/>\n    Janet Yellen eddig is azt hangoztatta, hogy az amerikai gazdas\u00e1g j\u00f3 \u00faton halad, \u00e9s m\u00e9g az id\u00e9n elkezdhetik emelni a kamatokat. J\u00fanius elej\u00e9n a Nemzetk\u00f6zi Valutaalap (IMF) mindazon\u00e1ltal azt tan\u00e1csolta a Fednek, hogy az amerikai n\u00f6veked\u00e9s lassul\u00e1sa miatt halassza el kamatemel\u00e9si ciklus\u00e1nak megkezd\u00e9s\u00e9t 2016 els\u0151 fel\u00e9re.<br \/>\n    B\u00e1r a Fed kamatalak\u00edt\u00f3 test\u00fclet\u00e9nek egyes tagjai szint\u00e9n hajlanak a halaszt\u00e1sra, a test\u00fclet j\u00faniusi el\u0151rejelz\u00e9se alapj\u00e1n &#8211; amelyet szerd\u00e1n tettek k\u00f6zz\u00e9 &#8211; az \u00e9v v\u00e9g\u00e9ig k\u00e9t 25 b\u00e1zispontos emel\u00e9sre lehet sz\u00e1m\u00edtani, ezeket azonban egy lassabb \u00fctem\u0171 kamatemel\u00e9si ciklus k\u00f6veti majd.(MTI)<\/p>\n","protected":false},"excerpt":{"rendered":"<p>A kamatemel\u00e9s halogat\u00e1s\u00e1nak vesz\u00e9lyeit hangs\u00falyozta, s egy\u00fattal optimist\u00e1n nyilatkozott az Egyes\u00fclt \u00c1llamok gazdas\u00e1g\u00e1nak \u00e1llapot\u00e1r\u00f3l \u00e9s kil\u00e1t\u00e1sair\u00f3l Janet Yellen, az amerikai jegybank szerep\u00e9t bet\u00f6lt\u0151 Federal Reserve (Fed) eln\u00f6ke washingtoni szen\u00e1tusi meghallgat\u00e1s\u00e1n cs\u00fct\u00f6rt\u00f6k\u00f6n.<\/p>\n","protected":false},"author":1,"featured_media":18434,"comment_status":"open","ping_status":"closed","sticky":false,"template":"","format":"standard","meta":[],"categories":[146,246],"tags":[],"_links":{"self":[{"href":"https:\/\/gazdasagportal.hu\/index.php\/wp-json\/wp\/v2\/posts\/64755"}],"collection":[{"href":"https:\/\/gazdasagportal.hu\/index.php\/wp-json\/wp\/v2\/posts"}],"about":[{"href":"https:\/\/gazdasagportal.hu\/index.php\/wp-json\/wp\/v2\/types\/post"}],"author":[{"embeddable":true,"href":"https:\/\/gazdasagportal.hu\/index.php\/wp-json\/wp\/v2\/users\/1"}],"replies":[{"embeddable":true,"href":"https:\/\/gazdasagportal.hu\/index.php\/wp-json\/wp\/v2\/comments?post=64755"}],"version-history":[{"count":1,"href":"https:\/\/gazdasagportal.hu\/index.php\/wp-json\/wp\/v2\/posts\/64755\/revisions"}],"predecessor-version":[{"id":64756,"href":"https:\/\/gazdasagportal.hu\/index.php\/wp-json\/wp\/v2\/posts\/64755\/revisions\/64756"}],"wp:featuredmedia":[{"embeddable":true,"href":"https:\/\/gazdasagportal.hu\/index.php\/wp-json\/wp\/v2\/media\/18434"}],"wp:attachment":[{"href":"https:\/\/gazdasagportal.hu\/index.php\/wp-json\/wp\/v2\/media?parent=64755"}],"wp:term":[{"taxonomy":"category","embeddable":true,"href":"https:\/\/gazdasagportal.hu\/index.php\/wp-json\/wp\/v2\/categories?post=64755"},{"taxonomy":"post_tag","embeddable":true,"href":"https:\/\/gazdasagportal.hu\/index.php\/wp-json\/wp\/v2\/tags?post=64755"}],"curies":[{"name":"wp","href":"https:\/\/api.w.org\/{rel}","templated":true}]}}