{"id":64753,"date":"2015-07-17T08:21:44","date_gmt":"2015-07-17T06:21:44","guid":{"rendered":"http:\/\/gazdasagportal.hu\/?p=64753"},"modified":"2015-07-17T06:23:32","modified_gmt":"2015-07-17T04:23:32","slug":"hoseg-ma-mar-eletbe-lepett-a-hosegriado","status":"publish","type":"post","link":"https:\/\/gazdasagportal.hu\/index.php\/hoseg-ma-mar-eletbe-lepett-a-hosegriado\/","title":{"rendered":"H\u0151s\u00e9g &#8211; Ma m\u00e1r \u00e9letbe l\u00e9pett a h\u0151s\u00e9griad\u00f3"},"content":{"rendered":"<p><strong>\u00c9letbe l\u00e9pett az orsz\u00e1gos tiszti f\u0151orvos \u00e1ltal a tart\u00f3s k\u00e1nikula miatt p\u00e9ntekt\u0151l h\u00e9tf\u0151 d\u00e9lut\u00e1n 4 \u00f3r\u00e1ig elrendelt h\u0151s\u00e9griad\u00f3. Az Orsz\u00e1gos Meteorol\u00f3giai Szolg\u00e1lat a f\u0151v\u00e1rosra \u00e9s tizenk\u00e9t megy\u00e9re adta ki legmagasabb fok\u00fa piros figyelmeztet\u00e9s\u00e9t, h\u00e9t keleti megy\u00e9ben m\u00e1sodfok\u00fa figyelmeztet\u00e9s van \u00e9rv\u00e9nyben.<\/strong><!--more--><\/p>\n<div class=\"ads-in-post1\"><div id=\"gazdasagportal.hu_fullbanner_wideboard\"><\/div>\r\n<\/div>\n<p>    Az orsz\u00e1gos tiszti f\u0151orvos \u00e1ltal elrendelhet\u0151 legmagasabb harmadfok, akkor l\u00e9p \u00e9letbe, ha v\u00e1rhat\u00f3an legal\u00e1bb h\u00e1rom egym\u00e1st k\u00f6vet\u0151 napon el\u00e9ri vagy meghaladja a napi k\u00f6z\u00e9ph\u0151m\u00e9rs\u00e9klet a 27 Celsius-fokot.<br \/>\n    Az Orsz\u00e1gos Meteorol\u00f3giai Szolg\u00e1lat el\u0151rejelz\u00e9se szerint a k\u00f6vetkez\u0151 napokban egyre melegebb l\u00e9ghull\u00e1mok \u00e9rkeznek Magyarorsz\u00e1g f\u00f6l\u00e9. A h\u00e9tv\u00e9g\u00e9n a maximumh\u0151m\u00e9rs\u00e9klet helyenk\u00e9nt a 38-39 Celsius-fokot is el\u00e9rhet, m\u00edg a napi k\u00f6z\u00e9ph\u0151m\u00e9rs\u00e9klet 28-30 fok k\u00f6r\u00fcl, a nagyobb v\u00e1rosokban enn\u00e9l is magasabb lehet. A nagyon meleg nappalok mellett \u00e9jszak\u00e1nk\u00e9nt a nagyv\u00e1rosokban \u00e9s a magasabban fekv\u0151 ter\u00fcleteken sem cs\u00f6kken a h\u0151m\u00e9rs\u00e9klet 20 fok al\u00e1. A j\u00f6v\u0151 h\u00e9t elej\u00e9n \u00e9rkez\u0151 front hat\u00e1s\u00e1ra viszont \u00e1tmenetileg 2-3 fokot visszaesik a k\u00f6z\u00e9ph\u0151m\u00e9rs\u00e9klet.<br \/>\n    Az \u00c1llami N\u00e9peg\u00e9szs\u00e9g\u00fcgyi \u00e9s Tisztiorvosi Szolg\u00e1lat az Orsz\u00e1gos Katasztr\u00f3fav\u00e9delmi F\u0151igazgat\u00f3s\u00e1g azt k\u00e9ri, hogy az k\u00f6vetkez\u0151 napokban mindenki k\u00fcl\u00f6n\u00f6sen \u00fcgyeljen a fokozott folyad\u00e9kbevitelre, s ker\u00fclj\u00e9k a k\u00e1v\u00e9, az alkohol, a magas koffein \u00e9s cukortartalm\u00fa \u00fcd\u00edt\u0151k \u00e9s zs\u00edros \u00e9telek fogyaszt\u00e1s\u00e1t. Felh\u00edvt\u00e1k a figyelmet tov\u00e1bb\u00e1, hogy a nagy melegben vannak k\u00fcl\u00f6n\u00f6sen vesz\u00e9lyeztetett csoportok, ilyenek p\u00e9ld\u00e1ul a kisgyermekek, az id\u0151sek, valamint a sz\u00edv- \u00e9s \u00e9rrendszeri betegs\u00e9gben szenved\u0151k. Ezzel egy\u00fctt kiemelt\u00e9k, hogy az \u00e1tlagosn\u00e1l melegebb id\u0151j\u00e1r\u00e1s megterhel\u0151 az eg\u00e9szs\u00e9ges szervezetre is, b\u00e1rkin\u00e9l okozhat eg\u00e9szs\u00e9g\u00fcgyi panaszokat, dekoncentr\u00e1ci\u00f3t.<br \/>\n    Azt aj\u00e1nlj\u00e1k, hogy 11 \u00e9s 15 \u00f3ra k\u00f6z\u00f6tt lehet\u0151s\u00e9g szerint mindenki h\u00faz\u00f3djon \u00e1rny\u00e9kba. Eml\u00e9keztettek tov\u00e1bb\u00e1, hogy a katasztr\u00f3fav\u00e9delmi igazgat\u00f3s\u00e1gok weboldal\u00e1n el\u00e9rhet\u0151 az olyan l\u00e9gkondicion\u00e1lt helyis\u00e9gek list\u00e1ja, amelyeket &#8211; nyitva tart\u00e1suk f\u00fcggv\u00e9ny\u00e9ben &#8211; b\u00e1rki ig\u00e9nybe vehet.<br \/>\n    Az Orsz\u00e1gos Meteorol\u00f3gia Szolg\u00e1lat, valamint az \u00c1NTSZ h\u0151s\u00e9g miatti figyelmeztet\u00e9s\u00e9nek k\u00fcl\u00f6nb\u00f6z\u0151 krit\u00e9riumai vannak.<br \/>\n    Az \u00c1NTSZ h\u00e1rom figyelmeztet\u00e9si fokozatot rendelhet el. A legmagasabb, harmadfok\u00fa jelz\u00e9s a h\u0151s\u00e9griad\u00f3. Ennek felt\u00e9tele, hogy a meteorol\u00f3giai el\u0151rejelz\u00e9sek szerint a napi k\u00f6z\u00e9ph\u0151m\u00e9rs\u00e9klet legal\u00e1bb h\u00e1rom egym\u00e1st k\u00f6vet\u0151 napon el\u00e9rje a 27 fokot. Ez a k\u00e1nikulahelyzet az err\u0151l sz\u00f3l\u00f3 korm\u00e1nyrendelet szerint &#8222;rendk\u00edv\u00fcli id\u0151j\u00e1r\u00e1si helyzetnek&#8221; sz\u00e1m\u00edt, amely rendk\u00edv\u00fcli int\u00e9zked\u00e9sek elrendel\u00e9s\u00e9t is indokolja.<br \/>\n    A meteorol\u00f3giai szolg\u00e1lat h\u0151s\u00e9g miatt riaszt\u00e1st nem, csak figyelmeztet\u00e9st ad ki. Ut\u00f3bbi az eg\u00e9sz napra v\u00e1rhat\u00f3 napi k\u00f6z\u00e9ph\u0151m\u00e9rs\u00e9kleten alapul. Citroms\u00e1rga, vagyis els\u0151fok\u00fa, ha egy megy\u00e9ben a napi k\u00f6z\u00e9ph\u0151m\u00e9rs\u00e9klet meghaladja a 25 fokot. Narancss\u00e1rga, m\u00e1sodfok\u00fa, ha a napi k\u00f6z\u00e9ph\u0151m\u00e9rs\u00e9klet tart\u00f3san 25 fok felett alakul, esetleg a 27 fokot is meghaladja. A piros, a harmadfok\u00fa figyelmeztet\u00e9s krit\u00e9riuma, hogy a napi k\u00f6z\u00e9ph\u0151m\u00e9rs\u00e9klet tart\u00f3san 27 Celsius-fok felett legyen.<br \/>\n    A meteorol\u00f3giai szolg\u00e1lat p\u00e9ntekre a legmagasabb fok\u00fa, piros figyelmeztet\u00e9st adott ki a f\u0151v\u00e1rosra, valamint Pest, Baranya, B\u00e1cs-Kiskun, Csongr\u00e1d, Fej\u00e9r, Gy\u0151r-Moson-Sopron, Kom\u00e1rom-Esztergom, Somogy, Tolna, Vas, Veszpr\u00e9m \u00e9s Zala megy\u00e9re, ezeken a ter\u00fcleteken a napi k\u00f6z\u00e9ph\u0151m\u00e9rs\u00e9klet tart\u00f3san 27 fok felett alakulhat. H\u00e9t keleti megy\u00e9re pedig m\u00e1sodfok\u00fa figyelmeztet\u00e9st adtak ki.<br \/>\n    Orsz\u00e1gos, k\u00f6z\u00e9pt\u00e1v\u00fa el\u0151rejelz\u00e9s\u00fck szerint a h\u00e9tv\u00e9g\u00e9n fokoz\u00f3dik a k\u00e1nikula, t\u00f6bb helyen 40 Celsius-fok k\u00f6zeli melegre lehet sz\u00e1m\u00edtani, de elsz\u00f3rtan z\u00e1porok, zivatarok is lehetnek.<br \/>\n    A Magyar K\u00f6z\u00fat Nonprofit Zrt. k\u00f6zlem\u00e9ny\u00e9ben arra h\u00edvta fel a figyelmet, hogy az idei \u00e9v harmadik h\u0151hull\u00e1ma ism\u00e9t a balatoni forgalom n\u00f6veked\u00e9s\u00e9t okozhatja.(MTI)<\/p>\n","protected":false},"excerpt":{"rendered":"<p>\u00c9letbe l\u00e9pett az orsz\u00e1gos tiszti f\u0151orvos \u00e1ltal a tart\u00f3s k\u00e1nikula miatt p\u00e9ntekt\u0151l h\u00e9tf\u0151 d\u00e9lut\u00e1n 4 \u00f3r\u00e1ig elrendelt h\u0151s\u00e9griad\u00f3. Az Orsz\u00e1gos Meteorol\u00f3giai Szolg\u00e1lat a f\u0151v\u00e1rosra \u00e9s tizenk\u00e9t megy\u00e9re adta ki legmagasabb fok\u00fa piros figyelmeztet\u00e9s\u00e9t, h\u00e9t keleti megy\u00e9ben m\u00e1sodfok\u00fa figyelmeztet\u00e9s van \u00e9rv\u00e9nyben.<\/p>\n","protected":false},"author":1,"featured_media":0,"comment_status":"open","ping_status":"closed","sticky":false,"template":"","format":"standard","meta":[],"categories":[4,151],"tags":[],"_links":{"self":[{"href":"https:\/\/gazdasagportal.hu\/index.php\/wp-json\/wp\/v2\/posts\/64753"}],"collection":[{"href":"https:\/\/gazdasagportal.hu\/index.php\/wp-json\/wp\/v2\/posts"}],"about":[{"href":"https:\/\/gazdasagportal.hu\/index.php\/wp-json\/wp\/v2\/types\/post"}],"author":[{"embeddable":true,"href":"https:\/\/gazdasagportal.hu\/index.php\/wp-json\/wp\/v2\/users\/1"}],"replies":[{"embeddable":true,"href":"https:\/\/gazdasagportal.hu\/index.php\/wp-json\/wp\/v2\/comments?post=64753"}],"version-history":[{"count":1,"href":"https:\/\/gazdasagportal.hu\/index.php\/wp-json\/wp\/v2\/posts\/64753\/revisions"}],"predecessor-version":[{"id":64754,"href":"https:\/\/gazdasagportal.hu\/index.php\/wp-json\/wp\/v2\/posts\/64753\/revisions\/64754"}],"wp:attachment":[{"href":"https:\/\/gazdasagportal.hu\/index.php\/wp-json\/wp\/v2\/media?parent=64753"}],"wp:term":[{"taxonomy":"category","embeddable":true,"href":"https:\/\/gazdasagportal.hu\/index.php\/wp-json\/wp\/v2\/categories?post=64753"},{"taxonomy":"post_tag","embeddable":true,"href":"https:\/\/gazdasagportal.hu\/index.php\/wp-json\/wp\/v2\/tags?post=64753"}],"curies":[{"name":"wp","href":"https:\/\/api.w.org\/{rel}","templated":true}]}}