{"id":64650,"date":"2015-07-15T13:09:23","date_gmt":"2015-07-15T11:09:23","guid":{"rendered":"http:\/\/gazdasagportal.hu\/?p=64650"},"modified":"2015-07-15T13:09:23","modified_gmt":"2015-07-15T11:09:23","slug":"munkacsi-lovoldozes-kijevi-hirek-szerint-moszkalt-neveztek-ki-karpatalja-uj-kormanyzojava","status":"publish","type":"post","link":"https:\/\/gazdasagportal.hu\/index.php\/munkacsi-lovoldozes-kijevi-hirek-szerint-moszkalt-neveztek-ki-karpatalja-uj-kormanyzojava\/","title":{"rendered":"Munk\u00e1csi l\u00f6v\u00f6ld\u00f6z\u00e9s \u2013 Kijevi h\u00edrek szerint Moszkalt nevezt\u00e9k ki K\u00e1rp\u00e1talja \u00faj korm\u00e1nyz\u00f3j\u00e1v\u00e1"},"content":{"rendered":"<p><strong>T\u00f6bb ukr\u00e1n m\u00e9dium \u00e9rtes\u00fcl\u00e9se szerint Hennagyij Moszkalt, a kelet-ukrajnai Luhanszk megye katonai-polg\u00e1ri k\u00f6zigazgat\u00e1s\u00e1nak a vezet\u0151j\u00e9t nevezt\u00e9k ki szerd\u00e1n a nyugat-ukrajnai K\u00e1rp\u00e1talja megye korm\u00e1nyz\u00f3j\u00e1v\u00e1.<\/strong><!--more--><\/p>\n<div class=\"ads-in-post1\"><div id=\"gazdasagportal.hu_fullbanner_wideboard\"><\/div>\r\n<\/div>\n<p>    Igor Kononenko parlamenti k\u00e9pvisel\u0151, az ukr\u00e1n eln\u00f6k nev\u00e9vel f\u00e9mjelzett Petro Porosenko Blokk (BPP) p\u00e1rtt\u00f6m\u00f6r\u00fcl\u00e9s parlamenti frakci\u00f3j\u00e1nak els\u0151 eln\u00f6khelyettese bejelentette, hogy Hennagyij Moszkal lett a K\u00e1rp\u00e1talja megyei \u00e1llami k\u00f6zigazgat\u00e1si hivatal \u00faj eln\u00f6ke.<br \/>\n    A honatya \u00fajs\u00e1g\u00edr\u00f3i k\u00e9rd\u00e9sre v\u00e1laszolva mondta el, hogy m\u00e1r megvan az \u00faj korm\u00e1nyz\u00f3 Moszkal szem\u00e9ly\u00e9ben, \u00e9s megvan a kinevez\u00e9sr\u0151l sz\u00f3l\u00f3 rendelet is \u2013 adta h\u00edr\u00fcl a 112.ua ukr\u00e1n h\u00edrport\u00e1l.<br \/>\n    Valerij Packan, a BPP k\u00e1rp\u00e1taljai parlamenti k\u00e9pvisel\u0151je az Apostrophe.com.ua ukr\u00e1n h\u00edroldalnak nyilatkozva azt mondta, a h\u00edr, amely szerint Hennagyij Moszkal lett K\u00e1rp\u00e1talja megye \u00faj korm\u00e1nyz\u00f3ja, megfelel a val\u00f3s\u00e1gnak.<br \/>\n    A 112.ua megkeres\u00e9s\u00e9re Moszkal nem volt hajland\u00f3 sem c\u00e1folni, sem meger\u0151s\u00edteni a kinevez\u00e9s\u00e9r\u0151l sz\u00f3l\u00f3 \u00e9rtes\u00fcl\u00e9st.<br \/>\n    Hennagyij Moszkal rend\u0151rt\u00e1bornok 2001\u20132002-ben m\u00e1r bet\u00f6lt\u00f6tte a korm\u00e1nyz\u00f3i tiszts\u00e9get K\u00e1rp\u00e1talj\u00e1n. El\u0151tte t\u00f6bb \u00e9vig a megye rend\u0151rparancsnoka volt.<br \/>\n    A K\u00e1rp\u00e1talja megye vezet\u00e9s\u00e9ben v\u00e1rhat\u00f3 szem\u00e9lyi v\u00e1ltoz\u00e1sokr\u00f3l azt k\u00f6vet\u0151en r\u00f6ppentek fel h\u00edrek, hogy Munk\u00e1cson szombaton h\u00e1rom hal\u00e1los \u00e1ldozatot k\u00f6vetel\u0151 fegyveres \u00f6sszet\u0171z\u00e9s robbant ki a Jobboldali Szektor (PSZ) sz\u00e9ls\u0151s\u00e9ges szervezet emberei \u00e9s Mihajlo Lanyo ellenz\u00e9ki parlamenti k\u00e9pvisel\u0151 test\u0151rs\u00e9ge k\u00f6z\u00f6tt. A konfliktus h\u00e1tter\u00e9ben sokan a csemp\u00e9szpiac feloszt\u00e1sa k\u00f6r\u00fcli vit\u00e1t sejtik. Arszenyij Jacenyuk korm\u00e1nyf\u0151 ez\u00e9rt kedden utas\u00edt\u00e1st adott a k\u00e1rp\u00e1taljai v\u00e1mparancsnoks\u00e1g vezet\u0151inek lev\u00e1lt\u00e1s\u00e1ra.<br \/>\n    Kijevi bejelent\u00e9s szerint m\u00e9g szerd\u00e1n K\u00e1rp\u00e1talj\u00e1ra utazik Porosenko \u00e1llamf\u0151, aki a tervek szerint Ungv\u00e1ron beiktatja K\u00e1rp\u00e1talja megye korm\u00e1nyz\u00f3i tiszts\u00e9g\u00e9be Hennagyij Moszkalt, aki Vaszil Hubalt, a megye jelenlegi els\u0151 ember\u00e9t v\u00e1ltja majd a poszton.<br \/>\n    Vaszil Hubal szerd\u00e1n egy nyilatkozat\u00e1ban azt mondta, hogy Munk\u00e1cson \u00e9s K\u00e1rp\u00e1talj\u00e1n nyugalom van, a hat\u00f3s\u00e1gok a v\u00e1rosban \u00e9s a megye eg\u00e9sz ter\u00fclet\u00e9n ellen\u0151rz\u00e9s\u00fck alatt tartj\u00e1k a helyzetet, \u00e9s azt hangoztatta, hogy korm\u00e1nyz\u00f3k\u00e9nt mindig k\u00fczd\u00f6tt a csemp\u00e9szet ellen.<br \/>\n    A kelet-ukrajnai Luhanszk megye \u00e9s a szomsz\u00e9dos Donyeck megye egy r\u00e9sze a m\u00falt \u00e9v eleje \u00f3ta az ukr\u00e1n fegyveres er\u0151k \u00e9s az oroszbar\u00e1t szakad\u00e1rok k\u00f6z\u00f6tti fegyveres konfliktus sz\u00edntere. A harcoknak az id\u00e9n febru\u00e1ri minszki t\u0171zsz\u00fcneti meg\u00e1llapod\u00e1s volt hivatott v\u00e9get vetni, az egyezm\u00e9ny megk\u00f6t\u00e9se \u00f3ta sz\u00f3rv\u00e1nyos \u00f6sszecsap\u00e1sok zajlanak a t\u00e9rs\u00e9gben.(MTI)<\/p>\n","protected":false},"excerpt":{"rendered":"<p>T\u00f6bb ukr\u00e1n m\u00e9dium \u00e9rtes\u00fcl\u00e9se szerint Hennagyij Moszkalt, a kelet-ukrajnai Luhanszk megye katonai-polg\u00e1ri k\u00f6zigazgat\u00e1s\u00e1nak a vezet\u0151j\u00e9t nevezt\u00e9k ki szerd\u00e1n a nyugat-ukrajnai K\u00e1rp\u00e1talja megye korm\u00e1nyz\u00f3j\u00e1v\u00e1.<\/p>\n","protected":false},"author":1,"featured_media":0,"comment_status":"open","ping_status":"closed","sticky":false,"template":"","format":"standard","meta":[],"categories":[139],"tags":[],"_links":{"self":[{"href":"https:\/\/gazdasagportal.hu\/index.php\/wp-json\/wp\/v2\/posts\/64650"}],"collection":[{"href":"https:\/\/gazdasagportal.hu\/index.php\/wp-json\/wp\/v2\/posts"}],"about":[{"href":"https:\/\/gazdasagportal.hu\/index.php\/wp-json\/wp\/v2\/types\/post"}],"author":[{"embeddable":true,"href":"https:\/\/gazdasagportal.hu\/index.php\/wp-json\/wp\/v2\/users\/1"}],"replies":[{"embeddable":true,"href":"https:\/\/gazdasagportal.hu\/index.php\/wp-json\/wp\/v2\/comments?post=64650"}],"version-history":[{"count":1,"href":"https:\/\/gazdasagportal.hu\/index.php\/wp-json\/wp\/v2\/posts\/64650\/revisions"}],"predecessor-version":[{"id":64651,"href":"https:\/\/gazdasagportal.hu\/index.php\/wp-json\/wp\/v2\/posts\/64650\/revisions\/64651"}],"wp:attachment":[{"href":"https:\/\/gazdasagportal.hu\/index.php\/wp-json\/wp\/v2\/media?parent=64650"}],"wp:term":[{"taxonomy":"category","embeddable":true,"href":"https:\/\/gazdasagportal.hu\/index.php\/wp-json\/wp\/v2\/categories?post=64650"},{"taxonomy":"post_tag","embeddable":true,"href":"https:\/\/gazdasagportal.hu\/index.php\/wp-json\/wp\/v2\/tags?post=64650"}],"curies":[{"name":"wp","href":"https:\/\/api.w.org\/{rel}","templated":true}]}}