{"id":64646,"date":"2015-07-15T11:42:47","date_gmt":"2015-07-15T09:42:47","guid":{"rendered":"http:\/\/gazdasagportal.hu\/?p=64646"},"modified":"2015-07-15T11:42:47","modified_gmt":"2015-07-15T09:42:47","slug":"irani-atomprogram-kulfoldi-sajto-a-megallapodasrol-financial-times-belga-es-francia-lapok","status":"publish","type":"post","link":"https:\/\/gazdasagportal.hu\/index.php\/irani-atomprogram-kulfoldi-sajto-a-megallapodasrol-financial-times-belga-es-francia-lapok\/","title":{"rendered":"Ir\u00e1ni atomprogram &#8211; K\u00fclf\u00f6ldi sajt\u00f3 a meg\u00e1llapod\u00e1sr\u00f3l &#8211; Financial Times, belga \u00e9s francia lapok"},"content":{"rendered":"<p><strong> A Financial Times brit gazdas\u00e1gi, politikai napilap szerdai eur\u00f3pai kiad\u00e1sa kiemeli: h\u00e1romszoros hurr\u00e1 a t\u00f6k\u00e9letlen meg\u00e1llapod\u00e1snak, mert minden m\u00e1s lehet\u0151s\u00e9g rosszabb lett volna.<\/strong><!--more--><\/p>\n<div class=\"ads-in-post1\"><div id=\"gazdasagportal.hu_fullbanner_wideboard\"><\/div>\r\n<\/div>\n<p>    A szerz\u0151, Philip Stephens szerint a folyamatos cs\u00fasz\u00e1sok, a k\u00f6lcs\u00f6n\u00f6s gyanakv\u00e1s miatt v\u00e1rhat\u00f3 volt, hogy a meg\u00e1llapod\u00e1s ki\u00e1br\u00e1nd\u00edt\u00f3 lesz, de a t\u00f6rt\u00e9nelem val\u00f3sz\u00edn\u0171leg pozit\u00edvabban \u00edt\u00e9li majd meg az egyezs\u00e9get.<br \/>\n    A lap az izraeli reag\u00e1l\u00e1sr\u00f3l megjegyzi: Benj\u00e1min Netanjahu minisztereln\u00f6k tiltakoz\u00e1sa egyre hangosabb, \u00e9s bizonyos \u00e9rtelemben t\u00e9veszm\u00e9s, amikor azt mondja, hogy Ir\u00e1n meg akarja h\u00f3d\u00edtani a vil\u00e1got.<br \/>\n    &#8222;Netanjahu v\u00e1lasza az ir\u00e1ni atomprogramra mindig is az volt, hogy \u00fajabb h\u00e1bor\u00fat kell ind\u00edtani&#8221; &#8211; \u00edrja a lap.<br \/>\n    Barack Obama a szerz\u0151 szerint abban b\u00edzik, hogy a meg\u00e1llapod\u00e1s politikai \u00f6r\u00f6ks\u00e9g\u00e9nek r\u00e9sze lesz, mert m\u00edg el\u0151dje h\u00e1bor\u00fakkal akarta \u00e1talak\u00edtani a geopolitikai realit\u00e1sokat, Obama c\u00e9lja annak bizony\u00edt\u00e1sa, hogy a diplom\u00e1cia, m\u00e9g ha k\u00e9nyszer\u00edt\u0151 jelleg\u0171 is, alkalmasabb erre a feladatra.<br \/>\n    Stephens szerint nem szabad figyelmen k\u00edv\u00fcl hagyni az alku hi\u00e1nyoss\u00e1gait. \u00dagy v\u00e9li p\u00e9ld\u00e1ul, hogy az \u00faj, szigor\u00fa ellen\u0151rz\u0151 rendszer dac\u00e1ra Ir\u00e1n esetleg folytathatja titkos, had\u00e1szati c\u00e9l\u00fa atomprogramj\u00e1t, mert hirtelen t\u00f6bb t\u00edzmilli\u00e1rd doll\u00e1rhoz, \u00e9s olyan technol\u00f3gi\u00e1khoz f\u00e9r majd hozz\u00e1, amelyekhez eddig nem tudott, s ha megszegi \u00edg\u00e9ret\u00e9t, ut\u00e1na m\u00e1r neh\u00e9z lesz vissza\u00e1ll\u00edtani a hat\u00e9kony szankci\u00f3kat. Amelyek ugyanakkor eddig sem nagyon akad\u00e1lyozt\u00e1k Ir\u00e1nt atomprogramj\u00e1ban; Teher\u00e1n megsz\u00e1zszorozta ur\u00e1ncentrifug\u00e1i sz\u00e1m\u00e1t, amerikai sz\u00e1m\u00edt\u00e1sok szerint pedig 3 h\u00f3napra ker\u00fclt att\u00f3l, hogy atomfegyverhez sz\u00fcks\u00e9ges mennyis\u00e9g\u0171 hasad\u00f3anyagot \u00e1ll\u00edtson el\u0151.<br \/>\n    Az egyezs\u00e9g ugyanakkor rendk\u00edv\u00fcli m\u00f3don megnehez\u00edti, hogy Ir\u00e1n kib\u00fav\u00f3t tal\u00e1ljon, s \u00e9sszer\u0171 azt rem\u00e9lni, hogy az alku megv\u00e1ltoztatja a teher\u00e1ni motiv\u00e1ci\u00f3kat.<br \/>\n    &#8222;Ha visszat\u00e9r a nemzetk\u00f6zi k\u00f6z\u00f6ss\u00e9gbe, mi\u00e9rt akarna Ir\u00e1n, s f\u0151leg az ir\u00e1ni n\u00e9p visszat\u00e9rni a szankci\u00f3s sz\u00e1m\u0171zet\u00e9sbe, vagy mi\u00e9rt kock\u00e1ztatna egy amerikai t\u00e1mad\u00e1st nukle\u00e1ris l\u00e9tes\u00edtm\u00e9nyei ellen?&#8221; &#8211; teszi fel a k\u00e9rd\u00e9st Stephens, aki szerint a meg\u00e1llapod\u00e1s az ir\u00e1ni pragmatikusoknak kedvez, s megv\u00e1ltoztathatja a r\u00e9gi\u00f3 er\u0151viszonyait. Id\u0151vel a rezsim r\u00e1j\u00f6het, hogy jobban j\u00e1r, ha a t\u00e9rs\u00e9get s\u00fajt\u00f3 megannyi konfliktus b\u00e9k\u00e9sen rendez\u0151dik &#8211; \u00edrja a Financial Times.<br \/>\n    A lap \u00fagy v\u00e9li, hogy a r\u00e9gi\u00f3t jelenleg kaotikus er\u0151szak s\u00fajtja, s csak a region\u00e1lis hatalmak t\u00e1mogat\u00e1sa r\u00e9v\u00e9n lehet helyre\u00e1ll\u00edtani a rendet.<br \/>\n    Az \u00fajs\u00e1g azt is megjegyzi, hogy az optimist\u00e1k m\u00e9ltatj\u00e1k, hogy amerikai, eur\u00f3pai, orosz \u00e9s k\u00ednai egy\u00fcttm\u0171k\u00f6d\u00e9ssel j\u00f6tt l\u00e9tre a meg\u00e1llapod\u00e1s, \u00e9s ez a j\u00f6v\u0151ben is minta lehet. A leger\u0151sebb \u00e9rv viszont a meg\u00e1llapod\u00e1s mellett az, hogy enn\u00e9l nem volt jobb lehet\u0151s\u00e9g, minden m\u00e1s opci\u00f3 rosszabb.<br \/>\n    &#8222;Ir\u00e1n nukle\u00e1ris k\u00e9pess\u00e9geit nem lehet megsz\u00fcntetni, sem sz\u00e9tbomb\u00e1zni, csak abban lehet b\u00edzni, hogy meggy\u0151zhet\u0151 arr\u00f3l, hogy jobb neki bomba n\u00e9lk\u00fcl&#8221; &#8211; \u00edrja Philip Stephens, megjegyezve, hogy az alku megtorped\u00f3z\u00e1s\u00e1ra k\u00e9sz\u00fcl\u0151 amerikai politikusoknak van b\u0151ven okuk nem szeretni a meg\u00e1llapod\u00e1st, csak \u00e9ppen nekik sincs hiteles alternat\u00edv\u00e1juk ehelyett.<br \/>\n    Belgium m\u00e1sodik legnagyobb p\u00e9ld\u00e1nysz\u00e1m\u00fa francia nyelv\u0171 napilapja, a La Libre Belgique t\u00f6rt\u00e9nelminek nevezi az ir\u00e1ni meg\u00e1llapod\u00e1st, amely lehet\u0151v\u00e9 teszi, hogy az iszl\u00e1m k\u00f6zt\u00e1rsas\u00e1g \u00fajra a nemzetk\u00f6zi k\u00f6z\u00f6ss\u00e9g tagja lehessen.<br \/>\n    A szankci\u00f3k elt\u00f6rl\u00e9se j\u00f3 h\u00edr az ir\u00e1ni gazdas\u00e1g sz\u00e1m\u00e1ra &#8211; \u00e1llap\u00edtja meg a lap, amely szerint ez komoly siker mind az ir\u00e1ni, mind a nemzetk\u00f6zi, s kiemelten az amerikai diplom\u00e1cia sz\u00e1m\u00e1ra. Elemz\u00e9s\u00e9ben a lap arra is kit\u00e9r, hogy Barack Obama amerikai eln\u00f6knek m\u00e9g a kongresszussal is meg kell v\u00edvnia a politikai csat\u00e1t (a meg\u00e1llapod\u00e1s elfogadtat\u00e1sa \u00e9rdek\u00e9ben), s az egyezs\u00e9g akkor lesz csak teljes siker Amerika sz\u00e1m\u00e1ra, ha m\u0171k\u00f6dik.<br \/>\n    R\u00e1mutat arra is, hogy az \u00fczleti szf\u00e9ra m\u00e1r a rajtvonaln\u00e1l \u00e1ll, belga c\u00e9gek k\u00f6z\u00fcl is sokan v\u00e1rj\u00e1k, hogy bel\u00e9phessenek a szankci\u00f3k felold\u00e1s\u00e1t k\u00f6vet\u0151en az ir\u00e1ni piacra, t\u00f6bben m\u00e1r az elm\u00falt m\u00e1sf\u00e9l \u00e9vben megtett\u00e9k az els\u0151 tapogat\u00f3z\u00f3 gazdas\u00e1gdiplom\u00e1ciai l\u00e9p\u00e9seket is.<br \/>\n    A francia lapok Barack Obama amerikai eln\u00f6k szem\u00e9lyes gy\u0151zelmek\u00e9nt \u00e9rt\u00e9kelt\u00e9k szerd\u00e1n a b\u00e9csi \u00e1llapod\u00e1st, amely Ir\u00e1nnak pedig lehet\u0151v\u00e9 teszi, hogy visszat\u00e9rjen a region\u00e1lis \u00e9s nemzetk\u00f6zi politikai sz\u00ednt\u00e9rre.<br \/>\n    Szerkeszt\u0151s\u00e9gi \u00edr\u00e1s\u00e1ban a Lib\u00e9ration t\u00f6rt\u00e9nelminek nevezi a meg\u00e1llapod\u00e1st. A baloldali francia lap szerint ez vitathatatlanul Barack Obama \u00e9s Haszan R\u00f3h\u00e1ni ir\u00e1ni eln\u00f6k szem\u00e9lyes sikere. A Lib\u00e9ration \u00e9s a konzervat\u00edv Le Figaro szerint is az egyezs\u00e9g egyben Ir\u00e1n &#8222;nagy visszat\u00e9r\u00e9snek a kezdete&#8221;. A Le Figaro szerint nemcsak az\u00e9rt t\u00f6rt\u00e9nelmi a meg\u00e1llapod\u00e1s, mert a szankci\u00f3k felold\u00e1s\u00e1\u00e9rt cser\u00e9ben garant\u00e1lja az ir\u00e1ni atomprogram b\u00e9k\u00e9s jelleg\u00e9t, hanem az\u00e9rt is, mert visszahelyez a nemzetk\u00f6zi sz\u00ednt\u00e9rre egy komoly j\u00e1t\u00e9kost a K\u00f6zel-Keleten.<br \/>\n     A Les \u00c9chos c\u00edm\u0171 vezet\u0151 gazdas\u00e1gi lap arra h\u00edvta fel a figyelmet, hogy Teher\u00e1n szalonk\u00e9pes partnerr\u00e9 v\u00e1lik, export\u00e1lhatja az olaj\u00e1t \u00e9s fogadhatja a k\u00fclf\u00f6ldi befektet\u0151ket. A lap szerint a francia c\u00e9gek k\u00f6z\u00fcl els\u0151sorban az aut\u00f3ipar j\u00e1r majd j\u00f3l a 80 milli\u00f3 lakos\u00fa orsz\u00e1gban, ahova a 2012-ben kivonult Renault \u00e9s Peugeot-Citroen v\u00e9gre visszat\u00e9rhet. Egy ir\u00e1ni v\u00e1llalattal m\u00e1r folynak a t\u00e1rgyal\u00e1sok \u00e9vente 400 ezer j\u00e1rm\u0171 gy\u00e1rt\u00e1s\u00e1r\u00f3l &#8211; \u00edrja a lap, amely szerint a Total olajipari c\u00e9g, amely val\u00f3j\u00e1ban soha nem v\u00e1gta el a sz\u00e1lakat, szint\u00e9n jelent\u0151s befektet\u00e9sre k\u00e9sz\u00fcl. Rajtuk k\u00edv\u00fcl az Airbus, a Danon \u00e9s az LVMH luxusc\u00e9g lehetnek a meg\u00e1llapod\u00e1s potenci\u00e1lis gy\u0151ztesei. A katolikus La Croix szerint a szankci\u00f3k felold\u00e1s\u00e1val megindulhat egy gazdas\u00e1gilag leromlott orsz\u00e1g \u00e1talakul\u00e1sa, s b\u00edzni lehet a politikai nyit\u00e1sban, \u00e9s Ir\u00e1n diplom\u00e1ciai kibontakoz\u00e1s\u00e1ban a kaotikus t\u00e9rs\u00e9gben.(MTI)<\/p>\n","protected":false},"excerpt":{"rendered":"<p>A Financial Times brit gazdas\u00e1gi, politikai napilap szerdai eur\u00f3pai kiad\u00e1sa kiemeli: h\u00e1romszoros hurr\u00e1 a t\u00f6k\u00e9letlen meg\u00e1llapod\u00e1snak, mert minden m\u00e1s lehet\u0151s\u00e9g rosszabb lett volna.<\/p>\n","protected":false},"author":1,"featured_media":49388,"comment_status":"open","ping_status":"closed","sticky":false,"template":"","format":"standard","meta":[],"categories":[146,16],"tags":[],"_links":{"self":[{"href":"https:\/\/gazdasagportal.hu\/index.php\/wp-json\/wp\/v2\/posts\/64646"}],"collection":[{"href":"https:\/\/gazdasagportal.hu\/index.php\/wp-json\/wp\/v2\/posts"}],"about":[{"href":"https:\/\/gazdasagportal.hu\/index.php\/wp-json\/wp\/v2\/types\/post"}],"author":[{"embeddable":true,"href":"https:\/\/gazdasagportal.hu\/index.php\/wp-json\/wp\/v2\/users\/1"}],"replies":[{"embeddable":true,"href":"https:\/\/gazdasagportal.hu\/index.php\/wp-json\/wp\/v2\/comments?post=64646"}],"version-history":[{"count":1,"href":"https:\/\/gazdasagportal.hu\/index.php\/wp-json\/wp\/v2\/posts\/64646\/revisions"}],"predecessor-version":[{"id":64647,"href":"https:\/\/gazdasagportal.hu\/index.php\/wp-json\/wp\/v2\/posts\/64646\/revisions\/64647"}],"wp:featuredmedia":[{"embeddable":true,"href":"https:\/\/gazdasagportal.hu\/index.php\/wp-json\/wp\/v2\/media\/49388"}],"wp:attachment":[{"href":"https:\/\/gazdasagportal.hu\/index.php\/wp-json\/wp\/v2\/media?parent=64646"}],"wp:term":[{"taxonomy":"category","embeddable":true,"href":"https:\/\/gazdasagportal.hu\/index.php\/wp-json\/wp\/v2\/categories?post=64646"},{"taxonomy":"post_tag","embeddable":true,"href":"https:\/\/gazdasagportal.hu\/index.php\/wp-json\/wp\/v2\/tags?post=64646"}],"curies":[{"name":"wp","href":"https:\/\/api.w.org\/{rel}","templated":true}]}}