{"id":64640,"date":"2015-07-15T09:27:23","date_gmt":"2015-07-15T07:27:23","guid":{"rendered":"http:\/\/gazdasagportal.hu\/?p=64640"},"modified":"2015-07-15T09:27:23","modified_gmt":"2015-07-15T07:27:23","slug":"munkacsi-lovoldozes-szakerto-az-ukran-allam-vegre-fellephet-a-jobboldali-szektor-ellen","status":"publish","type":"post","link":"https:\/\/gazdasagportal.hu\/index.php\/munkacsi-lovoldozes-szakerto-az-ukran-allam-vegre-fellephet-a-jobboldali-szektor-ellen\/","title":{"rendered":"Munk\u00e1csi l\u00f6v\u00f6ld\u00f6z\u00e9s &#8211; Szak\u00e9rt\u0151: az ukr\u00e1n \u00e1llam v\u00e9gre fell\u00e9phet a Jobboldali Szektor ellen"},"content":{"rendered":"<p><strong>Az ukr\u00e1n \u00e1llam sz\u00e1m\u00e1ra elj\u00f6tt az id\u0151, hogy fell\u00e9pjen a Jobboldali Szektor (PSZ) nev\u0171 sz\u00e9ls\u0151s\u00e9ges szervezet ellen, a munk\u00e1csi esem\u00e9nyek az oligarch\u00e1k csemp\u00e9sz\u00e9sb\u0151l sz\u00e1rmaz\u00f3 j\u00f6vedelm\u00e9re is felh\u00edvhatj\u00e1k a figyelmet &#8211; mondta P\u00f3ti L\u00e1szl\u00f3, a K\u00fcl\u00fcgyi \u00e9s K\u00fclgazdas\u00e1gi int\u00e9zet vezet\u0151 kutat\u00f3ja az M1 aktu\u00e1lis csatorna m\u0171sor\u00e1ban szerd\u00e1n.<\/strong><!--more--><\/p>\n<div class=\"ads-in-post1\"><div id=\"gazdasagportal.hu_fullbanner_wideboard\"><\/div>\r\n<\/div>\n<p>    P\u00f3ti L\u00e1szl\u00f3 azt mondta: az orosz-ukr\u00e1n h\u00e1bor\u00fa alatt t\u00f6bb mint h\u00fasz, \u00fagynevezett &#8222;\u00f6nk\u00e9ntes z\u00e1szl\u00f3alj&#8221; alakult, \u00e1m ezek t\u00f6bbs\u00e9ge betagoz\u00f3dott az ukr\u00e1n rendfenntart\u00f3 er\u0151kbe, vezet\u0151ik nagy t\u00f6bbs\u00e9ge pedig politikus lett. Siker\u00fclt \u0151ket &#8222;domesztik\u00e1lni&#8221;, a Jobboldali Szektor (PSZ) kiv\u00e9tel\u00e9vel &#8211; tette hozz\u00e1.<br \/>\n    A munk\u00e1csi esem\u00e9nyeket szinte minden ukr\u00e1n forr\u00e1s \u00fagy \u00e9rtelmezi, hogy a csemp\u00e9sz\u00e9shez kapcsol\u00f3dnak, a legval\u00f3sz\u00edn\u0171bb forgat\u00f3k\u00f6nyv az, hogy k\u00e9t gazdag, helyi be\u00e1gyazotts\u00e1g\u00fa politikus, Viktor Baloga \u00e9s Mihajlo Lanyo k\u00f6z\u00f6tti &#8222;\u00fczleti vit\u00e1r\u00f3l&#8221; van sz\u00f3. El\u0151bbinek van test\u0151rs\u00e9ge, ut\u00f3bbir\u00f3l pedig t\u00f6bben \u00fagy tekintik, hogy \u0151 finansz\u00edrozza a PSZ-t &#8211; tette hozz\u00e1.<br \/>\n    P\u00f3ti L\u00e1szl\u00f3 szerint a munk\u00e1csi esem\u00e9nyek pozit\u00edv olvasata lehet, hogy felsz\u00ednre ker\u00fclt, amit eddig senki nem bolygatott: ukr\u00e1n oligarch\u00e1k \u00e9s politikusok csak cigarettacsemp\u00e9sz\u00e9sb\u0151l \u00f3ri\u00e1si nyeres\u00e9gre, \u00e9ves szinten t\u00f6bb milli\u00f3 doll\u00e1rra tesznek szert.<br \/>\n    A szak\u00e9rt\u0151 szerint most j\u00f6tt el az ideje, hogy az ukr\u00e1n \u00e1llam &#8222;bedar\u00e1lja&#8221; a Jobboldali Szektort. Szerinte ehhez a sz\u00fcks\u00e9ges er\u0151 is megvan, mivel a szervezet t\u00e1mogatotts\u00e1ga margin\u00e1lis, az el\u0151z\u0151 v\u00e1laszt\u00e1sokon m\u00e1sf\u00e9l sz\u00e1zal\u00e9k k\u00f6r\u00fcl volt. Hangs\u00falyozta: nem becs\u00fcli le, hogy 3-4 ezer fegyveres\u00fck lehet, de most &#8222;odacsaphat&#8221; az ukr\u00e1n \u00e1llam. N\u00e9gyen m\u00e1r \u0151rizetben vannak a PSZ tagjai k\u00f6z\u00fcl, k\u00e9t v\u00e1dpont mer\u00fclhet fel vel\u00fck szemben, a szervezett b\u0171n\u00f6z\u00e9s \u00e9s a terrorizmus. Elindult a jogi proced\u00fara a szervezet egyes tagjaival szemben, ami az eg\u00e9sz szervezetre hat\u00e1ssal lehet &#8211; mondta.<br \/>\n    Szombaton t\u0171zharc t\u00f6rt ki Munk\u00e1cson egy sportl\u00e9tes\u00edtm\u00e9nyn\u00e9l a Jobboldali Szektor (PSZ) sz\u00e9ls\u0151s\u00e9ges szervezet fegyveresei \u00e9s az ukr\u00e1n parlament egyik k\u00e1rp\u00e1taljai k\u00e9pvisel\u0151j\u00e9nek emberei, valamint a helysz\u00ednre \u00e9rkez\u0151 rend\u0151r\u00f6k k\u00f6z\u00f6tt. A l\u00f6v\u00f6ld\u00f6z\u00e9s az eddigi adatok szerint h\u00e1rom hal\u00e1los \u00e1ldozatot k\u00f6vetelt, sokan megsebes\u00fcltek.(MTI)<\/p>\n","protected":false},"excerpt":{"rendered":"<p>Az ukr\u00e1n \u00e1llam sz\u00e1m\u00e1ra elj\u00f6tt az id\u0151, hogy fell\u00e9pjen a Jobboldali Szektor (PSZ) nev\u0171 sz\u00e9ls\u0151s\u00e9ges szervezet ellen, a munk\u00e1csi esem\u00e9nyek az oligarch\u00e1k csemp\u00e9sz\u00e9sb\u0151l sz\u00e1rmaz\u00f3 j\u00f6vedelm\u00e9re is felh\u00edvhatj\u00e1k a figyelmet &#8211; mondta P\u00f3ti L\u00e1szl\u00f3, a K\u00fcl\u00fcgyi \u00e9s K\u00fclgazdas\u00e1gi int\u00e9zet vezet\u0151 kutat\u00f3ja az M1 aktu\u00e1lis csatorna m\u0171sor\u00e1ban szerd\u00e1n.<\/p>\n","protected":false},"author":1,"featured_media":0,"comment_status":"open","ping_status":"closed","sticky":false,"template":"","format":"standard","meta":[],"categories":[139],"tags":[],"_links":{"self":[{"href":"https:\/\/gazdasagportal.hu\/index.php\/wp-json\/wp\/v2\/posts\/64640"}],"collection":[{"href":"https:\/\/gazdasagportal.hu\/index.php\/wp-json\/wp\/v2\/posts"}],"about":[{"href":"https:\/\/gazdasagportal.hu\/index.php\/wp-json\/wp\/v2\/types\/post"}],"author":[{"embeddable":true,"href":"https:\/\/gazdasagportal.hu\/index.php\/wp-json\/wp\/v2\/users\/1"}],"replies":[{"embeddable":true,"href":"https:\/\/gazdasagportal.hu\/index.php\/wp-json\/wp\/v2\/comments?post=64640"}],"version-history":[{"count":1,"href":"https:\/\/gazdasagportal.hu\/index.php\/wp-json\/wp\/v2\/posts\/64640\/revisions"}],"predecessor-version":[{"id":64641,"href":"https:\/\/gazdasagportal.hu\/index.php\/wp-json\/wp\/v2\/posts\/64640\/revisions\/64641"}],"wp:attachment":[{"href":"https:\/\/gazdasagportal.hu\/index.php\/wp-json\/wp\/v2\/media?parent=64640"}],"wp:term":[{"taxonomy":"category","embeddable":true,"href":"https:\/\/gazdasagportal.hu\/index.php\/wp-json\/wp\/v2\/categories?post=64640"},{"taxonomy":"post_tag","embeddable":true,"href":"https:\/\/gazdasagportal.hu\/index.php\/wp-json\/wp\/v2\/tags?post=64640"}],"curies":[{"name":"wp","href":"https:\/\/api.w.org\/{rel}","templated":true}]}}