{"id":64631,"date":"2015-07-15T07:44:15","date_gmt":"2015-07-15T05:44:15","guid":{"rendered":"http:\/\/gazdasagportal.hu\/?p=64631"},"modified":"2015-07-15T07:15:00","modified_gmt":"2015-07-15T05:15:00","slug":"lassabb-amerikai-novekedesre-kisebb-hianyra-szamit-a-feher-haz","status":"publish","type":"post","link":"https:\/\/gazdasagportal.hu\/index.php\/lassabb-amerikai-novekedesre-kisebb-hianyra-szamit-a-feher-haz\/","title":{"rendered":"Lassabb amerikai n\u00f6veked\u00e9sre, kisebb hi\u00e1nyra sz\u00e1m\u00edt a Feh\u00e9r H\u00e1z"},"content":{"rendered":"<p><strong>A kor\u00e1bban v\u00e1rtn\u00e1l lassabb \u00fctemben, id\u00e9n 2, j\u00f6v\u0151re 2,9 sz\u00e1zal\u00e9kkal fog n\u00f6vekedni az Egyes\u00fclt \u00c1llamok gazdas\u00e1ga, ugyanakkor az amerikai sz\u00f6vets\u00e9gi k\u00f6lts\u00e9gvet\u00e9s hi\u00e1nya szint\u00e9n alacsonyabb lesz a v\u00e1rakoz\u00e1sokn\u00e1l &#8211; k\u00f6z\u00f6lte kedden friss\u00edtett el\u0151rejelz\u00e9s\u00e9ben a washingtoni Feh\u00e9r H\u00e1z.<\/strong><!--more--><\/p>\n<div class=\"ads-in-post1\"><div id=\"gazdasagportal.hu_fullbanner_wideboard\"><\/div>\r\n<\/div>\n<p>    Az eln\u00f6ki hivatal k\u00f6lts\u00e9gvet\u00e9si irod\u00e1j\u00e1nak legut\u00f3bbi, febru\u00e1rban k\u00f6zz\u00e9tett elemz\u00e9se m\u00e9g 3 sz\u00e1zal\u00e9kos n\u00f6veked\u00e9st j\u00f3solt 2015-re \u00e9s 2016-ra is. Azonban miut\u00e1n az idei \u00e9v els\u0151 negyed\u00e9v\u00e9ben &#8211; egyebek mellett a szok\u00e1sosn\u00e1l kem\u00e9nyebb t\u00e9l miatt &#8211; a v\u00e1rakoz\u00e1sokkal ellent\u00e9tben 0,2 sz\u00e1zal\u00e9kkal cs\u00f6kkent az Egyes\u00fclt \u00c1llamok brutt\u00f3 hazai term\u00e9ke, a Feh\u00e9r H\u00e1z lefel\u00e9 volt k\u00e9nytelen m\u00f3dos\u00edtani az el\u0151rejelz\u00e9st.<br \/>\n    Az \u00faj el\u0151rejelz\u00e9s sz\u00e1mai alapvet\u0151en megegyeznek a f\u00fcggetlen k\u00f6zgazd\u00e1szok \u00e1ltal j\u00f3soltakkal &#8211; jegyezte meg az amerikai \u00fczleti sajt\u00f3.<br \/>\n    Ugyanakkor a friss\u00edtett sz\u00e1mokb\u00f3l az is kider\u00fclt, hogy a tervezettn\u00e9l j\u00f3val alacsonyabb k\u00f6lts\u00e9gvet\u00e9si hi\u00e1nyra lehet sz\u00e1m\u00edtani a szeptember 30-ig tart\u00f3 2015-\u00f6s p\u00e9nz\u00fcgyi \u00e9vben. A Feh\u00e9r H\u00e1z eredetileg 583 milli\u00e1rd doll\u00e1ros deficitet prognosztiz\u00e1lt, de enn\u00e9l a mostani adatok szerint j\u00f3 20 sz\u00e1zal\u00e9kkal, azaz 128 milli\u00e1rd doll\u00e1rral alacsonyabb, 455 milli\u00e1rd doll\u00e1ros hi\u00e1ny v\u00e1rhat\u00f3. J\u00f6v\u0151re szint\u00e9n jobban alakulhat a sz\u00f6vets\u00e9gi k\u00f6lts\u00e9gvet\u00e9s egyenlege a kor\u00e1bbi el\u0151rejelz\u00e9sekn\u00e9l, az eln\u00f6ki hivatal sz\u00e1m\u00edt\u00e1sai szerint 429 milli\u00e1rd doll\u00e1r, azaz a GDP 2,3 sz\u00e1zal\u00e9ka lesz a 2016. \u00e9vi deficit.<br \/>\n    Az amerikai sz\u00f6vets\u00e9gi b\u00fcdzs\u00e9 hi\u00e1nya 2009-ben, a p\u00e9nz\u00fcgyi v\u00e1ls\u00e1g &#8211; illetve az annak ellens\u00falyoz\u00e1s\u00e1ra eszk\u00f6z\u00f6lt fisk\u00e1lis \u00e9l\u00e9nk\u00edt\u00e9s &#8211; k\u00f6zepette 1,41 milli\u00e1rd doll\u00e1ron, azaz az akkori GDP 9,8 sz\u00e1zal\u00e9k\u00e1n tet\u0151z\u00f6tt. Az el\u0151rejelz\u00e9s szerint az idei lesz Barack Obama 2009-ben kezd\u0151d\u00f6tt eln\u00f6ks\u00e9g\u00e9nek legtakar\u00e9kosabb \u00e9ve.<br \/>\n    A jobb hi\u00e1nyadatok els\u0151sorban az ad\u00f3bev\u00e9telek n\u00f6veked\u00e9s\u00e9nek k\u00f6sz\u00f6nhet\u0151ek. Id\u00e9n a v\u00e1rtn\u00e1l 72 milli\u00e1rddal, j\u00f6v\u0151re 56 milli\u00e1rddal t\u00f6bb bev\u00e9tel folyhat be a sz\u00f6vets\u00e9gi kassz\u00e1ba a Feh\u00e9r H\u00e1z v\u00e1rakoz\u00e1sai szerint.(MTI)<\/p>\n","protected":false},"excerpt":{"rendered":"<p>A kor\u00e1bban v\u00e1rtn\u00e1l lassabb \u00fctemben, id\u00e9n 2, j\u00f6v\u0151re 2,9 sz\u00e1zal\u00e9kkal fog n\u00f6vekedni az Egyes\u00fclt \u00c1llamok gazdas\u00e1ga, ugyanakkor az amerikai sz\u00f6vets\u00e9gi k\u00f6lts\u00e9gvet\u00e9s hi\u00e1nya szint\u00e9n alacsonyabb lesz a v\u00e1rakoz\u00e1sokn\u00e1l &#8211; k\u00f6z\u00f6lte kedden friss\u00edtett el\u0151rejelz\u00e9s\u00e9ben a washingtoni Feh\u00e9r H\u00e1z.<\/p>\n","protected":false},"author":1,"featured_media":0,"comment_status":"open","ping_status":"closed","sticky":false,"template":"","format":"standard","meta":[],"categories":[246],"tags":[],"_links":{"self":[{"href":"https:\/\/gazdasagportal.hu\/index.php\/wp-json\/wp\/v2\/posts\/64631"}],"collection":[{"href":"https:\/\/gazdasagportal.hu\/index.php\/wp-json\/wp\/v2\/posts"}],"about":[{"href":"https:\/\/gazdasagportal.hu\/index.php\/wp-json\/wp\/v2\/types\/post"}],"author":[{"embeddable":true,"href":"https:\/\/gazdasagportal.hu\/index.php\/wp-json\/wp\/v2\/users\/1"}],"replies":[{"embeddable":true,"href":"https:\/\/gazdasagportal.hu\/index.php\/wp-json\/wp\/v2\/comments?post=64631"}],"version-history":[{"count":1,"href":"https:\/\/gazdasagportal.hu\/index.php\/wp-json\/wp\/v2\/posts\/64631\/revisions"}],"predecessor-version":[{"id":64632,"href":"https:\/\/gazdasagportal.hu\/index.php\/wp-json\/wp\/v2\/posts\/64631\/revisions\/64632"}],"wp:attachment":[{"href":"https:\/\/gazdasagportal.hu\/index.php\/wp-json\/wp\/v2\/media?parent=64631"}],"wp:term":[{"taxonomy":"category","embeddable":true,"href":"https:\/\/gazdasagportal.hu\/index.php\/wp-json\/wp\/v2\/categories?post=64631"},{"taxonomy":"post_tag","embeddable":true,"href":"https:\/\/gazdasagportal.hu\/index.php\/wp-json\/wp\/v2\/tags?post=64631"}],"curies":[{"name":"wp","href":"https:\/\/api.w.org\/{rel}","templated":true}]}}