{"id":64623,"date":"2015-07-14T18:58:44","date_gmt":"2015-07-14T16:58:44","guid":{"rendered":"http:\/\/gazdasagportal.hu\/?p=64623"},"modified":"2015-07-14T17:29:34","modified_gmt":"2015-07-14T15:29:34","slug":"fidesz-mukodik-az-adocsokkentesek-politikaja","status":"publish","type":"post","link":"https:\/\/gazdasagportal.hu\/index.php\/fidesz-mukodik-az-adocsokkentesek-politikaja\/","title":{"rendered":"Fidesz: m\u0171k\u00f6dik az ad\u00f3cs\u00f6kkent\u00e9sek politik\u00e1ja"},"content":{"rendered":"<p><strong>A Fidesz szerint m\u0171k\u00f6dik az ad\u00f3cs\u00f6kkent\u00e9sek politik\u00e1ja, amely t\u00f6bb p\u00e9nzt hagy a munkav\u00e1llal\u00f3kn\u00e1l \u00e9s biztos\u00edtja a gazdas\u00e1gi n\u00f6veked\u00e9st, ez\u00e9rt kitartanak mellette.<\/strong><!--more--><\/p>\n<div class=\"ads-in-post1\"><div id=\"gazdasagportal.hu_fullbanner_wideboard\"><\/div>\r\n<\/div>\n<p>    A nagyobbik korm\u00e1nyp\u00e1rt keddi, MTI-hez eljuttatott k\u00f6zlem\u00e9nye szerint c\u00e9ljuk, hogy a magyarok fizess\u00e9k Eur\u00f3p\u00e1ban a legalacsonyabb szem\u00e9lyi j\u00f6vedelemad\u00f3t. Felh\u00edvt\u00e1k a figyelmet arra, hogy a baloldal korm\u00e1nyz\u00e1sa alatt a munkav\u00e1llal\u00f3k \u00e1tlagosan 32 sz\u00e1zal\u00e9kos szem\u00e9lyi j\u00f6vedelemad\u00f3t fizettek, de politik\u00e1juk nem m\u0171k\u00f6d\u00f6tt: cs\u00f6kkentettek a fizet\u00e9sek, elszeg\u00e9ny\u00edtett\u00e9k a csal\u00e1dokat \u00e9s t\u00f6nkretett\u00e9k a gazdas\u00e1got.<br \/>\n    A Fidesz ezzel szemben 2010 ut\u00e1n az uni\u00f3 egyik legalacsonyabb szem\u00e9lyi j\u00f6vedelemad\u00f3-kulcs\u00e1t vezette be, mik\u00f6zben a legt\u00f6bb orsz\u00e1g ad\u00f3emel\u00e9sekbe kezdett, a reform pedig m\u0171k\u00f6dik: a fizet\u00e9sek n\u0151ttek, t\u00f6bben dolgoznak \u00e9s a tart\u00f3s gazdas\u00e1gi n\u00f6veked\u00e9s m\u00e1r lehet\u0151v\u00e9 teszi a tov\u00e1bbi ad\u00f3cs\u00f6kkent\u00e9st is. Jelezt\u00e9k, hogy janu\u00e1rt\u00f3l 15 sz\u00e1zal\u00e9kra cs\u00f6kkentik a szem\u00e9lyi j\u00f6vedelemad\u00f3t, ezzel 2011 \u00e9s 2016 k\u00f6z\u00f6tt \u00f6sszesen 2300 milli\u00e1rd forintot hagynak a munkav\u00e1llal\u00f3kn\u00e1l.(MTI)<\/p>\n","protected":false},"excerpt":{"rendered":"<p>A Fidesz szerint m\u0171k\u00f6dik az ad\u00f3cs\u00f6kkent\u00e9sek politik\u00e1ja, amely t\u00f6bb p\u00e9nzt hagy a munkav\u00e1llal\u00f3kn\u00e1l \u00e9s biztos\u00edtja a gazdas\u00e1gi n\u00f6veked\u00e9st, ez\u00e9rt kitartanak mellette.<\/p>\n","protected":false},"author":1,"featured_media":0,"comment_status":"open","ping_status":"closed","sticky":false,"template":"","format":"standard","meta":[],"categories":[19],"tags":[],"_links":{"self":[{"href":"https:\/\/gazdasagportal.hu\/index.php\/wp-json\/wp\/v2\/posts\/64623"}],"collection":[{"href":"https:\/\/gazdasagportal.hu\/index.php\/wp-json\/wp\/v2\/posts"}],"about":[{"href":"https:\/\/gazdasagportal.hu\/index.php\/wp-json\/wp\/v2\/types\/post"}],"author":[{"embeddable":true,"href":"https:\/\/gazdasagportal.hu\/index.php\/wp-json\/wp\/v2\/users\/1"}],"replies":[{"embeddable":true,"href":"https:\/\/gazdasagportal.hu\/index.php\/wp-json\/wp\/v2\/comments?post=64623"}],"version-history":[{"count":1,"href":"https:\/\/gazdasagportal.hu\/index.php\/wp-json\/wp\/v2\/posts\/64623\/revisions"}],"predecessor-version":[{"id":64624,"href":"https:\/\/gazdasagportal.hu\/index.php\/wp-json\/wp\/v2\/posts\/64623\/revisions\/64624"}],"wp:attachment":[{"href":"https:\/\/gazdasagportal.hu\/index.php\/wp-json\/wp\/v2\/media?parent=64623"}],"wp:term":[{"taxonomy":"category","embeddable":true,"href":"https:\/\/gazdasagportal.hu\/index.php\/wp-json\/wp\/v2\/categories?post=64623"},{"taxonomy":"post_tag","embeddable":true,"href":"https:\/\/gazdasagportal.hu\/index.php\/wp-json\/wp\/v2\/tags?post=64623"}],"curies":[{"name":"wp","href":"https:\/\/api.w.org\/{rel}","templated":true}]}}