{"id":64613,"date":"2015-07-14T15:16:47","date_gmt":"2015-07-14T13:16:47","guid":{"rendered":"http:\/\/gazdasagportal.hu\/?p=64613"},"modified":"2015-07-14T15:16:47","modified_gmt":"2015-07-14T13:16:47","slug":"irani-atomprogram-megszuletett-a-megallapodast-az-irani-atomprogramrol","status":"publish","type":"post","link":"https:\/\/gazdasagportal.hu\/index.php\/irani-atomprogram-megszuletett-a-megallapodast-az-irani-atomprogramrol\/","title":{"rendered":"Ir\u00e1ni atomprogram &#8211; Megsz\u00fcletett a meg\u00e1llapod\u00e1st az ir\u00e1ni atomprogramr\u00f3l"},"content":{"rendered":"<p><strong>Hivatalosan is j\u00f3v\u00e1hagyt\u00e1k kedden az Ir\u00e1n \u00e9s a hatok (az ENSZ BT \u00f6t \u00e1lland\u00f3 tagja \u00e9s N\u00e9metorsz\u00e1g) k\u00f6z\u00f6tt l\u00e9trej\u00f6tt az ir\u00e1ni atomprogramr\u00f3l sz\u00f3l\u00f3 meg\u00e1llapod\u00e1st &#8211; jelentette be Federica Mogherini, az EU k\u00fcl- \u00e9s biztons\u00e1gpolitikai f\u0151k\u00e9pvisel\u0151je \u00e9s Dzsavad Zarif ir\u00e1ni k\u00fcl\u00fcgyminiszter kedden B\u00e9csben.<\/strong><!--more--><\/p>\n<div class=\"ads-in-post1\"><div id=\"gazdasagportal.hu_fullbanner_wideboard\"><\/div>\r\n<\/div>\n<p>    A nagy jelent\u0151s\u00e9g\u0171 meg\u00e1llapod\u00e1st a Teher\u00e1n atomprogramja k\u00f6r\u00fcl Ir\u00e1n \u00e9s a hatok elnevez\u00e9s\u0171 orsz\u00e1gcsoport (az ENSZ BT \u00f6t \u00e1lland\u00f3 tagja \u00e9s N\u00e9metorsz\u00e1g) k\u00f6z\u00f6tt tizenh\u00e1rom \u00e9ve fenn\u00e1ll\u00f3 vit\u00e1t k\u00f6vet\u0151en fogadt\u00e1k el a felek. A most bejelentett egyezm\u00e9ny c\u00e9lja annak szavatol\u00e1sa, hogy az ir\u00e1ni nukle\u00e1ris programot nem haszn\u00e1lj\u00e1k katonai c\u00e9lokra. E k\u00f6telezetts\u00e9g\u00e9rt cser\u00e9ben a nemzetk\u00f6zi k\u00f6z\u00f6ss\u00e9g fokozatosan feloldja a Teher\u00e1n ellen bevezetett gazdas\u00e1gi b\u00fcntet\u0151int\u00e9zked\u00e9seket.<br \/>\n    Mogherini t\u00f6rt\u00e9nelmi napr\u00f3l besz\u00e9lt \u00e9s kijelentette: a meg\u00e1llapod\u00e1s az\u00e9rt fontos, mert a bizalom meger\u0151s\u00edt\u00e9s\u00e9ben seg\u00edt.<br \/>\n    Dzsavad Zarif k\u00fcl\u00fcgyminiszter B\u00e9csben az Ir\u00e1n \u00e9s a hatok elnevez\u00e9s\u0171 orsz\u00e1gcsoporttal k\u00f6t\u00f6tt meg\u00e1llapod\u00e1s kapcs\u00e1n kijelentette, &#8222;\u00faj fejezet ny\u00edlik&#8221; orsz\u00e1ga \u00e9s a nagyhatalmak k\u00f6z\u00f6tt.<br \/>\n    Ir\u00e1n \u00edg\u00e9retet tett, hogy az ur\u00e1nd\u00fas\u00edt\u00e1shoz haszn\u00e1latos nagyteljes\u00edtm\u00e9ny\u0171 centrifug\u00e1k sz\u00e1m\u00e1t t\u00edz \u00e9ven bel\u00fcl k\u00e9tharmad\u00e1ra cs\u00f6kkenti. Egy B\u00e9csben kedden bemutatott ir\u00e1ni dokumentum szerint a natanzi l\u00e9tes\u00edtm\u00e9nyben 5060, a ford\u00f3i nukle\u00e1ris komplexumban tov\u00e1bbi 1044 maradhat, azonban ezeket nem haszn\u00e1lhatj\u00e1k ur\u00e1nd\u00fas\u00edt\u00e1shoz. Jelenleg Ir\u00e1nban 19 ezer centrifuga van, azonban ezek k\u00f6z\u00fcl kevesebb mint t\u00edzezer m\u0171k\u00f6dik.<br \/>\n    A meg\u00e1llapod\u00e1s szerint az Ir\u00e1n elleni nemzetk\u00f6zi szankci\u00f3kat legkor\u00e1bban 2016-t\u00f3l l\u00e9p\u00e9senk\u00e9nt oldj\u00e1k fel, \u00e9s amennyiben az orsz\u00e1g v\u00e9t a r\u00f6gz\u00edtett k\u00f6telezetts\u00e9gei ellen, a szankci\u00f3k ism\u00e9telten \u00e9letbe l\u00e9pnek &#8211; k\u00f6z\u00f6lte egy B\u00e9csben tart\u00f3zkod\u00f3 francia diplomata. T\u00e1j\u00e9koztat\u00e1sa szerint a Nemzetk\u00f6zi Atomenergia-\u00fcgyn\u00f6ks\u00e9g (NA\u00dc) v\u00e1rhat\u00f3an december k\u00f6zep\u00e9n \u00f6ssze\u00fcl, hogy m\u00e9rlegelje, betartotta-e Teher\u00e1n v\u00e1llalt k\u00f6telezetts\u00e9geit, \u00e9s amennyiben az ENSZ szakos\u00edtott szervezete z\u00f6ld utat ad, feloldj\u00e1k a k\u00e9nyszerint\u00e9zked\u00e9sek egy r\u00e9sz\u00e9t.<br \/>\n    Haszan R\u00f3h\u00e1ni ir\u00e1ni eln\u00f6k keddi Twitter-\u00fczenet\u00e9ben \u00fagy v\u00e9lte, hogy a meg\u00e1llapod\u00e1ssal &#8222;megold\u00f3dott egy v\u00e1ls\u00e1g, amely nem volt sz\u00fcks\u00e9gszer\u0171&#8221;, \u00e9s most k\u00f6z\u00f6sen koncentr\u00e1lhatnak olyan kih\u00edv\u00e1sokra, mint p\u00e9ld\u00e1ul az Iszl\u00e1m \u00c1llam nev\u0171 dzsihadista fegyveres szervezet elleni fell\u00e9p\u00e9s. Hozz\u00e1tette, hogy &#8222;a meg\u00e1llapod\u00e1s \u00e9p\u00edt\u0151 jelleg\u0171 mindk\u00e9t f\u00e9lnek&#8221;.<br \/>\n    Amano Jukija, a Nemzetk\u00f6zi Atomenergia-\u00fcgyn\u00f6ks\u00e9g f\u0151igazgat\u00f3ja kedden k\u00f6z\u00f6lte: &#8222;menetrendet&#8221; \u00edrt al\u00e1 a NA\u00dc \u00e9s Ir\u00e1n kedden azzal a c\u00e9llal, hogy az \u00e9v v\u00e9g\u00e9ig tiszt\u00e1zz\u00e1k az ir\u00e1ni atomprogram kapcs\u00e1n fenn\u00e1ll\u00f3 nyitott k\u00e9rd\u00e9seket. A f\u0151igazgat\u00f3 2015. december 15-ig rendelkez\u00e9sre bocs\u00e1tja a v\u00e9gs\u0151 \u00e9rt\u00e9kel\u00e9s\u00e9t a jelenlegi \u00e9s m\u00faltbeli rendezetlen k\u00e9rd\u00e9sek megold\u00e1s\u00e1nak. K\u00f6z\u00f6lte: b\u00edzik abban, hogy a NA\u00dc k\u00e9pes fel\u00fcgyelni a vitatott ir\u00e1ni nukle\u00e1ris programr\u00f3l sz\u00f3l\u00f3 egyezs\u00e9gben foglaltak betart\u00e1s\u00e1t. T\u00e1j\u00e9koztat\u00e1sa szerint a NA\u00dc &#8222;k\u00fcl\u00f6n megegyez\u00e9s&#8221; keret\u00e9ben enged\u00e9lyt kapott a Teher\u00e1nt\u00f3l 20 kilom\u00e9terrel d\u00e9lkeletre tal\u00e1lhat\u00f3 parcsini katonai t\u00e1maszponton t\u00f6rt\u00e9n\u0151 vizsg\u00e1l\u00f3d\u00e1sra.<br \/>\n    A most bejelentett meg\u00e1llapod\u00e1s komoly belpolitikai sikert jelent az ir\u00e1ni eln\u00f6k sz\u00e1m\u00e1ra. Roh\u00e1ni el\u0151tt azonban \u00fajabb kih\u00edv\u00e1sok \u00e1llnak, m\u00e9gpedig hogy a szankci\u00f3k felold\u00e1s\u00e1val hozz\u00e1 tud-e j\u00e1rulni Ir\u00e1n gazdas\u00e1gi stabiliz\u00e1l\u00f3d\u00e1shoz. Teher\u00e1n b\u00edzik abban, hogy a nemzetk\u00f6zi p\u00e9nz\u00fcgyi tranzakci\u00f3khoz val\u00f3 hozz\u00e1f\u00e9r\u00e9se \u00e9s kereskedelmi kapcsolatai normaliz\u00e1l\u00f3dni fognak. A gazdas\u00e1g a k\u00f6vetkez\u0151 \u00e9vekben a szak\u00e9rt\u0151i becsl\u00e9sek szerint k\u00e9tszer olyan gyorsan n\u00f6vekedhet, mintha nem sz\u00fcletett volna meg\u00e1llapod\u00e1s. Amennyiben gyorsan t\u00f6rt\u00e9nnek a gazdas\u00e1gi v\u00e1ltoz\u00e1sok, az a jelenlegi eln\u00f6k, Roh\u00e1ni sz\u00e1m\u00e1ra pozit\u00edvan befoly\u00e1solhatja majd a 2016-ban tartott parlamenti v\u00e1laszt\u00e1sok kimenetel\u00e9t, \u00e9s a 2017-es \u00fajrav\u00e1laszt\u00e1s\u00e1t.<br \/>\n    Az egyezs\u00e9g l\u00e9trej\u00f6tt\u00e9t\u0151l az ir\u00e1niak konkr\u00e9t eredm\u00e9nyeket v\u00e1rnak. Az osztr\u00e1k k\u00f6zszolg\u00e1lati m\u00e9dia (ORF) h\u00edrad\u00f3ja szerint az ir\u00e1ni bel\u00fcgyminiszt\u00e9rium j\u00f3v\u00e1hagyta, hogy meg\u00e1llapod\u00e1s eset\u00e9n az utc\u00e1n \u00fcnnepeljenek Teher\u00e1nban, ugyanis az ir\u00e1niak m\u00e1r nagyon v\u00e1rj\u00e1k a nemzetk\u00f6zi szankci\u00f3k felold\u00e1s\u00e1t, amelyek megnehez\u00edtik a mindennapi \u00e9let\u00fcket.(MTI)<\/p>\n","protected":false},"excerpt":{"rendered":"<p>Hivatalosan is j\u00f3v\u00e1hagyt\u00e1k kedden az Ir\u00e1n \u00e9s a hatok (az ENSZ BT \u00f6t \u00e1lland\u00f3 tagja \u00e9s N\u00e9metorsz\u00e1g) k\u00f6z\u00f6tt l\u00e9trej\u00f6tt az ir\u00e1ni atomprogramr\u00f3l sz\u00f3l\u00f3 meg\u00e1llapod\u00e1st &#8211; jelentette be Federica Mogherini, az EU k\u00fcl- \u00e9s biztons\u00e1gpolitikai f\u0151k\u00e9pvisel\u0151je \u00e9s Dzsavad Zarif ir\u00e1ni k\u00fcl\u00fcgyminiszter kedden B\u00e9csben.<\/p>\n","protected":false},"author":1,"featured_media":0,"comment_status":"open","ping_status":"closed","sticky":false,"template":"","format":"standard","meta":[],"categories":[16],"tags":[],"_links":{"self":[{"href":"https:\/\/gazdasagportal.hu\/index.php\/wp-json\/wp\/v2\/posts\/64613"}],"collection":[{"href":"https:\/\/gazdasagportal.hu\/index.php\/wp-json\/wp\/v2\/posts"}],"about":[{"href":"https:\/\/gazdasagportal.hu\/index.php\/wp-json\/wp\/v2\/types\/post"}],"author":[{"embeddable":true,"href":"https:\/\/gazdasagportal.hu\/index.php\/wp-json\/wp\/v2\/users\/1"}],"replies":[{"embeddable":true,"href":"https:\/\/gazdasagportal.hu\/index.php\/wp-json\/wp\/v2\/comments?post=64613"}],"version-history":[{"count":1,"href":"https:\/\/gazdasagportal.hu\/index.php\/wp-json\/wp\/v2\/posts\/64613\/revisions"}],"predecessor-version":[{"id":64614,"href":"https:\/\/gazdasagportal.hu\/index.php\/wp-json\/wp\/v2\/posts\/64613\/revisions\/64614"}],"wp:attachment":[{"href":"https:\/\/gazdasagportal.hu\/index.php\/wp-json\/wp\/v2\/media?parent=64613"}],"wp:term":[{"taxonomy":"category","embeddable":true,"href":"https:\/\/gazdasagportal.hu\/index.php\/wp-json\/wp\/v2\/categories?post=64613"},{"taxonomy":"post_tag","embeddable":true,"href":"https:\/\/gazdasagportal.hu\/index.php\/wp-json\/wp\/v2\/tags?post=64613"}],"curies":[{"name":"wp","href":"https:\/\/api.w.org\/{rel}","templated":true}]}}