{"id":64609,"date":"2015-07-14T15:02:50","date_gmt":"2015-07-14T13:02:50","guid":{"rendered":"http:\/\/gazdasagportal.hu\/?p=64609"},"modified":"2015-07-14T15:02:50","modified_gmt":"2015-07-14T13:02:50","slug":"elhunyt-richard-trenkwalder-a-trenkwalder-cegcsoport-alapitoja","status":"publish","type":"post","link":"https:\/\/gazdasagportal.hu\/index.php\/elhunyt-richard-trenkwalder-a-trenkwalder-cegcsoport-alapitoja\/","title":{"rendered":"Elhunyt Richard Trenkwalder, a Trenkwalder c\u00e9gcsoport alap\u00edt\u00f3ja"},"content":{"rendered":"<p><strong> j\u00falius 12-\u00e9n, 67 \u00e9ves kor\u00e1ban, hosszan tart\u00f3 s\u00falyos betegs\u00e9gben elhunyt Richard Trenkwalder, a k\u00f6z\u00e9p-eur\u00f3pai munkaer\u0151-k\u00f6lcs\u00f6nz\u00e9si piac egyik \u00fatt\u00f6r\u0151je, a Trenkwalder International AG alap\u00edt\u00f3ja.<\/strong><!--more--><\/p>\n<div class=\"ads-in-post1\"><div id=\"gazdasagportal.hu_fullbanner_wideboard\"><\/div>\r\n<\/div>\n<p>Richard Trenkwalder 1988-ban Ausztri\u00e1ban alap\u00edtotta meg munkaer\u0151-k\u00f6lcs\u00f6nz\u0151 c\u00e9g\u00e9t, amely 1992-ben kezdte meg nemzetk\u00f6zi terjeszked\u00e9s\u00e9t, \u00e9s m\u00e1ra 300 kirendelts\u00e9gen kereszt\u00fcl Eur\u00f3pa 18 orsz\u00e1g\u00e1ban van jelen. A Trenkwalder AG 1 milli\u00e1rd eur\u00f3s \u00e1rbev\u00e9tel\u00e9vel, 70 ezer f\u0151 foglalkoztat\u00e1s\u00e1val vezet\u0151 szerepet t\u00f6lt be mind K\u00f6z\u00e9p-, mind D\u00e9l-Kelet-Eur\u00f3pa szem\u00e9lyzeti szolg\u00e1ltat\u00f3i piacain.<\/p>\n<p>&nbsp;<\/p><div id=\"gazda-3019124698\" class=\"gazda-tartalomban gazda-entity-placement\"><script async src=\"https:\/\/pagead2.googlesyndication.com\/pagead\/js\/adsbygoogle.js\"><\/script>\r\n<ins class=\"adsbygoogle\"\r\n     style=\"display:block\"\r\n     data-ad-format=\"fluid\"\r\n     data-ad-layout-key=\"-6t+ed+2i-1n-4w\"\r\n     data-ad-client=\"ca-pub-1959107119989764\"\r\n     data-ad-slot=\"4008251320\"><\/ins>\r\n<script>\r\n     (adsbygoogle = window.adsbygoogle || []).push({});\r\n<\/script><\/div>\n<p>Richard Trenkwalder 2011-ben vonult vissza az \u00fczleti \u00e9letb\u0151l, amikor c\u00e9g\u00e9t a d\u00fcsseldorfi k\u00f6zpont\u00fa n\u00e9met Droege-csoport sz\u00e1m\u00e1ra \u00e9rt\u00e9kes\u00edtette. Ezt k\u00f6vet\u0151en \u00e9let\u00e9t mindenkori szenved\u00e9ly\u00e9nek, a labdar\u00fag\u00e1snak szentelte: hal\u00e1l\u00e1ig az osztr\u00e1k labdar\u00fag\u00f3-bajnoks\u00e1g els\u0151 oszt\u00e1ly\u00e1ban szerepl\u0151 FC Trenkwalder Admira eln\u00f6ke volt.<\/p>\n<p><strong>\u00a0<\/strong><\/p>\n<p><strong>Trenkwalder Szem\u00e9lyzeti Szolg\u00e1ltat\u00f3 Kft.<\/strong><\/p>\n<p>A Magyarorsz\u00e1gon 18 \u00e9ve jelenl\u00e9v\u0151 Trenkwalder Szem\u00e9lyzeti Szolg\u00e1ltat\u00f3 Kft. a munkaer\u0151-k\u00f6lcs\u00f6nz\u00e9s ter\u00fclet\u00e9n 10 sz\u00e1zal\u00e9k feletti piaci r\u00e9szesed\u00e9ssel rendelkezik \u00e9s hetedik \u00e9ve piacvezet\u0151. 2013-ban 8000 f\u0151 feletti k\u00f6lcs\u00f6nz\u00f6tt munkav\u00e1llal\u00f3val \u00e9s k\u00f6zel 23 milli\u00e1rd forint \u00e9ves \u00e1rbev\u00e9tellel az orsz\u00e1g 9. legnagyobb foglalkoztat\u00f3ja volt. T\u00f6bb mint 20 irod\u00e1b\u00f3l \u00e1ll\u00f3 orsz\u00e1gos lefedetts\u00e9g\u0171 h\u00e1l\u00f3zatot m\u0171k\u00f6dtetve komplex szolg\u00e1ltat\u00e1sokat ny\u00fajt munkaer\u0151-k\u00f6lcs\u00f6nz\u00e9s, -k\u00f6zvet\u00edt\u00e9s, vezet\u0151kiv\u00e1laszt\u00e1s, b\u00e9rsz\u00e1mfejt\u00e9s-kiszervez\u00e9s, di\u00e1kmunka \u00e9s egy\u00e9b HR szolg\u00e1ltat\u00e1sok ter\u00e9n. A Trenkwalder partnerei f\u0151k\u00e9nt ipari gy\u00e1rt\u00f3\/termel\u0151 v\u00e1llalatok \u00e9s besz\u00e1ll\u00edt\u00f3ik, kereskedelmi \u00e9s szolg\u00e1ltat\u00f3 c\u00e9gek, valamint a p\u00e9nz\u00fcgyi szektor, a hazai telekommunik\u00e1ci\u00f3 \u00e9s az FMCG prominens k\u00e9pvisel\u0151i.<\/p>\n","protected":false},"excerpt":{"rendered":"<p>j\u00falius 12-\u00e9n, 67 \u00e9ves kor\u00e1ban, hosszan tart\u00f3 s\u00falyos betegs\u00e9gben elhunyt Richard Trenkwalder, a k\u00f6z\u00e9p-eur\u00f3pai munkaer\u0151-k\u00f6lcs\u00f6nz\u00e9si piac egyik \u00fatt\u00f6r\u0151je, a Trenkwalder International AG alap\u00edt\u00f3ja.<\/p>\n","protected":false},"author":1,"featured_media":0,"comment_status":"open","ping_status":"closed","sticky":false,"template":"","format":"standard","meta":[],"categories":[8],"tags":[],"_links":{"self":[{"href":"https:\/\/gazdasagportal.hu\/index.php\/wp-json\/wp\/v2\/posts\/64609"}],"collection":[{"href":"https:\/\/gazdasagportal.hu\/index.php\/wp-json\/wp\/v2\/posts"}],"about":[{"href":"https:\/\/gazdasagportal.hu\/index.php\/wp-json\/wp\/v2\/types\/post"}],"author":[{"embeddable":true,"href":"https:\/\/gazdasagportal.hu\/index.php\/wp-json\/wp\/v2\/users\/1"}],"replies":[{"embeddable":true,"href":"https:\/\/gazdasagportal.hu\/index.php\/wp-json\/wp\/v2\/comments?post=64609"}],"version-history":[{"count":1,"href":"https:\/\/gazdasagportal.hu\/index.php\/wp-json\/wp\/v2\/posts\/64609\/revisions"}],"predecessor-version":[{"id":64610,"href":"https:\/\/gazdasagportal.hu\/index.php\/wp-json\/wp\/v2\/posts\/64609\/revisions\/64610"}],"wp:attachment":[{"href":"https:\/\/gazdasagportal.hu\/index.php\/wp-json\/wp\/v2\/media?parent=64609"}],"wp:term":[{"taxonomy":"category","embeddable":true,"href":"https:\/\/gazdasagportal.hu\/index.php\/wp-json\/wp\/v2\/categories?post=64609"},{"taxonomy":"post_tag","embeddable":true,"href":"https:\/\/gazdasagportal.hu\/index.php\/wp-json\/wp\/v2\/tags?post=64609"}],"curies":[{"name":"wp","href":"https:\/\/api.w.org\/{rel}","templated":true}]}}