{"id":64607,"date":"2015-07-14T14:48:06","date_gmt":"2015-07-14T12:48:06","guid":{"rendered":"http:\/\/gazdasagportal.hu\/?p=64607"},"modified":"2015-07-14T14:48:06","modified_gmt":"2015-07-14T12:48:06","slug":"irani-atomprogram-obama-iran-szamara-minden-utat-elzart-a-megallapodas-a-nuklearis-fegyverkezes-elott","status":"publish","type":"post","link":"https:\/\/gazdasagportal.hu\/index.php\/irani-atomprogram-obama-iran-szamara-minden-utat-elzart-a-megallapodas-a-nuklearis-fegyverkezes-elott\/","title":{"rendered":"Ir\u00e1ni atomprogram &#8211; Obama: Ir\u00e1n sz\u00e1m\u00e1ra minden utat elz\u00e1rt a meg\u00e1llapod\u00e1s a nukle\u00e1ris fegyverkez\u00e9s el\u0151tt"},"content":{"rendered":"<p><strong>Ir\u00e1n sz\u00e1m\u00e1ra minden utat elz\u00e1r a nukle\u00e1ris fegyverkez\u00e9s el\u0151tt az a meg\u00e1llapod\u00e1s, amelyet Teher\u00e1n \u00e9s a nemzetk\u00f6zi k\u00f6z\u00f6ss\u00e9g k\u00e9pvisel\u0151i k\u00f6t\u00f6ttek Teher\u00e1n vitatott atomprogramj\u00e1r\u00f3l &#8211; jelentette ki Barack Obama amerikai eln\u00f6k kedden Washingtonban, az egyezs\u00e9g l\u00e9trej\u00f6tt\u00e9nek b\u00e9csi bejelent\u00e9s\u00e9t k\u00f6vet\u0151en.<\/strong><!--more--><\/p>\n<div class=\"ads-in-post1\"><div id=\"gazdasagportal.hu_fullbanner_wideboard\"><\/div>\r\n<\/div>\n<p>    Meger\u0151s\u00edtette, hogy a meg\u00e1llapod\u00e1s \u00e9rtelm\u00e9ben az Ir\u00e1n elleni nemzetk\u00f6zi szankci\u00f3kat feloldj\u00e1k, de ha Teher\u00e1n nem teljes\u00edti a t\u00e1rgyal\u00e1sok sor\u00e1n v\u00e1llalt k\u00f6telezetts\u00e9geit, akkor vissza\u00e1ll\u00edtj\u00e1k \u0151ket.<br \/>\n    A meg\u00e1llapod\u00e1s nem a bizalomra, hanem az ellen\u0151rz\u00e9sre \u00e9p\u00fcl &#8211; sz\u00f6gezte le Barack Obama. Hangs\u00falyozta: Ir\u00e1n atomipari tev\u00e9kenys\u00e9g\u00e9t az egyezs\u00e9gnek k\u00f6sz\u00f6nhet\u0151en mostant\u00f3l szigor\u00faan ellen\u0151rizni fogja a Nemzetk\u00f6zi Atomenergia-\u00fcgyn\u00f6ks\u00e9g.<br \/>\n    Az amerikai eln\u00f6k azt is lesz\u00f6gezte, hogy megv\u00e9t\u00f3zza haz\u00e1ja kongresszus\u00e1nak b\u00e1rmilyen hat\u00e1rozat\u00e1t, ha az akad\u00e1lyozni pr\u00f3b\u00e1lja az ir\u00e1ni atomprogramr\u00f3l most bejelentett meg\u00e1llapod\u00e1s megval\u00f3s\u00edt\u00e1s\u00e1t. A washingtoni Feh\u00e9r H\u00e1zban besz\u00e9lve hangoztatta, hogy olyan lehet\u0151s\u00e9gr\u0151l van sz\u00f3, amely lehet\u0151v\u00e9 teszi, hogy &#8222;\u00faj ir\u00e1nyba mozduljanak el&#8221;, ez\u00e9rt mindenk\u00e9ppen meg kell ragadni.<br \/>\n    A meg\u00e1llapod\u00e1s kongresszusi j\u00f3v\u00e1hagy\u00e1s\u00e1r\u00f3l rendelkez\u0151, \u00e1prilisban elfogadott jogszab\u00e1ly szerint a t\u00f6rv\u00e9nyhoz\u00e1snak 60 napja lesz fel\u00fclvizsg\u00e1lni az egyezs\u00e9get, majd d\u00f6ntenie kell arr\u00f3l. Ugyanakkor a t\u00f6rv\u00e9nyben az \u00e1ll, hogy ha a kongresszus elutas\u00edtja a meg\u00e1llapod\u00e1st, Obama megv\u00e9t\u00f3zhatja ezt a d\u00f6nt\u00e9st. Az eln\u00f6ki v\u00e9t\u00f3 helybenhagy\u00e1s\u00e1hoz a 100 tag\u00fa szen\u00e1tus 34 tagj\u00e1nak szavazata kell, teh\u00e1t a korm\u00e1ny v\u00e9gs\u0151 soron &#8211; jegyzik meg amerikai elemz\u0151k &#8211; mind\u00f6ssze 34 szen\u00e1tor t\u00e1mogat\u00e1s\u00e1val el tudja fogadtatni a meg\u00e1llapod\u00e1st. Ez m\u00e9g abban az esetben is siker\u00fclhet, ha ak\u00e1r t\u00edz demokrata p\u00e1rti szen\u00e1tor is az egyezs\u00e9g ellen szavaz.<br \/>\n    A Demokrata P\u00e1rt k\u00e9pvisel\u0151h\u00e1zi frakci\u00f3j\u00e1nak vezet\u0151je, Nancy Pelosi kedden k\u00f6z\u00f6lte, hogy h\u00e9tf\u0151n este t\u00e1rgyalt Obam\u00e1val a meg\u00e1llapod\u00e1sr\u00f3l. &#8222;Az agressz\u00edv korl\u00e1toz\u00e1sok \u00e9s ellen\u0151rz\u00e9sek jelentik a legjobb hossz\u00fa t\u00e1v\u00fa tervet annak megakad\u00e1lyoz\u00e1s\u00e1ra, hogy Ir\u00e1n atomfegyverhez jusson. A kongresszus szigor\u00faan fel\u00fcl fogja vizsg\u00e1lni a meg\u00e1llapod\u00e1s r\u00e9szleteit&#8221; &#8211; \u00edrta k\u00f6zlem\u00e9ny\u00e9ben Pelosi.<br \/>\n    Az azonban bor\u00edt\u00e9kolhat\u00f3, hogy a t\u00f6rv\u00e9nyhoz\u00e1sban t\u00f6bbs\u00e9gben l\u00e9v\u0151 republik\u00e1nusok ellenezni fogj\u00e1k a meg\u00e1llapod\u00e1st, amely Obama k\u00fclpolitik\u00e1j\u00e1nak tal\u00e1n eddigi legfontosabb eredm\u00e9ny\u00e9nek sz\u00e1m\u00edt.<br \/>\n    Ezt jelzi, hogy Lindsay Graham szen\u00e1tor, republik\u00e1nus eln\u00f6kjel\u00f6lt-aspir\u00e1ns kedden &#8222;borzaszt\u00f3nak&#8221; nevezte a meg\u00e1llapod\u00e1st, Bob Corker, a fels\u0151h\u00e1z k\u00fcl\u00fcgyi bizotts\u00e1g\u00e1nak eln\u00f6ke pedig arr\u00f3l besz\u00e9lt, hogy az egyezs\u00e9get egyel\u0151re &#8222;m\u00e9ly szkepticizmus&#8221; \u00f6vezi a fel\u00fclvizsg\u00e1lat kezdet\u00e9n.<br \/>\n    Mitch McConnell, a washingtoni szen\u00e1tus republik\u00e1nus t\u00f6bbs\u00e9g\u00e9nek vezet\u0151je vas\u00e1rnap \u00fagy nyilatkozott: a nukle\u00e1ris meg\u00e1llapod\u00e1st &#8222;neh\u00e9z lesz eladni&#8221; a kongresszusnak. Mindazon\u00e1ltal azt is elismerte, hogy a meg\u00e1llapod\u00e1s kongresszusi fel\u00fclvizsg\u00e1lat\u00e1r\u00f3l sz\u00f3l\u00f3 t\u00f6rv\u00e9ny alapj\u00e1n a korm\u00e1ny j\u00f3 es\u00e9llyel m\u00e9gis kereszt\u00fclviheti az akarat\u00e1t.<br \/>\n    Keddi besz\u00e9d\u00e9ben az amerikai eln\u00f6k elismerte, hogy a meg\u00e1llapod\u00e1s nem fog megoldani minden n\u00e9zetelt\u00e9r\u00e9st az Egyes\u00fclt \u00c1llamok \u00e9s Ir\u00e1n k\u00f6z\u00f6tt. Azt is hangs\u00falyozta ugyanakkor, hogy egy atomfegyverrel rendelkez\u0151 Ir\u00e1n m\u00e9g vesz\u00e9lyesebb lenne a k\u00f6zel-keleti t\u00e9rs\u00e9gre n\u00e9zve. Azokat a szankci\u00f3kat nem fogj\u00e1k feloldani, amelyeket a terrorizmus t\u00e1mogat\u00e1sa \u00e9s a t\u00e9rs\u00e9g destabiliz\u00e1l\u00e1sa miatt vetettek ki Teher\u00e1nra &#8211; sz\u00f6gezte le.<br \/>\n    Barack Obama arra eml\u00e9keztetett, hogy az Egyes\u00fclt \u00c1llamok annak idej\u00e9n a Szovjetuni\u00f3val is k\u00f6t\u00f6tt fegyverkorl\u00e1toz\u00e1si egyezm\u00e9nyeket, \u00e9s azokhoz hasonl\u00f3an az Ir\u00e1nnal hozott meg\u00e1llapod\u00e1s is az orsz\u00e1g nemzetbiztons\u00e1gi \u00e9rdekeit szolg\u00e1lja.<br \/>\n    Ir\u00e1n \u00e9s a hatok (az ENSZ Biztons\u00e1gi Tan\u00e1cs\u00e1nak \u00f6t \u00e1lland\u00f3 tagja \u00e9s N\u00e9metorsz\u00e1g) kedden reggel jelentett\u00e9k be, hogy \u00e1tfog\u00f3 meg\u00e1llapod\u00e1st k\u00f6t\u00f6ttek Teher\u00e1n vitatott atomprogramj\u00e1nak nemzetk\u00f6zi ellen\u0151rz\u00e9s\u00e9r\u0151l.<br \/>\n    Az egyezs\u00e9g legal\u00e1bb t\u00edz \u00e9vig g\u00e1tat vet annak, hogy Ir\u00e1n atomfegyver el\u0151\u00e1ll\u00edt\u00e1s\u00e1ra alkalmas mennyis\u00e9g\u0171 \u00e9s min\u0151s\u00e9g\u0171 hasad\u00f3anyagot \u00e1ll\u00edtson el\u0151; cser\u00e9ben pedig legkor\u00e1bban a j\u00f6v\u0151 \u00e9v elej\u00e9n feloldj\u00e1k az ellene hozott gazdas\u00e1gi \u00e9s p\u00e9nz\u00fcgyi szankci\u00f3kat, a fegyversz\u00e1ll\u00edt\u00e1si embarg\u00f3 nagy r\u00e9sze azonban m\u00e9g \u00e9vekig \u00e9rv\u00e9nyben marad.<br \/>\n    A meg\u00e1llapod\u00e1s tizenh\u00e1rom \u00e9ven \u00e1t tart\u00f3 diplom\u00e1ciai huzavona \u00e9s egyeztet\u00e9sek ut\u00e1n j\u00f6tt l\u00e9tre. A nyugati hatalmak azzal v\u00e1dolt\u00e1k Teher\u00e1nt, hogy nukle\u00e1ris fegyver kifejleszt\u00e9s\u00e9n dolgozik, b\u00e1r Ir\u00e1n ezt mindig is tagadta.(MTI)<\/p>\n","protected":false},"excerpt":{"rendered":"<p>Ir\u00e1n sz\u00e1m\u00e1ra minden utat elz\u00e1r a nukle\u00e1ris fegyverkez\u00e9s el\u0151tt az a meg\u00e1llapod\u00e1s, amelyet Teher\u00e1n \u00e9s a nemzetk\u00f6zi k\u00f6z\u00f6ss\u00e9g k\u00e9pvisel\u0151i k\u00f6t\u00f6ttek Teher\u00e1n vitatott atomprogramj\u00e1r\u00f3l &#8211; jelentette ki Barack Obama amerikai eln\u00f6k kedden Washingtonban, az egyezs\u00e9g l\u00e9trej\u00f6tt\u00e9nek b\u00e9csi bejelent\u00e9s\u00e9t k\u00f6vet\u0151en.<\/p>\n","protected":false},"author":1,"featured_media":0,"comment_status":"open","ping_status":"closed","sticky":false,"template":"","format":"standard","meta":[],"categories":[16],"tags":[],"_links":{"self":[{"href":"https:\/\/gazdasagportal.hu\/index.php\/wp-json\/wp\/v2\/posts\/64607"}],"collection":[{"href":"https:\/\/gazdasagportal.hu\/index.php\/wp-json\/wp\/v2\/posts"}],"about":[{"href":"https:\/\/gazdasagportal.hu\/index.php\/wp-json\/wp\/v2\/types\/post"}],"author":[{"embeddable":true,"href":"https:\/\/gazdasagportal.hu\/index.php\/wp-json\/wp\/v2\/users\/1"}],"replies":[{"embeddable":true,"href":"https:\/\/gazdasagportal.hu\/index.php\/wp-json\/wp\/v2\/comments?post=64607"}],"version-history":[{"count":1,"href":"https:\/\/gazdasagportal.hu\/index.php\/wp-json\/wp\/v2\/posts\/64607\/revisions"}],"predecessor-version":[{"id":64608,"href":"https:\/\/gazdasagportal.hu\/index.php\/wp-json\/wp\/v2\/posts\/64607\/revisions\/64608"}],"wp:attachment":[{"href":"https:\/\/gazdasagportal.hu\/index.php\/wp-json\/wp\/v2\/media?parent=64607"}],"wp:term":[{"taxonomy":"category","embeddable":true,"href":"https:\/\/gazdasagportal.hu\/index.php\/wp-json\/wp\/v2\/categories?post=64607"},{"taxonomy":"post_tag","embeddable":true,"href":"https:\/\/gazdasagportal.hu\/index.php\/wp-json\/wp\/v2\/tags?post=64607"}],"curies":[{"name":"wp","href":"https:\/\/api.w.org\/{rel}","templated":true}]}}