{"id":64603,"date":"2015-07-14T13:20:02","date_gmt":"2015-07-14T11:20:02","guid":{"rendered":"http:\/\/gazdasagportal.hu\/?p=64603"},"modified":"2015-07-14T13:20:02","modified_gmt":"2015-07-14T11:20:02","slug":"ismet-elado-a-telekom-srbija","status":"publish","type":"post","link":"https:\/\/gazdasagportal.hu\/index.php\/ismet-elado-a-telekom-srbija\/","title":{"rendered":"Ism\u00e9t elad\u00f3 a Telekom Srbija"},"content":{"rendered":"<p><strong>Ism\u00e9t elad\u00f3 a Telekom Srbija szerb t\u00e1vk\u00f6zl\u00e9si v\u00e1llalat, az aj\u00e1nlatokat augusztus 2-ig lehet megtenni &#8211; olvashat\u00f3 a szerbiai privatiz\u00e1ci\u00f3s \u00fcgyn\u00f6ks\u00e9g honlapj\u00e1n.<\/strong><!--more--><\/p>\n<div class=\"ads-in-post1\"><div id=\"gazdasagportal.hu_fullbanner_wideboard\"><\/div>\r\n<\/div>\n<p>    A v\u00e1llalatot 1997-ben &#8211; Slobodan Milosevic eln\u00f6ks\u00e9ge idej\u00e9n &#8211; r\u00e9szben m\u00e1r privatiz\u00e1lt\u00e1k, 29 sz\u00e1zal\u00e9k\u00e1t az olasz Stet, 20 sz\u00e1zal\u00e9k\u00e1t pedig a g\u00f6r\u00f6g OTE v\u00e1s\u00e1rolta meg. Az \u00fczletr\u00e9szeket a Zoran Djindjic vezette korm\u00e1ny visszav\u00e1s\u00e1rolta.<br \/>\n    A szerb korm\u00e1ny 2011-ben ism\u00e9t nekifutott a c\u00e9g \u00e9rt\u00e9kes\u00edt\u00e9s\u00e9nek. Egyed\u00fcli aj\u00e1nlattev\u0151k\u00e9nt a Telekom Austria 1,1 milli\u00e1rd eur\u00f3t k\u00edn\u00e1lt a r\u00e9szv\u00e9nyek 51 sz\u00e1zal\u00e9k\u00e1\u00e9rt, Belgr\u00e1d azonban 1,4 milli\u00e1rdot k\u00e9rt, \u00edgy nem sz\u00fcletett meg\u00e1llapod\u00e1s.<br \/>\n    Most a c\u00e9g \u00e1llami tulajdonban l\u00e9v\u0151 58,1 sz\u00e1zal\u00e9k\u00e1t adn\u00e1k el. A szak\u00e9rt\u0151k ism\u00e9t az osztr\u00e1k c\u00e9get, \u00e9s els\u0151 alkalommal a n\u00e9met \u00e1llami telefonszolg\u00e1ltat\u00f3t jel\u00f6lik meg leges\u00e9lyesebb p\u00e1ly\u00e1z\u00f3k\u00e9nt &#8211; \u00edrta kedden a Magyar Sz\u00f3 c\u00edm\u0171 \u00fajvid\u00e9ki napilap. A felh\u00edv\u00e1s szerint a v\u00e1s\u00e1rl\u00f3 lehet szerbiai vagy k\u00fclf\u00f6ldi c\u00e9g is, a v\u00e1rakoz\u00e1sok szerint a t\u00e1rgyal\u00e1sok ak\u00e1r egy \u00e9vet is ig\u00e9nybe vehetnek.<br \/>\n    A 2014-as p\u00e9nz\u00fcgyi \u00e9vben a Telekom Srbija 15 milli\u00e1rd din\u00e1r (39 milli\u00e1rd forint) nett\u00f3 nyeres\u00e9get \u00e9rt el.(MTI)<\/p>\n","protected":false},"excerpt":{"rendered":"<p>Ism\u00e9t elad\u00f3 a Telekom Srbija szerb t\u00e1vk\u00f6zl\u00e9si v\u00e1llalat, az aj\u00e1nlatokat augusztus 2-ig lehet megtenni &#8211; olvashat\u00f3 a szerbiai privatiz\u00e1ci\u00f3s \u00fcgyn\u00f6ks\u00e9g honlapj\u00e1n.<\/p>\n","protected":false},"author":1,"featured_media":0,"comment_status":"open","ping_status":"closed","sticky":false,"template":"","format":"standard","meta":[],"categories":[246],"tags":[],"_links":{"self":[{"href":"https:\/\/gazdasagportal.hu\/index.php\/wp-json\/wp\/v2\/posts\/64603"}],"collection":[{"href":"https:\/\/gazdasagportal.hu\/index.php\/wp-json\/wp\/v2\/posts"}],"about":[{"href":"https:\/\/gazdasagportal.hu\/index.php\/wp-json\/wp\/v2\/types\/post"}],"author":[{"embeddable":true,"href":"https:\/\/gazdasagportal.hu\/index.php\/wp-json\/wp\/v2\/users\/1"}],"replies":[{"embeddable":true,"href":"https:\/\/gazdasagportal.hu\/index.php\/wp-json\/wp\/v2\/comments?post=64603"}],"version-history":[{"count":1,"href":"https:\/\/gazdasagportal.hu\/index.php\/wp-json\/wp\/v2\/posts\/64603\/revisions"}],"predecessor-version":[{"id":64604,"href":"https:\/\/gazdasagportal.hu\/index.php\/wp-json\/wp\/v2\/posts\/64603\/revisions\/64604"}],"wp:attachment":[{"href":"https:\/\/gazdasagportal.hu\/index.php\/wp-json\/wp\/v2\/media?parent=64603"}],"wp:term":[{"taxonomy":"category","embeddable":true,"href":"https:\/\/gazdasagportal.hu\/index.php\/wp-json\/wp\/v2\/categories?post=64603"},{"taxonomy":"post_tag","embeddable":true,"href":"https:\/\/gazdasagportal.hu\/index.php\/wp-json\/wp\/v2\/tags?post=64603"}],"curies":[{"name":"wp","href":"https:\/\/api.w.org\/{rel}","templated":true}]}}