{"id":64601,"date":"2015-07-14T12:35:11","date_gmt":"2015-07-14T10:35:11","guid":{"rendered":"http:\/\/gazdasagportal.hu\/?p=64601"},"modified":"2015-07-14T11:56:39","modified_gmt":"2015-07-14T09:56:39","slug":"irani-atomprogram-izraelben-maris-ostorozzak-a-megallapodast","status":"publish","type":"post","link":"https:\/\/gazdasagportal.hu\/index.php\/irani-atomprogram-izraelben-maris-ostorozzak-a-megallapodast\/","title":{"rendered":"Ir\u00e1ni atomprogram &#8211; Izraelben m\u00e1ris ostorozz\u00e1k a meg\u00e1llapod\u00e1st"},"content":{"rendered":"<p><strong>Benj\u00e1min Netanjahu izraeli minisztereln\u00f6k szerint t\u00f6rt\u00e9nelmi l\u00e9pt\u00e9k\u0171 s\u00falyos hiba az Ir\u00e1nnal k\u00f6t\u00f6tt nemzetk\u00f6zi alku Teher\u00e1n vitatott atomprogramj\u00e1r\u00f3l. Izraelben a korm\u00e1nykoal\u00edci\u00f3 \u00e9s az ellenz\u00e9k p\u00e1rtjai egyar\u00e1nt el\u00edt\u00e9lik a kedden sz\u00fcletett meg\u00e1llapod\u00e1st.<\/strong><!--more--><\/p>\n<div class=\"ads-in-post1\"><div id=\"gazdasagportal.hu_fullbanner_wideboard\"><\/div>\r\n<\/div>\n<p>    Netanjahu kijelentette, lehet\u0151s\u00e9gei szerint Izrael mindent elk\u00f6vet, hogy megf\u00e9kezze Ir\u00e1n nukle\u00e1ris t\u00f6rekv\u00e9seit. &#8222;Ir\u00e1n biztons\u00e1gos utat kap az atomfegyverhez&#8221; &#8211; \u00e9rt\u00e9kelte az Ir\u00e1n \u00e9s a hatok elnevez\u00e9s\u0171 orsz\u00e1gcsoport k\u00f6z\u00f6tt (az ENSZ BT \u00f6t \u00e1lland\u00f3 tagja, azaz Oroszorsz\u00e1g, K\u00edna, az Egyes\u00fclt \u00c1llamok, Nagy-Britannia, Franciaorsz\u00e1g, tov\u00e1bb\u00e1 N\u00e9metorsz\u00e1g) megsz\u00fcletett egyezm\u00e9nyt az ir\u00e1ni atomprogramr\u00f3l.<br \/>\n    &#8222;Elt\u00e1vol\u00edtottak sz\u00e1mos korl\u00e1toz\u00e1st, amelynek meg kellett volna ebben akad\u00e1lyoznia&#8221; Ir\u00e1nt &#8211; tette hozz\u00e1 az izraeli korm\u00e1nyf\u0151 Bert Koenders holland k\u00fcl\u00fcgyminiszterrel kedden folytatott jeruzs\u00e1lemi t\u00e1rgyal\u00e1sai el\u0151tt a katonai r\u00e1di\u00f3 \u00e9rtes\u00fcl\u00e9se szerint.<br \/>\n    Cipi Hotoveli k\u00fcl\u00fcgyminiszter-helyettes k\u00f6zlem\u00e9nyt adott ki, mely szerint &#8222;a Nyugat megadta mag\u00e1t a gonosz Ir\u00e1n \u00e1ltal vezetett tengely\u00e9nek&#8221;.<br \/>\n    &#8222;Nagyon s\u00falyosak a bel\u00e1that\u00f3 j\u00f6v\u0151ben az egyezm\u00e9ny k\u00f6vetkezm\u00e9nyei&#8221;- \u00e1ll\u00edtotta b\u00edr\u00e1lat\u00e1ban Hotoveli. &#8222;Ir\u00e1n tov\u00e1bb terjeszti minden ir\u00e1nyba terrorsejtjeinek \u00e1tt\u00e9teit, folytatja a K\u00f6zel-Kelet l\u00e1ngba bor\u00edt\u00e1s\u00e1t, \u00e9s a legrosszabb, hogy hatalmas l\u00e9p\u00e9st tesz majd a nukle\u00e1ris \u00e1llamm\u00e1 v\u00e1l\u00e1s fel\u00e9.&#8221;<br \/>\n    &#8222;Izrael mindent el fog k\u00f6vetni, hogy megakad\u00e1lyozza a meg\u00e1llapod\u00e1s \u00e9letbe l\u00e9ptet\u00e9s\u00e9t&#8221; &#8211; z\u00e1rta k\u00f6zlem\u00e9ny\u00e9t.<br \/>\n    Miri Regev volt katonai sz\u00f3viv\u0151, jelenlegi kultur\u00e1lis \u00e9s sportminiszter &#8222;a szabad vil\u00e1g \u00e9s az emberis\u00e9g sz\u00e1m\u00e1ra rossznak&#8221; nevezte az atomprogramr\u00f3l k\u00f6t\u00f6tt alkut.<br \/>\n    Seli Jahimovics, az ellenz\u00e9ki szoci\u00e1ldemokrata Munkap\u00e1rt vezet\u0151 politikusa az egyezm\u00e9ny nyom\u00e1n felsz\u00f3l\u00edtotta Netanjahut, hogy &#8222;azonnal hagyjon fel az amerikaiakkal val\u00f3 szemben\u00e1ll\u00e1ssal&#8221;.<br \/>\n    &#8222;Most, hogy t\u00e9nyk\u00e9rd\u00e9s lett ez a vesz\u00e9lyes, rombol\u00f3 meg\u00e1llapod\u00e1s Ir\u00e1nnal, Netanjahunak fel kell hagynia v\u00e9gzetes pr\u00f3f\u00e9ci\u00e1ival, \u00e9szhez kell t\u00e9rnie, \u00e9s \u00f6ssze kell fognia m\u00e1sokkal Izrael helyzet\u00e9nek jav\u00edt\u00e1sa \u00e9s \u00e9rdekeinek v\u00e9delme \u00e9rdek\u00e9ben, k\u00fcl\u00f6n\u00f6sen amikor majd az egyezm\u00e9nyt v\u00e9grehajtj\u00e1k&#8221; &#8211; jelentette ki Jahimovics.<br \/>\n    A katonai r\u00e1di\u00f3ban megsz\u00f3lal\u00f3 &#8211; az ellenz\u00e9ki, centrista Tnua, vagyis Mozgalom p\u00e1rtot vezet\u0151 &#8211; Cipi Livni volt k\u00fcl\u00fcgyminiszter szerint &#8222;az egyezm\u00e9ny dr\u00e1mai, \u00e9s Izrael nincs jelen benne&#8221;. Livni meg\u00edg\u00e9rte, hogy az ellenz\u00e9k is r\u00e9szt vesz majd a meg\u00e1llapod\u00e1s gyakorlatba iktat\u00e1sa ellen folytatott k\u00fczdelemben.<br \/>\n    Livni Benj\u00e1min Netanjahu minisztereln\u00f6k\u00f6t okolta az alku megsz\u00fclet\u00e9se miatt. Mint mondta, &#8222;naivit\u00e1s azt hinni, hogy el\u00e9rsz valamit egy j\u00f3 besz\u00e9ddel valahol&#8221;, amivel a korm\u00e1nyf\u0151nek az amerikai kongresszusban m\u00e1rcius elej\u00e9n elmondott &#8211; az ir\u00e1ni meg\u00e1llapod\u00e1st m\u00e1r akkor elutas\u00edt\u00f3 &#8211; szavaira utalt.<br \/>\n    &#8222;\u00c9n nagyon gyakorlatias ember vagyok, tudok besz\u00e9lni a vil\u00e1ggal, s tudom, mik\u00e9nt lehet eredm\u00e9nyeket el\u00e9rni. Az \u00fcgyek megfelel\u0151 int\u00e9z\u00e9s\u00e9vel \u00e9rtem el minden eredm\u00e9nyt a palesztin \u00fcgyben is, \u00e9s nem j\u00f3 besz\u00e9dekkel&#8221;- tette hozz\u00e1 b\u00edr\u00e1lat\u00e1ban.<br \/>\n    Izrael \u00e9s Ir\u00e1n k\u00f6z\u00f6tt kiv\u00e1l\u00f3 diplom\u00e1ciai, gazdas\u00e1gi \u00e9s katonai egy\u00fcttm\u0171k\u00f6d\u00e9st volt Reza Pahlavi sah idej\u00e9n, de az 1979-es iszl\u00e1m forradalom ut\u00e1n fokozatosan megromlott a k\u00e9t orsz\u00e1g viszonya. Mahm\u00fad Ahmadinezs\u00e1d el\u0151z\u0151 ir\u00e1ni eln\u00f6k t\u00f6bbsz\u00f6r is \u00e9les kirohan\u00e1st int\u00e9zett Izrael ellen, s 2012-ben egyebek k\u00f6z\u00f6tt kijelentette, hogy &#8222;Izraelt egy nap let\u00f6rlik a t\u00e9rk\u00e9pr\u0151l&#8221;. (MTI)<\/p>\n","protected":false},"excerpt":{"rendered":"<p>Benj\u00e1min Netanjahu izraeli minisztereln\u00f6k szerint t\u00f6rt\u00e9nelmi l\u00e9pt\u00e9k\u0171 s\u00falyos hiba az Ir\u00e1nnal k\u00f6t\u00f6tt nemzetk\u00f6zi alku Teher\u00e1n vitatott atomprogramj\u00e1r\u00f3l. Izraelben a korm\u00e1nykoal\u00edci\u00f3 \u00e9s az ellenz\u00e9k p\u00e1rtjai egyar\u00e1nt el\u00edt\u00e9lik a kedden sz\u00fcletett meg\u00e1llapod\u00e1st.<\/p>\n","protected":false},"author":1,"featured_media":0,"comment_status":"open","ping_status":"closed","sticky":false,"template":"","format":"standard","meta":[],"categories":[16],"tags":[],"_links":{"self":[{"href":"https:\/\/gazdasagportal.hu\/index.php\/wp-json\/wp\/v2\/posts\/64601"}],"collection":[{"href":"https:\/\/gazdasagportal.hu\/index.php\/wp-json\/wp\/v2\/posts"}],"about":[{"href":"https:\/\/gazdasagportal.hu\/index.php\/wp-json\/wp\/v2\/types\/post"}],"author":[{"embeddable":true,"href":"https:\/\/gazdasagportal.hu\/index.php\/wp-json\/wp\/v2\/users\/1"}],"replies":[{"embeddable":true,"href":"https:\/\/gazdasagportal.hu\/index.php\/wp-json\/wp\/v2\/comments?post=64601"}],"version-history":[{"count":1,"href":"https:\/\/gazdasagportal.hu\/index.php\/wp-json\/wp\/v2\/posts\/64601\/revisions"}],"predecessor-version":[{"id":64602,"href":"https:\/\/gazdasagportal.hu\/index.php\/wp-json\/wp\/v2\/posts\/64601\/revisions\/64602"}],"wp:attachment":[{"href":"https:\/\/gazdasagportal.hu\/index.php\/wp-json\/wp\/v2\/media?parent=64601"}],"wp:term":[{"taxonomy":"category","embeddable":true,"href":"https:\/\/gazdasagportal.hu\/index.php\/wp-json\/wp\/v2\/categories?post=64601"},{"taxonomy":"post_tag","embeddable":true,"href":"https:\/\/gazdasagportal.hu\/index.php\/wp-json\/wp\/v2\/tags?post=64601"}],"curies":[{"name":"wp","href":"https:\/\/api.w.org\/{rel}","templated":true}]}}