{"id":64599,"date":"2015-07-14T11:52:49","date_gmt":"2015-07-14T09:52:49","guid":{"rendered":"http:\/\/gazdasagportal.hu\/?p=64599"},"modified":"2015-07-14T11:52:49","modified_gmt":"2015-07-14T09:52:49","slug":"munkacsi-lovoldozes-ket-rendorsegi-epuletnel-is-robbantottak-lembergben-ket-rendor-sulyosan-megsebesult","status":"publish","type":"post","link":"https:\/\/gazdasagportal.hu\/index.php\/munkacsi-lovoldozes-ket-rendorsegi-epuletnel-is-robbantottak-lembergben-ket-rendor-sulyosan-megsebesult\/","title":{"rendered":"Munk\u00e1csi l\u00f6v\u00f6ld\u00f6z\u00e9s &#8211; K\u00e9t rend\u0151rs\u00e9gi \u00e9p\u00fcletn\u00e9l is robbantottak Lembergben, k\u00e9t rend\u0151r s\u00falyosan megsebes\u00fclt"},"content":{"rendered":"<p><strong>K\u00e9t lembergi (Lviv) rend\u0151r\u0151rs bej\u00e1rat\u00e1n\u00e1l is robbant\u00e1st k\u00f6vettek el kedden, az egy \u00f3r\u00e1n bel\u00fcl bek\u00f6vetkezett deton\u00e1ci\u00f3kban k\u00e9t rend\u0151r s\u00falyosan megsebes\u00fclt.<\/strong><!--more--><\/p>\n<div class=\"ads-in-post1\"><div id=\"gazdasagportal.hu_fullbanner_wideboard\"><\/div>\r\n<\/div>\n<p>El\u0151zetes nyomozati adatok szerint a nyugat-ukrajnai nagyv\u00e1rosban a rend\u0151rs\u00e9gi \u00e9p\u00fcletek bej\u00e1rati ajtaj\u00e1hoz r\u00f6gz\u00edtett k\u00e9zigr\u00e1n\u00e1tok robbantak fel. Az egyik helysz\u00ednen egy 24 \u00e9ves rend\u0151r, a m\u00e1sikon egy 31 \u00e9ves rend\u0151rn\u0151 szenvedett a repeszekt\u0151l s\u00falyos s\u00e9r\u00fcl\u00e9seket, ut\u00f3bbinak amput\u00e1lni kellett a l\u00e1b\u00e1t &#8211; adta h\u00edr\u00fcl a Zaxid.net lembergi h\u00edrport\u00e1l.<br \/>\nAz ukr\u00e1n bel\u00fcgyminiszt\u00e9rium sajt\u00f3szolg\u00e1lat\u00e1nak k\u00f6zlem\u00e9nye szerint kapcsolat van a lembergi robbant\u00e1sok \u00e9s a h\u00e9tv\u00e9g\u00e9n Munk\u00e1cson kirobbant fegyveres konfliktus k\u00f6z\u00f6tt. &#8222;A bel\u00fcgyminiszt\u00e9rium \u00f6sszef\u00fcgg\u00e9st l\u00e1t a k\u00e1rp\u00e1taljai esem\u00e9nyek \u00e9s a lembergi robbant\u00e1sok k\u00f6z\u00f6tt, amelyek c\u00e9lja a helyzet destabiliz\u00e1l\u00e1sa az orsz\u00e1gban&#8221; &#8211; olvashat\u00f3 a nyilatkozatban.<br \/>\nAndrij Szadovij, Lemberg polg\u00e1rmestere a v\u00e1rosi tan\u00e1cs (k\u00f6zgy\u0171l\u00e9s) \u00fcl\u00e9s\u00e9n bejelentette, a v\u00e1rosban t\u00f6rt\u00e9nt robbant\u00e1sok miatt fokozz\u00e1k a biztons\u00e1gi int\u00e9zked\u00e9seket, \u00e9s jobban \u00f6sszehangolj\u00e1k a k\u00fcl\u00f6nb\u00f6z\u0151 szakszolg\u00e1latok munk\u00e1j\u00e1t. \u00dagy v\u00e9lte, a robbant\u00e1sok k\u00e1rokoz\u00e1sra vagy a lakoss\u00e1g megf\u00e9leml\u00edt\u00e9s\u00e9re ir\u00e1nyultak.<br \/>\n&#8222;Lemberget nem lehet megf\u00e9leml\u00edteni, minden \u00fct\u00e9sre t\u00f6bbsz\u00f6r\u00f6s erej\u0171 csap\u00e1ssal fogunk v\u00e1laszolni&#8221; \u2013 hangoztatta a polg\u00e1rmester.<br \/>\nMunk\u00e1cson a h\u00e9t v\u00e9g\u00e9n h\u00e1rom hal\u00e1los \u00e1ldozatot k\u00f6vetel\u0151 l\u00f6v\u00f6ld\u00f6z\u00e9s robbant ki a Jobboldali Szektor (PSZ) nev\u0171 sz\u00e9ls\u0151s\u00e9ges szervezet fegyveresei \u00e9s Mihajlo Lanyo ellenz\u00e9ki parlamenti k\u00e9pvisel\u0151 test\u0151rs\u00e9ge, valamint a rend\u0151rs\u00e9g k\u00f6z\u00f6tt. A konfliktus az ukr\u00e1n politikai \u00e9let vezet\u0151i szerint a csemp\u00e9szpiac \u00fajrafeloszt\u00e1s\u00e1val f\u00fcgghet \u00f6ssze. A t\u00f6rt\u00e9ntek nyom\u00e1n az Ukrajn\u00e1ban m\u0171k\u00f6d\u0151 \u00f6sszes t\u00f6rv\u00e9nytelen fegyveres szervezet lefegyverz\u00e9s\u00e9re utas\u00edtotta h\u00e9tf\u0151n Petro Porosenko eln\u00f6k az Ukr\u00e1n Biztons\u00e1gi Szolg\u00e1latot (SZBU) \u00e9s a bel\u00fcgyminiszt\u00e9riumot. El\u0151z\u0151leg Arszenyij Jacenyuk minisztereln\u00f6k utas\u00edt\u00e1s\u00e1ra az Ukr\u00e1n \u00c1llami P\u00e9nz\u00fcgyi Szolg\u00e1lat (DFSZ) lev\u00e1ltotta a k\u00e1rp\u00e1taljai v\u00e1mparancsnoks\u00e1g vezet\u0151it.(MTI)<\/p>\n<p>&nbsp;<\/p><div id=\"gazda-1744614344\" class=\"gazda-tartalomban gazda-entity-placement\"><script async src=\"https:\/\/pagead2.googlesyndication.com\/pagead\/js\/adsbygoogle.js\"><\/script>\r\n<ins class=\"adsbygoogle\"\r\n     style=\"display:block\"\r\n     data-ad-format=\"fluid\"\r\n     data-ad-layout-key=\"-6t+ed+2i-1n-4w\"\r\n     data-ad-client=\"ca-pub-1959107119989764\"\r\n     data-ad-slot=\"4008251320\"><\/ins>\r\n<script>\r\n     (adsbygoogle = window.adsbygoogle || []).push({});\r\n<\/script><\/div>\n","protected":false},"excerpt":{"rendered":"<p>K\u00e9t lembergi (Lviv) rend\u0151r\u0151rs bej\u00e1rat\u00e1n\u00e1l is robbant\u00e1st k\u00f6vettek el kedden, az egy \u00f3r\u00e1n bel\u00fcl bek\u00f6vetkezett deton\u00e1ci\u00f3kban k\u00e9t rend\u0151r s\u00falyosan megsebes\u00fclt.<\/p>\n","protected":false},"author":1,"featured_media":0,"comment_status":"open","ping_status":"closed","sticky":false,"template":"","format":"standard","meta":[],"categories":[139],"tags":[],"_links":{"self":[{"href":"https:\/\/gazdasagportal.hu\/index.php\/wp-json\/wp\/v2\/posts\/64599"}],"collection":[{"href":"https:\/\/gazdasagportal.hu\/index.php\/wp-json\/wp\/v2\/posts"}],"about":[{"href":"https:\/\/gazdasagportal.hu\/index.php\/wp-json\/wp\/v2\/types\/post"}],"author":[{"embeddable":true,"href":"https:\/\/gazdasagportal.hu\/index.php\/wp-json\/wp\/v2\/users\/1"}],"replies":[{"embeddable":true,"href":"https:\/\/gazdasagportal.hu\/index.php\/wp-json\/wp\/v2\/comments?post=64599"}],"version-history":[{"count":1,"href":"https:\/\/gazdasagportal.hu\/index.php\/wp-json\/wp\/v2\/posts\/64599\/revisions"}],"predecessor-version":[{"id":64600,"href":"https:\/\/gazdasagportal.hu\/index.php\/wp-json\/wp\/v2\/posts\/64599\/revisions\/64600"}],"wp:attachment":[{"href":"https:\/\/gazdasagportal.hu\/index.php\/wp-json\/wp\/v2\/media?parent=64599"}],"wp:term":[{"taxonomy":"category","embeddable":true,"href":"https:\/\/gazdasagportal.hu\/index.php\/wp-json\/wp\/v2\/categories?post=64599"},{"taxonomy":"post_tag","embeddable":true,"href":"https:\/\/gazdasagportal.hu\/index.php\/wp-json\/wp\/v2\/tags?post=64599"}],"curies":[{"name":"wp","href":"https:\/\/api.w.org\/{rel}","templated":true}]}}