{"id":64499,"date":"2015-07-11T11:31:38","date_gmt":"2015-07-11T09:31:38","guid":{"rendered":"http:\/\/gazdasagportal.hu\/?p=64499"},"modified":"2015-07-11T09:53:03","modified_gmt":"2015-07-11T07:53:03","slug":"nem-hajtott-vegre-hitelminositoi-felulvizsgalatot-magyarorszag-eseteben-a-moodys-3","status":"publish","type":"post","link":"https:\/\/gazdasagportal.hu\/index.php\/nem-hajtott-vegre-hitelminositoi-felulvizsgalatot-magyarorszag-eseteben-a-moodys-3\/","title":{"rendered":"Nem hajtott v\u00e9gre hitelmin\u0151s\u00edt\u0151i fel\u00fclvizsg\u00e1latot Magyarorsz\u00e1g eset\u00e9ben a Moody&#8217;s"},"content":{"rendered":"<p><strong>Nem hajtott v\u00e9gre \u00e1llamad\u00f3s-oszt\u00e1lyzati fel\u00fclvizsg\u00e1latot Magyarorsz\u00e1g eset\u00e9ben a Moody&#8217;s Investors Service.<\/strong><!--more--><\/p>\n<div class=\"ads-in-post1\"><div id=\"gazdasagportal.hu_fullbanner_wideboard\"><\/div>\r\n<\/div>\n<p>    A nemzetk\u00f6zi hitelmin\u0151s\u00edt\u0151 az Eur\u00f3pai Uni\u00f3 el\u0151\u00edr\u00e1sainak megfelel\u0151en &#8211; a t\u00f6bbi hitelmin\u0151s\u00edt\u0151h\u00f6z hasonl\u00f3an &#8211; el\u0151re \u00f6ssze\u00e1ll\u00edtotta a szuver\u00e9n ad\u00f3sbesorol\u00e1sok \u00e1ttekint\u00e9s\u00e9nek idei menetrendj\u00e9t. A Moody&#8217;s a magyar szuver\u00e9n oszt\u00e1lyzat idei m\u00e1sodik potenci\u00e1lis fel\u00fclvizsg\u00e1lati id\u0151pontj\u00e1t p\u00e9ntekre t\u0171zte ki, a c\u00e9g azonban p\u00e9ntek \u00e9jjel Londonban k\u00f6z\u00f6lte, hogy most nem friss\u00edtette a magyar \u00e1llamad\u00f3s-besorol\u00e1st.<br \/>\n    A Moody&#8217;s list\u00e1j\u00e1n Magyarorsz\u00e1g szuver\u00e9n ad\u00f3soszt\u00e1lyzata \u00edgy tov\u00e1bbra is &#8222;Ba1&#8221;, stabil kil\u00e1t\u00e1ssal.<br \/>\n    A hitelmin\u0151s\u00edt\u0151 idei fel\u00fclvizsg\u00e1lati menetrendj\u00e9ben Magyarorsz\u00e1g legk\u00f6zelebb november 6-\u00e1n szerepel.<br \/>\n    A Moody&#8217;s \u00e1ltal \u00e9rv\u00e9nyben tartott magyar ad\u00f3soszt\u00e1lyzat idei els\u0151 fel\u00fclvizsg\u00e1lat\u00e1nak lehets\u00e9ges id\u0151pontja m\u00e1rcius 6-\u00e1n volt, \u00e1m a hitelmin\u0151s\u00edt\u0151 akkor sem m\u00f3dos\u00edtotta a magyar szuver\u00e9n besorol\u00e1st, sem annak kil\u00e1t\u00e1s\u00e1t.<br \/>\n    A c\u00e9g legut\u00f3bb november 7-\u00e9n hajtott v\u00e9gre hitelmin\u0151s\u00edt\u0151i l\u00e9p\u00e9st Magyarorsz\u00e1ggal kapcsolatban: akkor jav\u00edtotta stabilra a lemin\u0151s\u00edt\u00e9s lehet\u0151s\u00e9g\u00e9re utal\u00f3 addigi negat\u00edvr\u00f3l a magyar \u00e1llamad\u00f3s-oszt\u00e1lyzat kil\u00e1t\u00e1s\u00e1t. A d\u00f6nt\u00e9st a c\u00e9g els\u0151sorban a magyar gazdas\u00e1g javul\u00f3 k\u00f6z\u00e9pt\u00e1v\u00fa kil\u00e1t\u00e1saival \u00e9s a k\u00f6lts\u00e9gvet\u00e9si konszolid\u00e1ci\u00f3 melletti korm\u00e1nyzati elk\u00f6telezetts\u00e9ggel indokolta.<br \/>\n    A Moody&#8217;s novemberi l\u00e9p\u00e9se nyom\u00e1n a magyar szuver\u00e9n ad\u00f3sbesorol\u00e1s mindh\u00e1rom nagy nemzetk\u00f6zi hitelmin\u0151s\u00edt\u0151 nyilv\u00e1ntart\u00e1s\u00e1ban stabil kil\u00e1t\u00e1ssal szerepel.<br \/>\n    A glob\u00e1lis p\u00e9nz\u00fcgyi v\u00e1ls\u00e1g ut\u00e1n \u00e9letbe l\u00e9ptetett EU-szab\u00e1lyoz\u00e1s alapj\u00e1n &#8211; hacsak azonnali min\u0151s\u00edt\u00e9si l\u00e9p\u00e9st ig\u00e9nyl\u0151 rendk\u00edv\u00fcli fejlem\u00e9ny nem t\u00f6rt\u00e9nik &#8211; a hitelmin\u0151s\u00edt\u0151k az \u00e1ltaluk el\u0151re meghat\u00e1rozott \u00e9s Br\u00fcsszelnek beny\u00fajtott id\u0151pontokban hajthatnak csak v\u00e9gre ad\u00f3soszt\u00e1lyzati l\u00e9p\u00e9seket eur\u00f3pai uni\u00f3s \u00e1llamad\u00f3sok eset\u00e9ben.<br \/>\n    Nem k\u00f6telez\u0151 azonban, \u00e9s nem is felt\u00e9tlen\u00fcl bizonyos ezeken a napokon a menetrendben szerepl\u0151 \u00e1llamad\u00f3s-oszt\u00e1lyzatok vagy az oszt\u00e1lyzatokra \u00e9rv\u00e9nyes kil\u00e1t\u00e1s m\u00f3dos\u00edt\u00e1sa, ahogy a Moody&#8217;s sem hajtott v\u00e9gre az idei \u00e9vre kit\u0171z\u00f6tt els\u0151 \u00e9s m\u00e1sodik fel\u00fclvizsg\u00e1lati id\u0151pontban hitelmin\u0151s\u00edt\u0151i l\u00e9p\u00e9st Magyarorsz\u00e1g eset\u00e9ben. A kit\u0171z\u00f6tt id\u0151pontok csak azt jelzik, hogy ha a hitelmin\u0151s\u00edt\u0151k indokoltnak l\u00e1tj\u00e1k valamely min\u0151s\u00edt\u00e9si l\u00e9p\u00e9s v\u00e9grehajt\u00e1s\u00e1t, azt &#8211; el\u0151re nem l\u00e1tott, nagy horderej\u0171, azonnali fel\u00fclvizsg\u00e1latot ig\u00e9nyl\u0151 fejlem\u00e9nyeket nem sz\u00e1m\u00edtva &#8211; az \u00e9v mely napjain jelenthetik be.<br \/>\n    A londoni elemz\u0151i k\u00f6z\u00f6ss\u00e9gben voltak olyan v\u00e1rakoz\u00e1sok, hogy a Moody&#8217;s p\u00e9nteken jav\u00edthatja legal\u00e1bb a magyar ad\u00f3soszt\u00e1lyzat kil\u00e1t\u00e1s\u00e1t.<br \/>\n    A JP Morgan glob\u00e1lis p\u00e9nz\u00fcgyi szolg\u00e1ltat\u00f3 csoport londoni befektet\u00e9si r\u00e9szleg\u00e9nek elemz\u0151i az eur\u00f3pai felz\u00e1rk\u00f3z\u00f3 piacokra \u00f6ssze\u00e1ll\u00edtott, e h\u00e9tre sz\u00f3l\u00f3 el\u0151rejelz\u00e9s\u00fckben azt j\u00f3solt\u00e1k, hogy a Moody&#8217;s p\u00e9nteken felmin\u0151s\u00edt\u00e9s lehet\u0151s\u00e9g\u00e9re utal\u00f3 pozit\u00edvra jav\u00edtja a magyar szuver\u00e9n besorol\u00e1s kil\u00e1t\u00e1s\u00e1t.<br \/>\n    A h\u00e1z elemz\u0151i szerint e v\u00e1rakoz\u00e1st egyebek mellett az indokolta, hogy a k\u00f6zad\u00f3ss\u00e1g-r\u00e1ta \u00e9s a k\u00fcls\u0151 ad\u00f3ss\u00e1gr\u00e1ta cs\u00f6kken\u00e9s\u00e9vel enyh\u00fclt a magyar gazdas\u00e1g k\u00fcls\u0151 sebezhet\u0151s\u00e9ge, emellett a bankad\u00f3 cs\u00f6kkent\u00e9se, amelyre a korm\u00e1ny \u00edg\u00e9retet tett, v\u00e1rhat\u00f3an j\u00f3t tesz a mag\u00e1nszektorbeli beruh\u00e1z\u00e1soknak \u00e9s a gazdas\u00e1gi n\u00f6veked\u00e9snek is.<br \/>\n    A nemzetk\u00f6zi hitelmin\u0151s\u00edt\u0151k mindazon\u00e1ltal az id\u00e9n m\u00e1r v\u00e9grehajtottak pozit\u00edv l\u00e9p\u00e9seket Magyarorsz\u00e1g eset\u00e9ben.<br \/>\n    A Fitch Ratings m\u00e1jusban pozit\u00edvra jav\u00edtotta a magyar szuver\u00e9n oszt\u00e1lyzat kil\u00e1t\u00e1s\u00e1t az addigi stabilr\u00f3l, egyebek mellett a magyar gazdas\u00e1g k\u00fcls\u0151 mutat\u00f3inak mark\u00e1ns javul\u00e1s\u00e1val indokolva a l\u00e9p\u00e9st.<br \/>\n    A Fitch &#8222;BB plusz&#8221; hossz\u00fa lej\u00e1rat\u00fa magyar szuver\u00e9n devizaad\u00f3s-oszt\u00e1lyzata a m\u00e1sik k\u00e9t nagy hitelmin\u0151s\u00edt\u0151, a Moody&#8217;s \u00e9s a Standard &#038; Poor&#8217;s hossz\u00fa t\u00e1v\u00fa magyar szuver\u00e9n min\u0151s\u00edt\u00e9s\u00e9vel azonos, \u00e9s egy fokozattal elmarad a befektet\u00e9si aj\u00e1nl\u00e1s\u00fa &#8222;BBB&#8221; s\u00e1v als\u00f3 sz\u00e9l\u00e9t\u0151l.<br \/>\n    Ha a Fitch Ratings a pozit\u00edv kil\u00e1t\u00e1s megad\u00e1sa nyom\u00e1n jav\u00edtja a magyar szuver\u00e9n devizaad\u00f3s-oszt\u00e1lyzatot is, ez a besorol\u00e1s enn\u00e9l a c\u00e9gn\u00e9l visszaker\u00fclne a befektet\u00e9si aj\u00e1nl\u00e1s\u00fa oszt\u00e1lyzati kateg\u00f3ri\u00e1ba.<br \/>\n    A Standard &#038; Poor&#8217;s m\u00e1rcius 20-\u00e1n &#8211; a nemzetk\u00f6zi hitelmin\u0151s\u00edt\u0151i gyakorlatban viszonylag szokatlan m\u00f3don, az addigi \u00e9s az az\u00f3ta is \u00e9rv\u00e9nyes stabil kil\u00e1t\u00e1s pozit\u00edvra jav\u00edt\u00e1sa n\u00e9lk\u00fcl &#8211; egy fokozattal &#8222;BB plusz&#8221;-ra jav\u00edtotta a deviz\u00e1ban \u00e9s a forintban fenn\u00e1ll\u00f3 hossz\u00fa lej\u00e1rat\u00fa magyar \u00e1llamad\u00f3ss\u00e1g besorol\u00e1s\u00e1t.<br \/>\n    A m\u00e1rciusi felmin\u0151s\u00edt\u00e9s el\u0151tt az S&#038;P tartotta \u00e9rv\u00e9nyben a leggyeng\u00e9bb besorol\u00e1st Magyarorsz\u00e1gra: a hossz\u00fa lej\u00e1rat\u00fa magyar \u00e1llamad\u00f3ss\u00e1g-k\u00f6telezetts\u00e9gek oszt\u00e1lyzata enn\u00e9l a c\u00e9gn\u00e9l addig &#8222;BB&#8221; volt, k\u00e9t fokozattal alacsonyabb a befektet\u00e9si aj\u00e1nl\u00e1s\u00fa s\u00e1v alapszintj\u00e9n\u00e9l, \u00e9s eggyel alacsonyabb a Moody&#8217;s \u00e9s a Fitch Ratings szuver\u00e9n magyar besorol\u00e1s\u00e1n\u00e1l.<br \/>\n    A Standard &#038; Poor&#8217;s m\u00e1rciusi oszt\u00e1lyzatjav\u00edt\u00e1s\u00e1val ker\u00fclt a magyar \u00e1llamad\u00f3s-besorol\u00e1s mindh\u00e1rom hitelmin\u0151s\u00edt\u0151n\u00e9l azonos szintre.<br \/>\n(MTI)<\/p>\n","protected":false},"excerpt":{"rendered":"<p>Nem hajtott v\u00e9gre \u00e1llamad\u00f3s-oszt\u00e1lyzati fel\u00fclvizsg\u00e1latot Magyarorsz\u00e1g eset\u00e9ben a Moody&#8217;s Investors Service.<\/p>\n","protected":false},"author":1,"featured_media":64424,"comment_status":"open","ping_status":"closed","sticky":false,"template":"","format":"standard","meta":[],"categories":[146,19],"tags":[],"_links":{"self":[{"href":"https:\/\/gazdasagportal.hu\/index.php\/wp-json\/wp\/v2\/posts\/64499"}],"collection":[{"href":"https:\/\/gazdasagportal.hu\/index.php\/wp-json\/wp\/v2\/posts"}],"about":[{"href":"https:\/\/gazdasagportal.hu\/index.php\/wp-json\/wp\/v2\/types\/post"}],"author":[{"embeddable":true,"href":"https:\/\/gazdasagportal.hu\/index.php\/wp-json\/wp\/v2\/users\/1"}],"replies":[{"embeddable":true,"href":"https:\/\/gazdasagportal.hu\/index.php\/wp-json\/wp\/v2\/comments?post=64499"}],"version-history":[{"count":1,"href":"https:\/\/gazdasagportal.hu\/index.php\/wp-json\/wp\/v2\/posts\/64499\/revisions"}],"predecessor-version":[{"id":64500,"href":"https:\/\/gazdasagportal.hu\/index.php\/wp-json\/wp\/v2\/posts\/64499\/revisions\/64500"}],"wp:featuredmedia":[{"embeddable":true,"href":"https:\/\/gazdasagportal.hu\/index.php\/wp-json\/wp\/v2\/media\/64424"}],"wp:attachment":[{"href":"https:\/\/gazdasagportal.hu\/index.php\/wp-json\/wp\/v2\/media?parent=64499"}],"wp:term":[{"taxonomy":"category","embeddable":true,"href":"https:\/\/gazdasagportal.hu\/index.php\/wp-json\/wp\/v2\/categories?post=64499"},{"taxonomy":"post_tag","embeddable":true,"href":"https:\/\/gazdasagportal.hu\/index.php\/wp-json\/wp\/v2\/tags?post=64499"}],"curies":[{"name":"wp","href":"https:\/\/api.w.org\/{rel}","templated":true}]}}