{"id":64495,"date":"2015-07-11T14:47:42","date_gmt":"2015-07-11T12:47:42","guid":{"rendered":"http:\/\/gazdasagportal.hu\/?p=64495"},"modified":"2015-07-11T09:54:59","modified_gmt":"2015-07-11T07:54:59","slug":"gorog-adossag-imf-kozgazdasz-meg-tobb-penzre-adossag-elengedesre-lehet-szukseg","status":"publish","type":"post","link":"https:\/\/gazdasagportal.hu\/index.php\/gorog-adossag-imf-kozgazdasz-meg-tobb-penzre-adossag-elengedesre-lehet-szukseg\/","title":{"rendered":"G\u00f6r\u00f6g ad\u00f3ss\u00e1g &#8211; IMF-k\u00f6zgazd\u00e1sz: m\u00e9g t\u00f6bb p\u00e9nzre, ad\u00f3ss\u00e1g-elenged\u00e9sre lehet sz\u00fcks\u00e9g"},"content":{"rendered":"<p><strong>A Nemzetk\u00f6zi Valutaalap (IMF) nem komment\u00e1lta hivatalosan a g\u00f6r\u00f6g korm\u00e1ny \u00e1ltal az eur\u00f3pai hitelez\u0151knek beny\u00fajtott legut\u00f3bbi meg\u00e1llapod\u00e1si javaslatot, de a szervezet vezet\u0151 k\u00f6zgazd\u00e1sza friss blogbejegyz\u00e9s\u00e9ben azt \u00edrta, hogy Ath\u00e9nnak az IMF \u00e1ltal kor\u00e1bban becs\u00fcltn\u00e9l nagyobb k\u00fcls\u0151 finansz\u00edroz\u00e1sra \u00e9s ad\u00f3ss\u00e1g-elenged\u00e9sre van sz\u00fcks\u00e9ge ahhoz, hogy fenntarthat\u00f3v\u00e1 v\u00e1ljanak ad\u00f3ss\u00e1gterhei.<\/strong><!--more--><\/p>\n<div class=\"ads-in-post1\"><div id=\"gazdasagportal.hu_fullbanner_wideboard\"><\/div>\r\n<\/div>\n<p>    Az IMF sz\u00f3viv\u0151je, Andreas Adriano \u00fajs\u00e1g\u00edr\u00f3i k\u00e9rd\u00e9sre azt k\u00f6z\u00f6lte p\u00e9nteken, hogy a szervezetnek egyel\u0151re nincs mondanival\u00f3ja az \u00faj g\u00f6r\u00f6g javaslattal kapcsolatban.<br \/>\n    Ugyanakkor Olivier Blanchard, a Nemzetk\u00f6zi Valutaalap vezet\u0151 k\u00f6zgazd\u00e1sza friss blogbejegyz\u00e9s\u00e9ben hosszasan elemezte a g\u00f6r\u00f6g v\u00e1ls\u00e1g kezel\u00e9s\u00e9t, egy\u00fattal pedig az annak rendez\u00e9s\u00e9re vonatkoz\u00f3 gondolatait is megosztotta.<br \/>\n    Blanchard azt \u00edrta: b\u00e1r az IMF legut\u00f3bbi helyzet\u00e9rt\u00e9kel\u00e9s\u00e9t &#8222;eur\u00f3pai partnereink t\u00fal pesszimist\u00e1nak tartott\u00e1k&#8221;, a jelenlegi folyamatok alapj\u00e1n m\u00e9g az abban foglaltakn\u00e1l is jelent\u0151sebb k\u00fcls\u0151 finansz\u00edroz\u00e1sra &#8211; k\u00fcl\u00f6n\u00f6sen a bankrendszer t\u00e1mogat\u00e1sa \u00e9rdek\u00e9ben &#8211; \u00e9s nagyobb ad\u00f3ss\u00e1g-elenged\u00e9sre lenne sz\u00fcks\u00e9g.<br \/>\n    Mindazon\u00e1ltal a k\u00f6zgazd\u00e1sz azt is kiemelte, hogy a finansz\u00edroz\u00e1si ig\u00e9nyek n\u00f6veked\u00e9se ellen\u00e9re az esetleges meg\u00e1llapod\u00e1snak azokhoz hasonl\u00f3 gazdas\u00e1gpolitikai int\u00e9zked\u00e9seket kell tartalmaznia, amelyekr\u0151l a megszor\u00edt\u00e1sokat elutas\u00edt\u00f3 g\u00f6r\u00f6g n\u00e9pszavaz\u00e1s el\u0151tt t\u00e1rgyaltak a felek.<br \/>\n    Az IMF m\u00falt h\u00e9ten k\u00f6zz\u00e9tett helyzet\u00e9rt\u00e9kel\u00e9s\u00e9ben azt \u00edrta: a jelenlegi tendenci\u00e1k alapj\u00e1n G\u00f6r\u00f6gorsz\u00e1gnak 2018 v\u00e9g\u00e9ig 50 milli\u00e1rd eur\u00f3s k\u00fcls\u0151 finansz\u00edroz\u00e1sra lesz sz\u00fcks\u00e9ge. Ezen t\u00falmen\u0151en a hitelek futamidej\u00e9t 20-r\u00f3l 40 \u00e9vre kellene n\u00f6velni, \u00e9s &#8211; ha a g\u00f6r\u00f6g n\u00f6veked\u00e9s tov\u00e1bbra sem indul be &#8211; a teljes ad\u00f3ss\u00e1g mintegy 30 sz\u00e1zal\u00e9k\u00e1t le kellene \u00edrni ahhoz, hogy az ad\u00f3ss\u00e1gterhek fenntarthat\u00f3v\u00e1 v\u00e1ljanak.<br \/>\n    G\u00f6r\u00f6gorsz\u00e1g legut\u00f3bbi javaslat\u00e1ban &#8211; amelyet cs\u00fct\u00f6rt\u00f6k\u00f6n este, nem sokkal a meg\u00e1llapod\u00e1sra szabott vas\u00e1rnapi hat\u00e1rid\u0151 el\u0151tt k\u00fcld\u00f6tt el eur\u00f3pai hitelez\u0151inek &#8211; 53,3 milli\u00e1rd eur\u00f3s, teh\u00e1t nagyj\u00e1b\u00f3l az IMF \u00e9rt\u00e9kel\u00e9s\u00e9nek megfelel\u0151 finansz\u00edroz\u00e1st k\u00e9rt a k\u00f6vetkez\u0151 h\u00e1rom \u00e9vre.<br \/>\n    Mindazon\u00e1ltal az IMF jelent\u00e9se m\u00e9g azel\u0151tt k\u00e9sz\u00fclt, hogy G\u00f6r\u00f6gorsz\u00e1g t\u0151kekorl\u00e1toz\u00e1sokat k\u00e9nyszer\u00fclt bevezetni, teh\u00e1t &#8211; amint arra a valutaalap felh\u00edvta figyelmet &#8211; az\u00f3ta tov\u00e1bb romlott az orsz\u00e1g p\u00e9nz\u00fcgyi-gazdas\u00e1gi helyzete.<br \/>\n    Blanchard a blogbejegyz\u00e9s\u00e9ben az IMF-et \u00e9s G\u00f6r\u00f6gorsz\u00e1g eur\u00f3pai hitelez\u0151it \u00e9rt b\u00edr\u00e1latok kapcs\u00e1n kit\u00e9rt arra is, hogy a g\u00f6r\u00f6g \u00e1llamh\u00e1ztart\u00e1s helyzet\u00e9nek f\u00e9ny\u00e9ben nem d\u00f6nt\u00e9s k\u00e9rd\u00e9se volt a megszor\u00edt\u00e1si politika, annak nem volt alternat\u00edv\u00e1ja. A g\u00f6r\u00f6g \u00e1llamh\u00e1ztart\u00e1s m\u00e9rlege m\u00e9g akkor is s\u00falyos, 10 sz\u00e1zal\u00e9k feletti deficitben lett volna, ha a teljes \u00e1llamad\u00f3ss\u00e1got le\u00edrj\u00e1k &#8211; hangs\u00falyozta.<br \/>\n    Azt elismerte, hogy a g\u00f6r\u00f6g gazdas\u00e1g teljes\u00edtm\u00e9nye minden v\u00e1rakoz\u00e1sn\u00e1l nagyobbat zuhant, \u00e1m \u00fagy v\u00e9lte, ez csak r\u00e9szben \u00edrhat\u00f3 a fisk\u00e1lis kiigaz\u00edt\u00e1s sz\u00e1ml\u00e1j\u00e1ra. A g\u00f6r\u00f6g GDP a kiigaz\u00edt\u00e1si program kezdet\u00e9n eleve magasabb volt a gazdas\u00e1g val\u00f3s teljes\u00edt\u0151k\u00e9pess\u00e9g\u00e9n\u00e9l, \u00e9s az ut\u00f3bbi \u00e9vek inkonzisztens gazdas\u00e1gpolitikai l\u00e9p\u00e9sei, a reformok el\u00e9gtelen v\u00e9grehajt\u00e1sa, az eur\u00f3z\u00f3n\u00e1b\u00f3l val\u00f3 kil\u00e9p\u00e9ssel kapcsolatos f\u00e9lelmek, az alacsony \u00fczleti bizalom \u00e9s a gyenge bankrendszer is nagyban hozz\u00e1j\u00e1rult a s\u00falyos recesszi\u00f3hoz &#8211; \u00edrta az IMF vezet\u0151 k\u00f6zgazd\u00e1sza.(MTI)<\/p>\n","protected":false},"excerpt":{"rendered":"<p>A Nemzetk\u00f6zi Valutaalap (IMF) nem komment\u00e1lta hivatalosan a g\u00f6r\u00f6g korm\u00e1ny \u00e1ltal az eur\u00f3pai hitelez\u0151knek beny\u00fajtott legut\u00f3bbi meg\u00e1llapod\u00e1si javaslatot, de a szervezet vezet\u0151 k\u00f6zgazd\u00e1sza friss blogbejegyz\u00e9s\u00e9ben azt \u00edrta, hogy Ath\u00e9nnak az IMF \u00e1ltal kor\u00e1bban becs\u00fcltn\u00e9l nagyobb k\u00fcls\u0151 finansz\u00edroz\u00e1sra \u00e9s ad\u00f3ss\u00e1g-elenged\u00e9sre van sz\u00fcks\u00e9ge ahhoz, hogy fenntarthat\u00f3v\u00e1 v\u00e1ljanak ad\u00f3ss\u00e1gterhei.<\/p>\n","protected":false},"author":1,"featured_media":529,"comment_status":"open","ping_status":"closed","sticky":false,"template":"","format":"standard","meta":[],"categories":[146,246],"tags":[],"_links":{"self":[{"href":"https:\/\/gazdasagportal.hu\/index.php\/wp-json\/wp\/v2\/posts\/64495"}],"collection":[{"href":"https:\/\/gazdasagportal.hu\/index.php\/wp-json\/wp\/v2\/posts"}],"about":[{"href":"https:\/\/gazdasagportal.hu\/index.php\/wp-json\/wp\/v2\/types\/post"}],"author":[{"embeddable":true,"href":"https:\/\/gazdasagportal.hu\/index.php\/wp-json\/wp\/v2\/users\/1"}],"replies":[{"embeddable":true,"href":"https:\/\/gazdasagportal.hu\/index.php\/wp-json\/wp\/v2\/comments?post=64495"}],"version-history":[{"count":1,"href":"https:\/\/gazdasagportal.hu\/index.php\/wp-json\/wp\/v2\/posts\/64495\/revisions"}],"predecessor-version":[{"id":64496,"href":"https:\/\/gazdasagportal.hu\/index.php\/wp-json\/wp\/v2\/posts\/64495\/revisions\/64496"}],"wp:featuredmedia":[{"embeddable":true,"href":"https:\/\/gazdasagportal.hu\/index.php\/wp-json\/wp\/v2\/media\/529"}],"wp:attachment":[{"href":"https:\/\/gazdasagportal.hu\/index.php\/wp-json\/wp\/v2\/media?parent=64495"}],"wp:term":[{"taxonomy":"category","embeddable":true,"href":"https:\/\/gazdasagportal.hu\/index.php\/wp-json\/wp\/v2\/categories?post=64495"},{"taxonomy":"post_tag","embeddable":true,"href":"https:\/\/gazdasagportal.hu\/index.php\/wp-json\/wp\/v2\/tags?post=64495"}],"curies":[{"name":"wp","href":"https:\/\/api.w.org\/{rel}","templated":true}]}}