{"id":64493,"date":"2015-07-11T09:47:23","date_gmt":"2015-07-11T07:47:23","guid":{"rendered":"http:\/\/gazdasagportal.hu\/?p=64493"},"modified":"2015-07-11T09:47:23","modified_gmt":"2015-07-11T07:47:23","slug":"budapest-pride-utlezarasok-demonstracio-miatt-a-fovarosban","status":"publish","type":"post","link":"https:\/\/gazdasagportal.hu\/index.php\/budapest-pride-utlezarasok-demonstracio-miatt-a-fovarosban\/","title":{"rendered":"Budapest Pride &#8211; \u00datlez\u00e1r\u00e1sok demonstr\u00e1ci\u00f3 miatt a f\u0151v\u00e1rosban"},"content":{"rendered":"<p><strong>Demonstr\u00e1ci\u00f3 miatt ma ideiglenes forgalomkorl\u00e1toz\u00e1sokra kell sz\u00e1m\u00edtani Budapest I., V. \u00e9s VI. ker\u00fclet\u00e9ben: sz\u00e1mos helyen tilos parkolni, d\u00e9lut\u00e1n pedig id\u0151szakosan t\u00f6bb forgalmas utat \u00e9s teret lez\u00e1rnak. A k\u00f6z\u00f6ss\u00e9gi k\u00f6zleked\u00e9sben kora d\u00e9lut\u00e1nt\u00f3l sz\u00e1mos v\u00e1ltoz\u00e1s lesz.<\/strong><!--more--><\/p>\n<div class=\"ads-in-post1\"><div id=\"gazdasagportal.hu_fullbanner_wideboard\"><\/div>\r\n<\/div>\n<p>    Szombat d\u00e9lut\u00e1n rendezik meg a f\u0151v\u00e1rosban a leszbikus, meleg, biszexu\u00e1lis, transznem\u0171 \u00e9s queer (LMBTQ) k\u00f6z\u00f6ss\u00e9g Budapest Pride fesztiv\u00e1lj\u00e1nak felvonul\u00e1s\u00e1t.<br \/>\n    A Budapesti Rend\u0151r-f\u0151kapit\u00e1nys\u00e1g (BRFK) a rend\u0151rs\u00e9g honlapj\u00e1n azt \u00edrta, demonstr\u00e1ci\u00f3 miatt \u00fatlez\u00e1r\u00e1sokra d\u00e9lut\u00e1n f\u00e9l 3-t\u00f3l este 9-ig kell sz\u00e1m\u00edtani egyebek mellett az Andr\u00e1ssy \u00faton, a Liszt Ferenc \u00e9s a J\u00f3kai t\u00e9ren, a Nagymez\u0151 \u00e9s a Dalsz\u00ednh\u00e1z utc\u00e1ban, a L\u00e1z\u00e1r utc\u00e1ban, a Bajcsy-Zsilinszky \u00faton, a J\u00f3zsef Attila utc\u00e1ban, valamint az Erzs\u00e9bet, az Ybl Mikl\u00f3s \u00e9s a Sz\u00e9chenyi t\u00e9ren. Lez\u00e1r\u00e1s v\u00e1rhat\u00f3 a N\u00e1dor utc\u00e1ban, a F\u0151 utc\u00e1ban, az Alag\u00fat utc\u00e1ban, a L\u00e1nch\u00edd utc\u00e1ban, a Hadnagy utc\u00e1ban, a V\u00e1ralja utc\u00e1ban, a V\u00e1rkert rakparton, a Krisztina k\u00f6r\u00faton, az Attila \u00faton, a D\u00f3zsa Gy\u00f6rgy t\u00e9ren, a Hegyalja \u00faton \u00e9s a BAH-csom\u00f3pontn\u00e1l.<br \/>\n    A lez\u00e1r\u00e1sok a g\u00e9pj\u00e1rm\u0171- \u00e9s gyalogosforgalmat egyar\u00e1nt \u00e9rintik.<br \/>\n    A lak\u00f3k \u00e9rv\u00e9nyes lakc\u00edmk\u00e1rtya, illetve szem\u00e9lyi igazolv\u00e1ny felmutat\u00e1s\u00e1val mehetnek be a lez\u00e1rt ter\u00fcletre &#8211; k\u00f6z\u00f6lte a BRFK.<br \/>\n    Este 7 \u00f3r\u00e1ig nem lehet parkolni p\u00e9ld\u00e1ul az Oktogon egyes szerviz\u00fatjain, az Andr\u00e1ssy \u00faton az Oktogon \u00e9s a Bajcsy-Zsilinszky \u00fat k\u00f6z\u00f6tt, a Liszt Ferenc \u00e9s a J\u00f3kai t\u00e9ren, a Nagymez\u0151, a Haj\u00f3s \u00e9s a Dalsz\u00ednh\u00e1z utca egyes szakaszain.<br \/>\n    Szint\u00e9n tilos meg\u00e1llni a Bajcsy-Zsilinszky \u00fat p\u00e1ratlan oldal\u00e1n az Anker k\u00f6z \u00e9s a R\u00e9vay utca k\u00f6z\u00f6tt, a J\u00f3zsef Attila utc\u00e1ban, a Hercegpr\u00edm\u00e1s, a Sas, az Okt\u00f3ber 6., a N\u00e1dor utca egyes szakaszain. Tov\u00e1bb\u00e1 az Erzs\u00e9bet \u00e9s a J\u00f3zsef n\u00e1dor t\u00e9ren, a Sz\u00e9chenyi t\u00e9ren k\u00f6rben, az MTA el\u0151tti parkol\u00f3ban, az Id. Antall J\u00f3zsef rakpart \u00e9s az Ap\u00e1czai Csere J\u00e1nos utca egy szakasz\u00e1n.<br \/>\n    \u00c9jf\u00e9lig tilos meg\u00e1llni a L\u00e1nch\u00edd utca mindk\u00e9t oldal\u00e1n, a L\u00e1nch\u00edd melletti parkol\u00f3ban, a D\u00f3zsa Gy\u00f6rgy \u00e9s az Ybl Mikl\u00f3s t\u00e9ren, a V\u00e1rkert rakpart mindk\u00e9t oldal\u00e1n, tov\u00e1bb\u00e1 a Hadnagy utc\u00e1ban a R\u00e1cz F\u00fcrd\u0151 el\u0151tti parkol\u00f3ban.<br \/>\n    A Budapesti K\u00f6zleked\u00e9si K\u00f6zpont (BKK) t\u00e1j\u00e9koztat\u00e1sa szerint a f\u0151v\u00e1rosban a Budapest Pride fesztiv\u00e1l felvonul\u00e1sa miatt ma m\u00e1r kora d\u00e9lut\u00e1nt\u00f3l k\u00f6r\u00fclbel\u00fcl este nyolc \u00f3r\u00e1ig sz\u00e1mos v\u00e1ltoz\u00e1s lesz a k\u00f6z\u00f6ss\u00e9gi k\u00f6zleked\u00e9sben.<br \/>\n    R\u00f6vid\u00edtett vagy m\u00e1s \u00fatvonalon k\u00f6zlekedik az 5-\u00f6s, a 9-es, a 15-\u00f6s, a 17-es, a 86-os, a 105-\u00f6s, a 115-\u00f6s \u00e9s a 178-as aut\u00f3busz, a 70-es \u00e9s a 78-as trolibusz, valamint n\u00e9h\u00e1ny \u00f3r\u00e1ra le\u00e1ll a 16-os busz \u00e9s a Budav\u00e1ri Sikl\u00f3 is.<br \/>\n    Az 1-es metr\u00f3 d\u00e9lut\u00e1n meg\u00e1ll\u00e1s n\u00e9lk\u00fcl halad \u00e1t a Bajcsy-Zsilinszky \u00fat \u00e9s az Opera \u00e1llom\u00e1son.<br \/>\n    A BKK arra k\u00e9ri az aut\u00f3sokat, hogy aki a belv\u00e1rost szeretn\u00e9 megk\u00f6zel\u00edteni, \u00e9s teheti, ink\u00e1bb sz\u00e1lljon \u00e1t a k\u00f6z\u00f6ss\u00e9gi k\u00f6zleked\u00e9si j\u00e1ratok valamelyik\u00e9re, a t\u00f6megk\u00f6zleked\u0151ket pedig, hogy lehet\u0151s\u00e9g szerint a k\u00f6t\u00f6ttp\u00e1ly\u00e1s j\u00e1ratokat, els\u0151sorban a 2-es, a 3-as vagy a 4-es metr\u00f3vonalat vegy\u00e9k ig\u00e9nybe.<br \/>\n    A BKK a Facebook-oldal\u00e1n, valamint a BKK Info fel\u00fclet\u00e9n a rendezv\u00e9ny ideje alatt friss, pontos inform\u00e1ci\u00f3kat ad a forgalomkorl\u00e1toz\u00e1sokr\u00f3l.(MTI)<\/p>\n","protected":false},"excerpt":{"rendered":"<p>Demonstr\u00e1ci\u00f3 miatt ma ideiglenes forgalomkorl\u00e1toz\u00e1sokra kell sz\u00e1m\u00edtani Budapest I., V. \u00e9s VI. ker\u00fclet\u00e9ben: sz\u00e1mos helyen tilos parkolni, d\u00e9lut\u00e1n pedig id\u0151szakosan t\u00f6bb forgalmas utat \u00e9s teret lez\u00e1rnak. A k\u00f6z\u00f6ss\u00e9gi k\u00f6zleked\u00e9sben kora d\u00e9lut\u00e1nt\u00f3l sz\u00e1mos v\u00e1ltoz\u00e1s lesz.<\/p>\n","protected":false},"author":1,"featured_media":0,"comment_status":"open","ping_status":"closed","sticky":false,"template":"","format":"standard","meta":[],"categories":[4,151],"tags":[],"_links":{"self":[{"href":"https:\/\/gazdasagportal.hu\/index.php\/wp-json\/wp\/v2\/posts\/64493"}],"collection":[{"href":"https:\/\/gazdasagportal.hu\/index.php\/wp-json\/wp\/v2\/posts"}],"about":[{"href":"https:\/\/gazdasagportal.hu\/index.php\/wp-json\/wp\/v2\/types\/post"}],"author":[{"embeddable":true,"href":"https:\/\/gazdasagportal.hu\/index.php\/wp-json\/wp\/v2\/users\/1"}],"replies":[{"embeddable":true,"href":"https:\/\/gazdasagportal.hu\/index.php\/wp-json\/wp\/v2\/comments?post=64493"}],"version-history":[{"count":1,"href":"https:\/\/gazdasagportal.hu\/index.php\/wp-json\/wp\/v2\/posts\/64493\/revisions"}],"predecessor-version":[{"id":64494,"href":"https:\/\/gazdasagportal.hu\/index.php\/wp-json\/wp\/v2\/posts\/64493\/revisions\/64494"}],"wp:attachment":[{"href":"https:\/\/gazdasagportal.hu\/index.php\/wp-json\/wp\/v2\/media?parent=64493"}],"wp:term":[{"taxonomy":"category","embeddable":true,"href":"https:\/\/gazdasagportal.hu\/index.php\/wp-json\/wp\/v2\/categories?post=64493"},{"taxonomy":"post_tag","embeddable":true,"href":"https:\/\/gazdasagportal.hu\/index.php\/wp-json\/wp\/v2\/tags?post=64493"}],"curies":[{"name":"wp","href":"https:\/\/api.w.org\/{rel}","templated":true}]}}