{"id":64432,"date":"2015-07-10T10:44:06","date_gmt":"2015-07-10T08:44:06","guid":{"rendered":"http:\/\/gazdasagportal.hu\/?p=64432"},"modified":"2015-07-10T11:16:30","modified_gmt":"2015-07-10T09:16:30","slug":"illegalis-bevandorlas-helsinki-bizottsag-az-erkezok-nem-gazdasagi-menekultek","status":"publish","type":"post","link":"https:\/\/gazdasagportal.hu\/index.php\/illegalis-bevandorlas-helsinki-bizottsag-az-erkezok-nem-gazdasagi-menekultek\/","title":{"rendered":"Illeg\u00e1lis bev\u00e1ndorl\u00e1s &#8211; Helsinki Bizotts\u00e1g: az \u00e9rkez\u0151k nem gazdas\u00e1gi menek\u00fcltek"},"content":{"rendered":"<p><strong>A Magyar Helsinki Bizotts\u00e1g t\u00e1rseln\u00f6ke szerint nem gazdas\u00e1gi menek\u00fclt, hanem h\u00e1bor\u00fa vagy diktat\u00fara el\u0151l menek\u00fcl az orsz\u00e1gba \u00e9rkez\u0151 migr\u00e1nsok z\u00f6me.<br \/>\n<\/strong><!--more--><\/p>\n<div class=\"ads-in-post1\"><div id=\"gazdasagportal.hu_fullbanner_wideboard\"><\/div>\r\n<\/div>\n    Pardavi M\u00e1rta p\u00e9nteken budapesti sajt\u00f3t\u00e1j\u00e9koztat\u00f3j\u00e1n elmondta, az ut\u00f3bbi hetekben, h\u00f3napokban regisztr\u00e1lt \u00e9rkez\u0151k jelent\u0151s h\u00e1nyada olyan orsz\u00e1gb\u00f3l &#8211; p\u00e9ld\u00e1ul Afganiszt\u00e1nb\u00f3l vagy Sz\u00edri\u00e1b\u00f3l &#8211; indult \u00fatnak, ahov\u00e1 az ott uralkod\u00f3 helyzet miatt nem lehet visszak\u00fcldeni \u0151ket, \u00edgy a t\u00f6bbs\u00e9g minden bizonnyal oltalmazotti vagy menek\u00fcltst\u00e1tust kapna, ha tisztess\u00e9ges, megfelel\u0151 garanci\u00e1kat k\u00edn\u00e1l\u00f3 elj\u00e1r\u00e1sban van r\u00e9sze.<br \/>\n    Hozz\u00e1tette, hogy egyetlen uni\u00f3s tag\u00e1llam sem tekinti biztons\u00e1gos harmadik \u00e1llamnak G\u00f6r\u00f6gorsz\u00e1got, Maced\u00f3ni\u00e1t vagy Szerbi\u00e1t, szerinte a korm\u00e1nyzat ezen felfog\u00e1sa &#8222;menek\u00fclt\u00fcgyi szempontb\u00f3l hallatlan&#8221;.<br \/>\n    K\u00f6z\u00f6lte, az \u00faj hazai szab\u00e1lyoz\u00e1s miatt r\u00f6vid id\u0151n bel\u00fcl uni\u00f3s jogi f\u00f3rumokhoz fordulnak.<br \/>\n    Azzal a v\u00e9lem\u00e9nnyel kapcsolatban, hogy az illeg\u00e1lisan bel\u00e9p\u0151k b\u0171ncselekm\u00e9nyt k\u00f6vetnek el, arra eml\u00e9keztetett: a tiltott hat\u00e1r\u00e1tl\u00e9p\u00e9s nem b\u0171ncselekm\u00e9ny, hanem szab\u00e1lys\u00e9rt\u00e9s, felt\u00e9ve, hogy azt nem fegyveresen k\u00f6vett\u00e9k el, ilyen eset azonban nem ker\u00fclt nyilv\u00e1noss\u00e1gra.<br \/>\n    Pardavi M\u00e1rta a magyar korm\u00e1nyzat uni\u00f3s t\u00e1mogat\u00e1st s\u00fcrget\u0151 felvet\u00e9sei kapcs\u00e1n megjegyezte: az EU tavaly nyolcmilli\u00f3 eur\u00f3t adott e c\u00e9lra; &#8222;ez k\u00f6r\u00fclbel\u00fcl ugyanakkora p\u00e9nz, mint amennyib\u0151l a magyar menek\u00fclt\u00fcgy m\u0171k\u00f6d\u00f6tt a tavalyi \u00e9vben&#8221;.<br \/>\n    Gyulai G\u00e1bor, a Helsinki bizotts\u00e1g menek\u00fclt\u00fcgyi programj\u00e1nak vezet\u0151je annak a v\u00e9lem\u00e9ny\u00e9nek adott hangot a menek\u00fclt\u00fcgyi t\u00f6rv\u00e9ny napokban elfogadott m\u00f3dos\u00edt\u00e1s\u00e1r\u00f3l sz\u00f3lva: a v\u00e1ltoztat\u00e1s c\u00e9lja, hogy &#8222;a mened\u00e9kk\u00e9r\u0151knek ne legyen m\u00f3djuk elmondani a t\u00f6rt\u00e9net\u00fcket, ne legyen m\u00f3djuk arra, hogy itt mened\u00e9ket kapjanak&#8221;.<br \/>\n    Szerinte \u00faj form\u00e1j\u00e1ban az elj\u00e1r\u00e1srend &#8222;ki\u00fcres\u00edti, lerombolja a magyar menek\u00fclt\u00fcgyi rendszert&#8221;, a r\u00f6vidre szabott hat\u00e1rid\u0151kkel megs\u00e9rtve azt az uni\u00f3s elvet is, amely tiltja, hogy a jogorvoslatot lehetetlenn\u00e9 tev\u0151 hat\u00e1rid\u0151ket szabjanak.(MTI)<\/p>\n","protected":false},"excerpt":{"rendered":"<p>A Magyar Helsinki Bizotts\u00e1g t\u00e1rseln\u00f6ke szerint nem gazdas\u00e1gi menek\u00fclt, hanem h\u00e1bor\u00fa vagy diktat\u00fara el\u0151l menek\u00fcl az orsz\u00e1gba \u00e9rkez\u0151 migr\u00e1nsok z\u00f6me.<\/p>\n","protected":false},"author":1,"featured_media":0,"comment_status":"open","ping_status":"closed","sticky":false,"template":"","format":"standard","meta":[],"categories":[4],"tags":[],"_links":{"self":[{"href":"https:\/\/gazdasagportal.hu\/index.php\/wp-json\/wp\/v2\/posts\/64432"}],"collection":[{"href":"https:\/\/gazdasagportal.hu\/index.php\/wp-json\/wp\/v2\/posts"}],"about":[{"href":"https:\/\/gazdasagportal.hu\/index.php\/wp-json\/wp\/v2\/types\/post"}],"author":[{"embeddable":true,"href":"https:\/\/gazdasagportal.hu\/index.php\/wp-json\/wp\/v2\/users\/1"}],"replies":[{"embeddable":true,"href":"https:\/\/gazdasagportal.hu\/index.php\/wp-json\/wp\/v2\/comments?post=64432"}],"version-history":[{"count":2,"href":"https:\/\/gazdasagportal.hu\/index.php\/wp-json\/wp\/v2\/posts\/64432\/revisions"}],"predecessor-version":[{"id":64436,"href":"https:\/\/gazdasagportal.hu\/index.php\/wp-json\/wp\/v2\/posts\/64432\/revisions\/64436"}],"wp:attachment":[{"href":"https:\/\/gazdasagportal.hu\/index.php\/wp-json\/wp\/v2\/media?parent=64432"}],"wp:term":[{"taxonomy":"category","embeddable":true,"href":"https:\/\/gazdasagportal.hu\/index.php\/wp-json\/wp\/v2\/categories?post=64432"},{"taxonomy":"post_tag","embeddable":true,"href":"https:\/\/gazdasagportal.hu\/index.php\/wp-json\/wp\/v2\/tags?post=64432"}],"curies":[{"name":"wp","href":"https:\/\/api.w.org\/{rel}","templated":true}]}}