{"id":64429,"date":"2015-07-10T10:32:53","date_gmt":"2015-07-10T08:32:53","guid":{"rendered":"http:\/\/gazdasagportal.hu\/?p=64429"},"modified":"2015-07-10T10:34:52","modified_gmt":"2015-07-10T08:34:52","slug":"vihar-mabisz-20-ezer-karbejelentes-3-milliard-forintos-kar","status":"publish","type":"post","link":"https:\/\/gazdasagportal.hu\/index.php\/vihar-mabisz-20-ezer-karbejelentes-3-milliard-forintos-kar\/","title":{"rendered":"Vihar &#8211; 20 ezer k\u00e1rbejelent\u00e9s, 3 milli\u00e1rd forintos k\u00e1r"},"content":{"rendered":"<p><strong>A Magyar Biztos\u00edt\u00f3k Sz\u00f6vets\u00e9g\u00e9nek (Mabisz) adatai szerint a szerdai vihar \u00e1ltal okozott becs\u00fclt k\u00e1r\u00e9rt\u00e9k el\u00e9rheti a 3 milli\u00e1rd forintot, a k\u00e1rok sz\u00e1ma pedig a 20 ezret.<\/strong><!--more--><\/p>\n<div class=\"ads-in-post1\"><div id=\"gazdasagportal.hu_fullbanner_wideboard\"><\/div>\r\n<\/div>\n<p>    A sz\u00f6vets\u00e9g p\u00e9nteki MTI-hez eljuttatott k\u00f6zlem\u00e9ny\u00e9ben azt \u00edrta, a cs\u00fct\u00f6rt\u00f6k kora d\u00e9lut\u00e1ni \u00f6sszes\u00edt\u00e9s szerint t\u00f6bb mint 5 ezer k\u00e1rbejelent\u00e9s \u00e9rkezett a hazai biztos\u00edt\u00f3khoz, ennek \u00f6sszes\u00edtett k\u00e1r\u00e9rt\u00e9ke m\u00e1r akkor meghaladta a 700 milli\u00f3 forintot. A bejelent\u00e9sek sz\u00e1ma \u00f3r\u00e1r\u00f3l \u00f3r\u00e1ra n\u0151, \u00e9s v\u00e1rhat\u00f3an a h\u00e9t v\u00e9g\u00e9n, illetve a j\u00f6v\u0151 h\u00e9ten is folytat\u00f3dik. Az el\u0151rejelz\u00e9sek szerint az \u00f6sszes bejelent\u00e9s megk\u00f6zel\u00edtheti a 20 ezret, a becs\u00fclt k\u00e1r\u00e9rt\u00e9k pedig a 3 milli\u00e1rd forintot is, az egy k\u00e1rra jut\u00f3 \u00e1tlagos k\u00e1r\u00f6sszeg 50 \u00e9s 170 ezer forint k\u00f6z\u00f6tt sz\u00f3r\u00f3dik, az eddigi tapasztalatok szerint sok a nagy \u00f6sszeg\u0171, milli\u00f3 forintot is meghalad\u00f3 k\u00e1r.<br \/>\n    A legt\u00f6bb bejelent\u00e9s Budapestr\u0151l, Pest, Fej\u00e9r, Veszpr\u00e9m, \u00e9s Vas megy\u00e9b\u0151l \u00e9rkezett, kiemelten sok k\u00e1rt jelentettek \u00c9rd \u00e9s Sz\u00e9kesfeh\u00e9rv\u00e1r t\u00e9rs\u00e9g\u00e9b\u0151l.<br \/>\n    A legt\u00f6bb a vihark\u00e1r, de sok helyr\u0151l \u00e9rkezett bejelent\u00e9s j\u00e9gver\u00e9sr\u0151l, illetve vill\u00e1mcsap\u00e1s okozta k\u00e1resem\u00e9nyekr\u0151l is. A nagy erej\u0171 vihar sok helyen okozott tet\u0151s\u00e9r\u00fcl\u00e9st, \u00e9s jellemz\u0151ek voltak az \u00fagynevezett r\u00e1d\u0151l\u00e9ses k\u00e1rok, a kid\u0151lt f\u00e1k ingatlanokban, aut\u00f3kban okoztak s\u00e9r\u00fcl\u00e9st &#8211; k\u00f6z\u00f6lte a Mabisz.<br \/>\n    T\u00f6bb biztos\u00edt\u00f3 m\u00e1r a vihar m\u00e1snapj\u00e1nak reggel\u00e9n jelezte, hogy meger\u0151s\u00edti telefonos, illetve szem\u00e9lyes \u00fcgyf\u00e9lszolg\u00e1lat\u00e1t annak \u00e9rdek\u00e9ben, hogy min\u00e9l el\u0151bb megkezd\u0151dhessen a k\u00e1rok rendez\u00e9se.<br \/>\n    Jelent\u0151s k\u00e1rokat okoz Magyarorsz\u00e1gon a k\u00e1nikula v\u00e9g\u00e9t jelz\u0151 felh\u0151szakad\u00e1s, a legut\u00f3bbi, j\u00fanius 9-i fels\u0151szakad\u00e1s miatt k\u00f6zel 2 ezer bejelent\u00e9s \u00e9rkezett a t\u00e1rsas\u00e1gokhoz, a k\u00e1rok \u00e9rt\u00e9ke pedig meghaladta a 320 milli\u00f3 forintot.<br \/>\n    A sz\u00f6vets\u00e9g adatai szerint 2010 \u00e9s 2014 k\u00f6z\u00f6tt a ny\u00e1ri peri\u00f3dusokban a legink\u00e1bb k\u00e1rvesz\u00e9lyes id\u0151szakban &#8211; m\u00e1jus 1-je \u00e9s augusztus 31-e k\u00f6z\u00f6tt &#8211; \u00f6sszesen 762 ezer k\u00e1rbejelent\u00e9st regisztr\u00e1ltak a biztos\u00edt\u00f3k, ezek egy\u00fcttes k\u00e1r\u00e9rt\u00e9ke megk\u00f6zel\u00edtette a 60 milli\u00e1rd forintot. 2014 m\u00e1jus-augusztus k\u00f6z\u00f6tt a ny\u00e1ri viharok k\u00f6vetkezt\u00e9ben az \u00e1tlagosn\u00e1l 40 sz\u00e1zal\u00e9kkal t\u00f6bb, 134 ezret meghalad\u00f3 k\u00e1rbejelent\u00e9s t\u00f6rt\u00e9nt.<br \/>\n    A Mabisz \u00f6sszes\u00edt\u00e9se szerint a biztos\u00edt\u00f3k \u00e9vente \u00e1tlagosan 650-700 ezer lak\u00e1sbiztos\u00edt\u00e1sokra bejelentett k\u00e1rt rendeznek, tavaly a t\u00f6bb mint 704 ezer ingatlant \u00e9rt k\u00e1rral kapcsolatos bejelent\u00e9s k\u00f6zel \u00f6t\u00f6de volt a nagy erej\u0171 viharokhoz volt k\u00f6thet\u0151.<br \/>\n    A hazai ingatlanok mintegy 72 sz\u00e1zal\u00e9ka rendelkezik lak\u00e1sbiztos\u00edt\u00e1ssal. 2010 \u00f3ta folyamatos cs\u00f6kken\u00e9s mutatkozott a piacon, ez id\u0151 alatt 93 ezerrel cs\u00f6kkent a biztos\u00edtott ingatlanok sz\u00e1ma. 2014-ben meg\u00e1llt a lak\u00e1sbiztos\u00edt\u00e1si \u00e1llom\u00e1ny zsugorod\u00e1sa, de a n\u00e9h\u00e1ny ezres szerz\u0151d\u00e9ssz\u00e1m-n\u00f6veked\u00e9s egyel\u0151re csak \u00f3vatos bizakod\u00e1sra adhat okot.(MTI)<\/p>\n","protected":false},"excerpt":{"rendered":"<p>A Magyar Biztos\u00edt\u00f3k Sz\u00f6vets\u00e9g\u00e9nek (Mabisz) adatai szerint a szerdai vihar \u00e1ltal okozott becs\u00fclt k\u00e1r\u00e9rt\u00e9k el\u00e9rheti a 3 milli\u00e1rd forintot, a k\u00e1rok sz\u00e1ma pedig a 20 ezret.<\/p>\n","protected":false},"author":1,"featured_media":0,"comment_status":"open","ping_status":"closed","sticky":false,"template":"","format":"standard","meta":[],"categories":[51],"tags":[],"_links":{"self":[{"href":"https:\/\/gazdasagportal.hu\/index.php\/wp-json\/wp\/v2\/posts\/64429"}],"collection":[{"href":"https:\/\/gazdasagportal.hu\/index.php\/wp-json\/wp\/v2\/posts"}],"about":[{"href":"https:\/\/gazdasagportal.hu\/index.php\/wp-json\/wp\/v2\/types\/post"}],"author":[{"embeddable":true,"href":"https:\/\/gazdasagportal.hu\/index.php\/wp-json\/wp\/v2\/users\/1"}],"replies":[{"embeddable":true,"href":"https:\/\/gazdasagportal.hu\/index.php\/wp-json\/wp\/v2\/comments?post=64429"}],"version-history":[{"count":2,"href":"https:\/\/gazdasagportal.hu\/index.php\/wp-json\/wp\/v2\/posts\/64429\/revisions"}],"predecessor-version":[{"id":64431,"href":"https:\/\/gazdasagportal.hu\/index.php\/wp-json\/wp\/v2\/posts\/64429\/revisions\/64431"}],"wp:attachment":[{"href":"https:\/\/gazdasagportal.hu\/index.php\/wp-json\/wp\/v2\/media?parent=64429"}],"wp:term":[{"taxonomy":"category","embeddable":true,"href":"https:\/\/gazdasagportal.hu\/index.php\/wp-json\/wp\/v2\/categories?post=64429"},{"taxonomy":"post_tag","embeddable":true,"href":"https:\/\/gazdasagportal.hu\/index.php\/wp-json\/wp\/v2\/tags?post=64429"}],"curies":[{"name":"wp","href":"https:\/\/api.w.org\/{rel}","templated":true}]}}