{"id":64339,"date":"2015-07-09T10:34:34","date_gmt":"2015-07-09T08:34:34","guid":{"rendered":"http:\/\/gazdasagportal.hu\/?p=64339"},"modified":"2015-07-09T10:34:34","modified_gmt":"2015-07-09T08:34:34","slug":"vihar-tobb-mint-negyszaz-fogyasztonal-meg-mindig-nincs-aram-fejer-megyeben","status":"publish","type":"post","link":"https:\/\/gazdasagportal.hu\/index.php\/vihar-tobb-mint-negyszaz-fogyasztonal-meg-mindig-nincs-aram-fejer-megyeben\/","title":{"rendered":"Vihar &#8211; T\u00f6bb mint n\u00e9gysz\u00e1z fogyaszt\u00f3n\u00e1l m\u00e9g mindig nincs \u00e1ram Fej\u00e9r megy\u00e9ben"},"content":{"rendered":"<p><strong>Fej\u00e9r megye 12 telep\u00fcl\u00e9s\u00e9n van m\u00e9g \u00e1ramkimarad\u00e1s a kisfesz\u00fclts\u00e9g\u0171 h\u00e1l\u00f3zatokban a szerda d\u00e9lut\u00e1ni vihar miatt, ez 431 fogyaszt\u00f3t \u00e9rint cs\u00fct\u00f6rt\u00f6k reggel &#8211; k\u00f6z\u00f6lte a Fej\u00e9r Megyei Katasztr\u00f3fav\u00e9delmi Igazgat\u00f3s\u00e1g sz\u00f3viv\u0151je az MTI-vel.<\/strong><!--more--><\/p>\n<div class=\"ads-in-post1\"><div id=\"gazdasagportal.hu_fullbanner_wideboard\"><\/div>\r\n<\/div>\n<p>    Szab\u00f3-Bisztricz Anett elmondta, a szolg\u00e1ltat\u00f3 folyamatosan dolgozik a hib\u00e1k kijav\u00edt\u00e1s\u00e1n. Eml\u00e9keztetett arra, hogy szerda este Fej\u00e9r megye 16 telep\u00fcl\u00e9s\u00e9n volt zavar az \u00e1ramell\u00e1t\u00e1sban, \u00e9s 7815 fogyaszt\u00e1si helyen sz\u00fcnetelt az \u00e1ramszolg\u00e1ltat\u00e1s.<br \/>\n    T\u00e1j\u00e9koztat\u00e1sa szerint szerda \u00e9jf\u00e9lig t\u00f6bb mint 250 bejelent\u00e9s \u00e9rkezett \u00fcgyelet\u00fckre, t\u00f6bbs\u00e9g\u00fckben Sz\u00e9kesfeh\u00e9rv\u00e1rr\u00f3l \u00e9s a Velencei-t\u00f3 d\u00e9li partj\u00e1r\u00f3l, de t\u00f6bb k\u00e1resetet jeleztek Magyaralm\u00e1sr\u00f3l, S\u00e1rkeresztesr\u0151l, Z\u00e1molyr\u00f3l, valamint Iszkaszentgy\u00f6rgy \u00e9s Isztim\u00e9r k\u00f6rny\u00e9k\u00e9r\u0151l.<br \/>\n    V\u00e1lon k\u00f6r\u00fclbel\u00fcl \u00f6tven \u00e9p\u00fclet teteje rong\u00e1l\u00f3dott meg, senki sem s\u00e9r\u00fclt meg. Isztim\u00e9ren egy h\u00e1z tet\u0151szerkezet\u00e9nek a fel\u00e9t let\u00e9pte a sz\u00e9l, az \u00e9p\u00fclet egyik t\u0171zfala teljesen, a m\u00e1sik r\u00e9szben kid\u0151lt. P\u00e1zm\u00e1ndon egy lak\u00f3h\u00e1zban is jelent\u0151s k\u00e1rokat okozott a vihar, a n\u00e9gy lak\u00f3 az \u00e9jszak\u00e1t a helyi m\u0171vel\u0151d\u00e9si h\u00e1zban t\u00f6lt\u00f6tte.(MTI)<\/p>\n","protected":false},"excerpt":{"rendered":"<p>Fej\u00e9r megye 12 telep\u00fcl\u00e9s\u00e9n van m\u00e9g \u00e1ramkimarad\u00e1s a kisfesz\u00fclts\u00e9g\u0171 h\u00e1l\u00f3zatokban a szerda d\u00e9lut\u00e1ni vihar miatt, ez 431 fogyaszt\u00f3t \u00e9rint cs\u00fct\u00f6rt\u00f6k reggel &#8211; k\u00f6z\u00f6lte a Fej\u00e9r Megyei Katasztr\u00f3fav\u00e9delmi Igazgat\u00f3s\u00e1g sz\u00f3viv\u0151je az MTI-vel.<\/p>\n","protected":false},"author":1,"featured_media":0,"comment_status":"open","ping_status":"closed","sticky":false,"template":"","format":"standard","meta":[],"categories":[4,151],"tags":[],"_links":{"self":[{"href":"https:\/\/gazdasagportal.hu\/index.php\/wp-json\/wp\/v2\/posts\/64339"}],"collection":[{"href":"https:\/\/gazdasagportal.hu\/index.php\/wp-json\/wp\/v2\/posts"}],"about":[{"href":"https:\/\/gazdasagportal.hu\/index.php\/wp-json\/wp\/v2\/types\/post"}],"author":[{"embeddable":true,"href":"https:\/\/gazdasagportal.hu\/index.php\/wp-json\/wp\/v2\/users\/1"}],"replies":[{"embeddable":true,"href":"https:\/\/gazdasagportal.hu\/index.php\/wp-json\/wp\/v2\/comments?post=64339"}],"version-history":[{"count":1,"href":"https:\/\/gazdasagportal.hu\/index.php\/wp-json\/wp\/v2\/posts\/64339\/revisions"}],"predecessor-version":[{"id":64340,"href":"https:\/\/gazdasagportal.hu\/index.php\/wp-json\/wp\/v2\/posts\/64339\/revisions\/64340"}],"wp:attachment":[{"href":"https:\/\/gazdasagportal.hu\/index.php\/wp-json\/wp\/v2\/media?parent=64339"}],"wp:term":[{"taxonomy":"category","embeddable":true,"href":"https:\/\/gazdasagportal.hu\/index.php\/wp-json\/wp\/v2\/categories?post=64339"},{"taxonomy":"post_tag","embeddable":true,"href":"https:\/\/gazdasagportal.hu\/index.php\/wp-json\/wp\/v2\/tags?post=64339"}],"curies":[{"name":"wp","href":"https:\/\/api.w.org\/{rel}","templated":true}]}}