{"id":64321,"date":"2015-07-09T02:13:19","date_gmt":"2015-07-09T00:13:19","guid":{"rendered":"http:\/\/gazdasagportal.hu\/?p=64321"},"modified":"2015-07-08T22:44:22","modified_gmt":"2015-07-08T20:44:22","slug":"tobb-oras-leallas-utan-ujraindult-a-kereskedes-a-new-york-i-tozsden","status":"publish","type":"post","link":"https:\/\/gazdasagportal.hu\/index.php\/tobb-oras-leallas-utan-ujraindult-a-kereskedes-a-new-york-i-tozsden\/","title":{"rendered":"T\u00f6bb \u00f3r\u00e1s le\u00e1ll\u00e1s ut\u00e1n \u00fajraindult a keresked\u00e9s a New York-i t\u0151zsd\u00e9n"},"content":{"rendered":"<p><strong>Kevesebb mint egy \u00f3r\u00e1val a szerdai z\u00e1r\u00e1s el\u0151tt \u00fajraindult a keresked\u00e9s a New York-i \u00e9rt\u00e9kt\u0151zsd\u00e9n, miut\u00e1n egy technikai hiba miatt kor\u00e1bban h\u00e1rom \u00e9s f\u00e9l \u00f3r\u00e1ra le\u00e1llt az \u00e9rt\u00e9kpap\u00edrok ad\u00e1sv\u00e9tele.<\/strong><!--more--><\/p>\n<div class=\"ads-in-post1\"><div id=\"gazdasagportal.hu_fullbanner_wideboard\"><\/div>\r\n<\/div>\n<p>    A New York-i t\u0151zsde (NYSE) helyi id\u0151 szerint 11.32-kor f\u00fcggesztette fel a keresked\u00e9st egy &#8222;bels\u0151 technikai probl\u00e9m\u00e1ra&#8221; hivatkozva. A le\u00e1ll\u00e1s nem befoly\u00e1solta a New York-i t\u0151zsd\u00e9n (NYSE) jegyzett r\u00e9szv\u00e9nyek forgalm\u00e1t m\u00e1s t\u0151zsd\u00e9ken. Elemz\u0151k arra is eml\u00e9keztettek, hogy manaps\u00e1g m\u00e1r nem olyan jelent\u0151s az NYSE szerepe mint kor\u00e1bban volt, az el\u0151z\u0151 h\u00f3napban az amerikai r\u00e9szv\u00e9nykeresked\u00e9s 13,4, a keddi napon pedig 12,5 sz\u00e1zal\u00e9k\u00e1t bonyol\u00edtott\u00e1k a New York-i t\u0151zsd\u00e9n.<br \/>\n    A le\u00e1ll\u00e1s el\u0151tt a t\u0151zsde m\u00ednuszban volt a k\u00ednai r\u00e9szv\u00e9ny\u00e1rfolyamok tart\u00f3s \u00e9s jelent\u0151s es\u00e9s\u00e9vel, illetve a g\u00f6r\u00f6gorsz\u00e1gi helyzettel kapcsolatos aggodalmak miatt.<br \/>\n    Mind a t\u0151zsd\u00e9t \u00fczemeltet\u0151 c\u00e9g, mind az amerikai belbiztons\u00e1gi miniszt\u00e9rium azt k\u00f6z\u00f6lte, hogy a probl\u00e9m\u00e1t nem kibert\u00e1mad\u00e1s okozta. Amerikai megfigyel\u0151k arra gyanakodnak, hogy egy szerd\u00e1n \u00fajonnan bevezetett szoftver \u00e1llhat a s\u00falyos le\u00e1ll\u00e1s h\u00e1tter\u00e9ben.<br \/>\n    A CNN h\u00edrcsatorna \u00e9rtes\u00fcl\u00e9sei szerint m\u00e1r a keresked\u00e9s kezdete el\u0151tt voltak jelei a probl\u00e9m\u00e1knak: a t\u0151zsde vezet\u00e9se jelezte a br\u00f3kereknek, hogy t\u00f6bb mint k\u00e9tsz\u00e1z r\u00e9szv\u00e9nyt technikai okokb\u00f3l nem adhatnak \u00e9s vehetnek a nap folyam\u00e1n.(MTI)<\/p>\n","protected":false},"excerpt":{"rendered":"<p>Kevesebb mint egy \u00f3r\u00e1val a szerdai z\u00e1r\u00e1s el\u0151tt \u00fajraindult a keresked\u00e9s a New York-i \u00e9rt\u00e9kt\u0151zsd\u00e9n, miut\u00e1n egy technikai hiba miatt kor\u00e1bban h\u00e1rom \u00e9s f\u00e9l \u00f3r\u00e1ra le\u00e1llt az \u00e9rt\u00e9kpap\u00edrok ad\u00e1sv\u00e9tele.<\/p>\n","protected":false},"author":1,"featured_media":0,"comment_status":"open","ping_status":"closed","sticky":false,"template":"","format":"standard","meta":[],"categories":[8],"tags":[],"_links":{"self":[{"href":"https:\/\/gazdasagportal.hu\/index.php\/wp-json\/wp\/v2\/posts\/64321"}],"collection":[{"href":"https:\/\/gazdasagportal.hu\/index.php\/wp-json\/wp\/v2\/posts"}],"about":[{"href":"https:\/\/gazdasagportal.hu\/index.php\/wp-json\/wp\/v2\/types\/post"}],"author":[{"embeddable":true,"href":"https:\/\/gazdasagportal.hu\/index.php\/wp-json\/wp\/v2\/users\/1"}],"replies":[{"embeddable":true,"href":"https:\/\/gazdasagportal.hu\/index.php\/wp-json\/wp\/v2\/comments?post=64321"}],"version-history":[{"count":1,"href":"https:\/\/gazdasagportal.hu\/index.php\/wp-json\/wp\/v2\/posts\/64321\/revisions"}],"predecessor-version":[{"id":64322,"href":"https:\/\/gazdasagportal.hu\/index.php\/wp-json\/wp\/v2\/posts\/64321\/revisions\/64322"}],"wp:attachment":[{"href":"https:\/\/gazdasagportal.hu\/index.php\/wp-json\/wp\/v2\/media?parent=64321"}],"wp:term":[{"taxonomy":"category","embeddable":true,"href":"https:\/\/gazdasagportal.hu\/index.php\/wp-json\/wp\/v2\/categories?post=64321"},{"taxonomy":"post_tag","embeddable":true,"href":"https:\/\/gazdasagportal.hu\/index.php\/wp-json\/wp\/v2\/tags?post=64321"}],"curies":[{"name":"wp","href":"https:\/\/api.w.org\/{rel}","templated":true}]}}