{"id":64313,"date":"2015-07-09T03:54:35","date_gmt":"2015-07-09T01:54:35","guid":{"rendered":"http:\/\/gazdasagportal.hu\/?p=64313"},"modified":"2015-07-08T20:59:36","modified_gmt":"2015-07-08T18:59:36","slug":"banki-elszamolas-a-lombard-lizing-csak-polgari-peres-eljarasban-veheti-vissza-ugyfeleitol-a-gepjarmuveket","status":"publish","type":"post","link":"https:\/\/gazdasagportal.hu\/index.php\/banki-elszamolas-a-lombard-lizing-csak-polgari-peres-eljarasban-veheti-vissza-ugyfeleitol-a-gepjarmuveket\/","title":{"rendered":"Banki elsz\u00e1mol\u00e1s &#8211; A Lombard L\u00edzing csak polg\u00e1ri peres elj\u00e1r\u00e1sban veheti vissza \u00fcgyfeleit\u0151l a g\u00e9pj\u00e1rm\u0171veket"},"content":{"rendered":"<p><strong>A Lombard L\u00edzing Zrt. csak polg\u00e1ri peres elj\u00e1r\u00e1sok keret\u00e9ben veheti vissza nem fizet\u0151 \u00fcgyfeleit\u0151l g\u00e9pj\u00e1rm\u0171veiket, \u00e9s a p\u00e9nzint\u00e9zet kor\u00e1bbi gyakorlat\u00e1val ellent\u00e9tben m\u00e1r nem adhatja \u00e1t \u00fcgyfelei szem\u00e9lyes adatait a behajt\u00f3knak &#8211; ismertette Bihari Krisztina \u00fcgyv\u00e9d a K\u00faria k\u00f6z\u00e9rdek\u0171 perben hozott d\u00f6nt\u00e9s\u00e9t szerd\u00e1n az M1 aktu\u00e1lis csatorn\u00e1n.<\/strong><!--more--><\/p>\n<div class=\"ads-in-post1\"><div id=\"gazdasagportal.hu_fullbanner_wideboard\"><\/div>\r\n<\/div>\n<p>    A K\u00faria keddi d\u00f6nt\u00e9se szerint a Lombard L\u00edzing Zrt. az \u00fcgyfelei el\u00e9rhet\u0151s\u00e9g\u00e9t, lakc\u00edm\u00e9t, telefonsz\u00e1m\u00e1t, szem\u00e9lyi adatait, aut\u00f3ik rendsz\u00e1m\u00e1t, vagyis a hitelesek bizalmas adatait nem adhatja \u00e1t a vele egy \u00e9rdekelts\u00e9gi k\u00f6rbe tartoz\u00f3 gazdas\u00e1gi t\u00e1rsas\u00e1gnak, azaz a behajt\u00f3knak &#8211; jelentette ki a pert ind\u00edt\u00f3, hitel\u00fcgyekre szakosodott szegedi \u00fcgyv\u00e9dn\u0151.<br \/>\n    R\u00e1mutatott: az egyetlen tisztess\u00e9ges \u00fat a t\u00f6rv\u00e9nyes \u00fat; a K\u00faria, a Szegedi \u00cdt\u00e9l\u0151t\u00e1bla \u00edt\u00e9let\u00e9vel \u00f6sszhangban kimondta, hogy polg\u00e1ri peres elj\u00e1r\u00e1st kell kezdem\u00e9nyezni ezekkel a mag\u00e1nszem\u00e9lyekkel szemben a g\u00e9pj\u00e1rm\u0171veik vagy a tartoz\u00e1suk kifizet\u00e9se \u00e9rdek\u00e9ben.<br \/>\n    Bihari Krisztina elmond\u00e1sa szerint a legnagyobb jelent\u0151s\u00e9g\u0171 d\u00f6nt\u00e9s az \u00fagynevezett rendk\u00edv\u00fcli \u00e1rfolyamesem\u00e9ny &#8211; a forint \u00e9s a deviza alap\u00fa hitelek t\u00f6rleszt\u0151r\u00e9szleteinek hirtelen emelked\u00e9se &#8211; kapcs\u00e1n sz\u00fcletett. Ez azt jelenti, hogy a fix havi t\u00f6rleszt\u0151r\u00e9szletet fizet\u0151 \u00fcgyfelek eset\u00e9ben a bank a futamid\u0151 lej\u00e1rta el\u0151tt az \u00e1rfolyam k\u00fcl\u00f6nb\u00f6zetet nem terhelheti \u00e1t a hitelesekre.<br \/>\n    Az \u00fcgyv\u00e9dn\u0151 szerint azonban a Lombard L\u00edzing Zrt. mintegy 10 ezer \u00fcgyfel\u00e9vel \u00e9pp ezt tette a kor\u00e1bbi \u00e9vekben.<br \/>\n    Hozz\u00e1tette, hogy a K\u00faria d\u00f6nt\u00e9se \u00e9rtelm\u00e9ben a futamid\u0151 lej\u00e1rta ut\u00e1n megl\u00e9v\u0151 esetleges \u00e1rfolyamk\u00fcl\u00f6nb\u00f6zet fizet\u00e9s\u00e9r\u0151l is polg\u00e1ri peres elj\u00e1r\u00e1s keret\u00e9ben kell hat\u00e1rozni.<br \/>\n    Az \u00fcgyv\u00e9dn\u0151 kifejtette: ha a g\u00e9pj\u00e1rm\u0171vet a futamid\u0151 lej\u00e1rta el\u0151tt ellopj\u00e1k, vagy baleset k\u00f6vetkezt\u00e9ben haszn\u00e1lhatatlann\u00e1 v\u00e1lik, a hitelt ny\u00fajt\u00f3 p\u00e9nzint\u00e9zet a szerz\u0151d\u00e9st nem mondhatja fel, \u00e9s a teljes h\u00e1tral\u00e9v\u0151 ad\u00f3ss\u00e1got, \u00e1rfolyamk\u00fcl\u00f6nb\u00f6zetet sem terhelheti az \u00fcgyf\u00e9lre.<br \/>\n     Bihari Krisztina arr\u00f3l is besz\u00e1molt, hogy a K\u00faria a Lombard L\u00edzing Zrt. hiteleseivel k\u00f6t\u00f6tt szerz\u0151d\u00e9sekkel kapcsolatban meg\u00e1llap\u00edtotta, hogy az \u00e1ltal\u00e1nos szerz\u0151d\u00e9si felt\u00e9telek k\u00f6z\u00fcl 24 \u00e9rv\u00e9nytelen, ez\u00e1ltal gyakorlatilag szinte nem maradt olyan szerz\u0151d\u00e9si felt\u00e9tel, amire hivatkozva a p\u00e9nzint\u00e9zet fel tudn\u00e1 mondani az ad\u00f3saival k\u00f6t\u00f6tt jogviszonyt.(MTI)<\/p>\n","protected":false},"excerpt":{"rendered":"<p>A Lombard L\u00edzing Zrt. csak polg\u00e1ri peres elj\u00e1r\u00e1sok keret\u00e9ben veheti vissza nem fizet\u0151 \u00fcgyfeleit\u0151l g\u00e9pj\u00e1rm\u0171veiket, \u00e9s a p\u00e9nzint\u00e9zet kor\u00e1bbi gyakorlat\u00e1val ellent\u00e9tben m\u00e1r nem adhatja \u00e1t \u00fcgyfelei szem\u00e9lyes adatait a behajt\u00f3knak &#8211; ismertette Bihari Krisztina \u00fcgyv\u00e9d a K\u00faria k\u00f6z\u00e9rdek\u0171 perben hozott d\u00f6nt\u00e9s\u00e9t szerd\u00e1n az M1 aktu\u00e1lis csatorn\u00e1n.<\/p>\n","protected":false},"author":1,"featured_media":0,"comment_status":"open","ping_status":"closed","sticky":false,"template":"","format":"standard","meta":[],"categories":[19],"tags":[],"_links":{"self":[{"href":"https:\/\/gazdasagportal.hu\/index.php\/wp-json\/wp\/v2\/posts\/64313"}],"collection":[{"href":"https:\/\/gazdasagportal.hu\/index.php\/wp-json\/wp\/v2\/posts"}],"about":[{"href":"https:\/\/gazdasagportal.hu\/index.php\/wp-json\/wp\/v2\/types\/post"}],"author":[{"embeddable":true,"href":"https:\/\/gazdasagportal.hu\/index.php\/wp-json\/wp\/v2\/users\/1"}],"replies":[{"embeddable":true,"href":"https:\/\/gazdasagportal.hu\/index.php\/wp-json\/wp\/v2\/comments?post=64313"}],"version-history":[{"count":1,"href":"https:\/\/gazdasagportal.hu\/index.php\/wp-json\/wp\/v2\/posts\/64313\/revisions"}],"predecessor-version":[{"id":64314,"href":"https:\/\/gazdasagportal.hu\/index.php\/wp-json\/wp\/v2\/posts\/64313\/revisions\/64314"}],"wp:attachment":[{"href":"https:\/\/gazdasagportal.hu\/index.php\/wp-json\/wp\/v2\/media?parent=64313"}],"wp:term":[{"taxonomy":"category","embeddable":true,"href":"https:\/\/gazdasagportal.hu\/index.php\/wp-json\/wp\/v2\/categories?post=64313"},{"taxonomy":"post_tag","embeddable":true,"href":"https:\/\/gazdasagportal.hu\/index.php\/wp-json\/wp\/v2\/tags?post=64313"}],"curies":[{"name":"wp","href":"https:\/\/api.w.org\/{rel}","templated":true}]}}