{"id":64309,"date":"2015-07-08T20:52:54","date_gmt":"2015-07-08T18:52:54","guid":{"rendered":"http:\/\/gazdasagportal.hu\/?p=64309"},"modified":"2015-07-08T20:52:54","modified_gmt":"2015-07-08T18:52:54","slug":"vihar-zavartalan-a-forgalom-ferihegyen-a-kozossegi-kozlekedes-meg-akadozik","status":"publish","type":"post","link":"https:\/\/gazdasagportal.hu\/index.php\/vihar-zavartalan-a-forgalom-ferihegyen-a-kozossegi-kozlekedes-meg-akadozik\/","title":{"rendered":"Vihar &#8211; Zavartalan a forgalom Ferihegyen, a k\u00f6z\u00f6ss\u00e9gi k\u00f6zleked\u00e9s m\u00e9g akadozik"},"content":{"rendered":"<p><strong>A zivatarz\u00f3na elvonul\u00e1s\u00e1val helyre\u00e1llt a rend a k\u00f6zleked\u00e9sben a budapesti rep\u00fcl\u0151t\u00e9ren, a kor\u00e1bban v\u00e1rakoz\u00f3 g\u00e9pek mind gond n\u00e9lk\u00fcl lesz\u00e1lltak. A f\u0151v\u00e1rosi k\u00f6z\u00f6ss\u00e9gi k\u00f6zleked\u00e9sben azonban tov\u00e1bbra is jelent\u0151s fennakad\u00e1sok vannak.<br \/>\n<\/strong><!--more--><\/p>\n<div class=\"ads-in-post1\"><div id=\"gazdasagportal.hu_fullbanner_wideboard\"><\/div>\r\n<\/div>\n    A Budapesti K\u00f6zleked\u00e9si K\u00f6zpont (BKK) legfrissebb, Facebookon k\u00f6z\u00f6lt inform\u00e1ci\u00f3i szerint a 3-as metr\u00f3 helyett tov\u00e1bbra is p\u00f3tl\u00f3buszok k\u00f6zlekednek a De\u00e1k Ferenc t\u00e9r \u00e9s K\u0151b\u00e1nya-Kispest k\u00f6z\u00f6tt. A r\u00e1ckevei (7-es) \u00e9s a g\u00f6d\u00f6ll\u0151i (8-as) H\u00c9V helyett egy szakaszon szint\u00e9n buszok j\u00e1rnak. T\u00f6bb villamosvonalon tov\u00e1bbra is sz\u00fcnetel, t\u00f6bb busz- \u00e9s trolij\u00e1raton pedig akadozik a forgalom.(MTI)<\/p>\n","protected":false},"excerpt":{"rendered":"<p>A zivatarz\u00f3na elvonul\u00e1s\u00e1val helyre\u00e1llt a rend a k\u00f6zleked\u00e9sben a budapesti rep\u00fcl\u0151t\u00e9ren, a kor\u00e1bban v\u00e1rakoz\u00f3 g\u00e9pek mind gond n\u00e9lk\u00fcl lesz\u00e1lltak. A f\u0151v\u00e1rosi k\u00f6z\u00f6ss\u00e9gi k\u00f6zleked\u00e9sben azonban tov\u00e1bbra is jelent\u0151s fennakad\u00e1sok vannak.<\/p>\n","protected":false},"author":1,"featured_media":0,"comment_status":"open","ping_status":"closed","sticky":false,"template":"","format":"standard","meta":[],"categories":[4],"tags":[],"_links":{"self":[{"href":"https:\/\/gazdasagportal.hu\/index.php\/wp-json\/wp\/v2\/posts\/64309"}],"collection":[{"href":"https:\/\/gazdasagportal.hu\/index.php\/wp-json\/wp\/v2\/posts"}],"about":[{"href":"https:\/\/gazdasagportal.hu\/index.php\/wp-json\/wp\/v2\/types\/post"}],"author":[{"embeddable":true,"href":"https:\/\/gazdasagportal.hu\/index.php\/wp-json\/wp\/v2\/users\/1"}],"replies":[{"embeddable":true,"href":"https:\/\/gazdasagportal.hu\/index.php\/wp-json\/wp\/v2\/comments?post=64309"}],"version-history":[{"count":1,"href":"https:\/\/gazdasagportal.hu\/index.php\/wp-json\/wp\/v2\/posts\/64309\/revisions"}],"predecessor-version":[{"id":64310,"href":"https:\/\/gazdasagportal.hu\/index.php\/wp-json\/wp\/v2\/posts\/64309\/revisions\/64310"}],"wp:attachment":[{"href":"https:\/\/gazdasagportal.hu\/index.php\/wp-json\/wp\/v2\/media?parent=64309"}],"wp:term":[{"taxonomy":"category","embeddable":true,"href":"https:\/\/gazdasagportal.hu\/index.php\/wp-json\/wp\/v2\/categories?post=64309"},{"taxonomy":"post_tag","embeddable":true,"href":"https:\/\/gazdasagportal.hu\/index.php\/wp-json\/wp\/v2\/tags?post=64309"}],"curies":[{"name":"wp","href":"https:\/\/api.w.org\/{rel}","templated":true}]}}