{"id":64295,"date":"2015-07-08T17:48:32","date_gmt":"2015-07-08T15:48:32","guid":{"rendered":"http:\/\/gazdasagportal.hu\/?p=64295"},"modified":"2015-07-08T18:39:26","modified_gmt":"2015-07-08T16:39:26","slug":"vihar-fennakadasok-a-budapesti-kozossegi-kozlekedesben","status":"publish","type":"post","link":"https:\/\/gazdasagportal.hu\/index.php\/vihar-fennakadasok-a-budapesti-kozossegi-kozlekedesben\/","title":{"rendered":"Vihar &#8211; Itt a h\u00e9v nem megy, ott a villamos, erre figyelj a k\u00f6zleked\u00e9sben"},"content":{"rendered":"<p><strong>A Budapesti K\u00f6zleked\u00e9si K\u00f6zpont (BKK) t\u00f6bb j\u00e1rata is fennakad\u00e1sokkal k\u00f6zlekedik a szerda d\u00e9lut\u00e1n a f\u0151v\u00e1rost is el\u00e9r\u0151 vihar miatt.<\/strong><!--more--><\/p>\n<div class=\"ads-in-post1\"><div id=\"gazdasagportal.hu_fullbanner_wideboard\"><\/div>\r\n<\/div>\n<p>    A BKK a Facebook-oldal\u00e1n k\u00f6z\u00f6lte, hogy a csepeli (7-es) \u00e9s a r\u00e1ckevei (6-os) H\u00c9V nem k\u00f6zlekedik, mert fa d\u0151lt a fels\u0151vezet\u00e9kre.<br \/>\n    Az 52-es villamos helyett p\u00f3tl\u00f3busz j\u00e1r a Nagys\u00e1ndor J\u00f3zsef utca \u00e9s Pesterzs\u00e9bet-Pacsirtatelep k\u00f6z\u00f6tt, a 88-as, a 140-es, a 140B, a 172-es \u00e9s a 272-es aut\u00f3busz a k\u00fcls\u0151 v\u00e9g\u00e1llom\u00e1sok fel\u00e9 r\u00f6vid\u00edtett \u00fatvonalon k\u00f6zlekedik fakid\u0151l\u00e9s miatt. A Libeg\u0151 sem j\u00e1r.<br \/>\n    Az 1-es villamos helyett a K\u00f6zv\u00e1g\u00f3h\u00edd \u00e9s a Pusk\u00e1s Ferenc Stadion k\u00f6z\u00f6tt, a 3-as helyett az Ecseri \u00fat \u00e9s a Gubacsi \u00fat k\u00f6z\u00f6tt, a 24-es helyett pedig a Nagyv\u00e1rad t\u00e9r \u00e9s a K\u00f6zv\u00e1g\u00f3h\u00edd k\u00f6z\u00f6tt p\u00f3tl\u00f3busz j\u00e1r.<br \/>\n    Nem k\u00f6zlekedik a 28-as, a 37-es \u00e9s 42-es villamos, a 18-as, a 41-es \u00e9s 47-es j\u00e1ratok k\u00f6zleked\u00e9s\u00e9ben fennakad\u00e1sok vannak, az 50-es \u00e9s 51-es, valamint az 59-es villamos helyett a teljes vonalon p\u00f3tl\u00f3busz j\u00e1r, a 61-est pedig a Sz\u00e9ll K\u00e1lm\u00e1n t\u00e9r \u00e9s H\u0171v\u00f6sv\u00f6lgy k\u00f6z\u00f6tt p\u00f3tolj\u00e1k buszokkal.<br \/>\n    Fennakad\u00e1sok vannak a 77-es, a 78-as, a 81-es \u00e9s a 82-es troli vonal\u00e1n is, a 75-\u00f6s helyett a teljes vonalon p\u00f3tl\u00f3busz k\u00f6zlekedik fakid\u0151l\u00e9s miatt, a 76-os pedig m\u00f3dos\u00edtott \u00fatvonalon j\u00e1r.(MTI)<\/p>\n","protected":false},"excerpt":{"rendered":"<p>A Budapesti K\u00f6zleked\u00e9si K\u00f6zpont (BKK) t\u00f6bb j\u00e1rata is fennakad\u00e1sokkal k\u00f6zlekedik a szerda d\u00e9lut\u00e1n a f\u0151v\u00e1rost is el\u00e9r\u0151 vihar miatt.<\/p>\n","protected":false},"author":1,"featured_media":0,"comment_status":"open","ping_status":"closed","sticky":false,"template":"","format":"standard","meta":[],"categories":[4,151],"tags":[],"_links":{"self":[{"href":"https:\/\/gazdasagportal.hu\/index.php\/wp-json\/wp\/v2\/posts\/64295"}],"collection":[{"href":"https:\/\/gazdasagportal.hu\/index.php\/wp-json\/wp\/v2\/posts"}],"about":[{"href":"https:\/\/gazdasagportal.hu\/index.php\/wp-json\/wp\/v2\/types\/post"}],"author":[{"embeddable":true,"href":"https:\/\/gazdasagportal.hu\/index.php\/wp-json\/wp\/v2\/users\/1"}],"replies":[{"embeddable":true,"href":"https:\/\/gazdasagportal.hu\/index.php\/wp-json\/wp\/v2\/comments?post=64295"}],"version-history":[{"count":6,"href":"https:\/\/gazdasagportal.hu\/index.php\/wp-json\/wp\/v2\/posts\/64295\/revisions"}],"predecessor-version":[{"id":64303,"href":"https:\/\/gazdasagportal.hu\/index.php\/wp-json\/wp\/v2\/posts\/64295\/revisions\/64303"}],"wp:attachment":[{"href":"https:\/\/gazdasagportal.hu\/index.php\/wp-json\/wp\/v2\/media?parent=64295"}],"wp:term":[{"taxonomy":"category","embeddable":true,"href":"https:\/\/gazdasagportal.hu\/index.php\/wp-json\/wp\/v2\/categories?post=64295"},{"taxonomy":"post_tag","embeddable":true,"href":"https:\/\/gazdasagportal.hu\/index.php\/wp-json\/wp\/v2\/tags?post=64295"}],"curies":[{"name":"wp","href":"https:\/\/api.w.org\/{rel}","templated":true}]}}