{"id":64188,"date":"2015-07-07T06:07:45","date_gmt":"2015-07-07T04:07:45","guid":{"rendered":"http:\/\/gazdasagportal.hu\/?p=64188"},"modified":"2015-07-06T22:38:42","modified_gmt":"2015-07-06T20:38:42","slug":"gorog-adossag-hollande-es-merkel-nyitva-az-ajto-a-targyalasok-elott-athennak-komolyan-javaslatokat-kell-tennie","status":"publish","type":"post","link":"https:\/\/gazdasagportal.hu\/index.php\/gorog-adossag-hollande-es-merkel-nyitva-az-ajto-a-targyalasok-elott-athennak-komolyan-javaslatokat-kell-tennie\/","title":{"rendered":"G\u00f6r\u00f6g ad\u00f3ss\u00e1g &#8211; Hollande \u00e9s Merkel: nyitva az ajt\u00f3 a t\u00e1rgyal\u00e1sok el\u0151tt, Ath\u00e9nnak komolyan javaslatokat kell tennie"},"content":{"rendered":"<p><strong>Tiszteletben tartjuk a g\u00f6r\u00f6g\u00f6k szavazat\u00e1t, \u00e9s meghallottuk minden demokratikus g\u00f6r\u00f6g p\u00e1rt \u00fczenet\u00e9t arr\u00f3l, hogy az eur\u00f3z\u00f6vezetben k\u00edv\u00e1nnak maradni. Az ajt\u00f3 nyitva \u00e1ll a t\u00e1rgyal\u00e1sok el\u0151tt &#8211; mondta Francois Hollande francia \u00e1llamf\u0151 Angela Merkel n\u00e9met kancell\u00e1rral tartott r\u00f6vid sajt\u00f3t\u00e1j\u00e9koztat\u00f3j\u00e1n P\u00e1rizsban.<\/strong><!--more--><\/p>\n<div class=\"ads-in-post1\"><div id=\"gazdasagportal.hu_fullbanner_wideboard\"><\/div>\r\n<\/div>\n<p>    A francia eln\u00f6k hozz\u00e1tette, hogy Alekszisz Ciprasz g\u00f6r\u00f6g minisztereln\u00f6knek &#8222;komoly, hiteles \u00e9s konkr\u00e9t javaslatokat&#8221; kell tennie. &#8222;Nincs sok id\u0151nk. A helyzet s\u00fcrg\u0151s G\u00f6r\u00f6gorsz\u00e1g sz\u00e1m\u00e1ra, \u00e9s s\u00fcrg\u0151s Eur\u00f3pa sz\u00e1m\u00e1ra is&#8221; &#8211; hangs\u00falyozta Hollande.<br \/>\n    A k\u00e9t orsz\u00e1g vezet\u0151je a vas\u00e1rnapi g\u00f6r\u00f6g n\u00e9pszavaz\u00e1s eredm\u00e9ny\u00e9r\u0151l egyeztetett, amelyen a nemzetk\u00f6zi hitelez\u0151k \u00e1ltal javasolt meg\u00e1llapod\u00e1st elutas\u00edt\u00f3k t\u00e1bora gy\u0151z\u00f6tt.<br \/>\n    Angela Merkel is \u00fagy fogalmazott, hogy &#8222;az ajt\u00f3 nyitva \u00e1ll a t\u00e1rgyal\u00e1sokhoz&#8221;. Ugyanakkor meger\u0151s\u00edtette, hogy a &#8222;felt\u00e9telek nem adottak az eur\u00f3pai stabilit\u00e1si mechanizmus konkr\u00e9t programj\u00e1r\u00f3l az \u00fajabb t\u00e1rgyal\u00e1sokhoz&#8221;.<br \/>\n    Jelezte, hogy ez\u00e9rt &#8222;nagyon pontos javaslatokat \u00e9s programot&#8221; v\u00e1rnak az eur\u00f3pai partnerek a g\u00f6r\u00f6g minisztereln\u00f6kt\u0151l.<br \/>\n    &#8222;S\u00fcrg\u0151s, hogy ezeket a javaslatokat megkapjuk az\u00e9rt, hogy a jelenlegi helyzetre megold\u00e1st tal\u00e1ljunk&#8221; &#8211; fogalmazott a n\u00e9met kancell\u00e1r. Arra is eml\u00e9keztetett, hogy &#8222;m\u00e1r nagyon sok szolidarit\u00e1st mutatottunk G\u00f6r\u00f6gorsz\u00e1g ir\u00e1ny\u00e1ba, az utols\u00f3 aj\u00e1nlat nagyon nagyvonal\u00fa volt&#8221;.<br \/>\n    Arra is felh\u00edvta a figyelmet, hogy a g\u00f6r\u00f6g n\u00e9p d\u00f6nt\u00e9s\u00e9nek tiszteletben tart\u00e1sa mellett, &#8222;meg kell hallgatni az eur\u00f3z\u00f3na 18 tagj\u00e1nak \u00e1ll\u00e1spontj\u00e1t is&#8221;, mert &#8222;az is a demokr\u00e1cia&#8221; r\u00e9sze. &#8222;19-\u00fcnknek ugyanaz a valut\u00e1ja. Azaz mindenkinek felel\u0151sen kell viselkednie \u00e9s szolidarit\u00e1st kell tan\u00fas\u00edtania&#8221; &#8211; mondta a n\u00e9met kancell\u00e1r.<br \/>\n    Az eur\u00f3\u00f6vezet tag\u00e1llamainak \u00e1llam \u00e9s korm\u00e1nyf\u0151i kedden rendk\u00edv\u00fcli cs\u00facstal\u00e1lkoz\u00f3t tartanak a g\u00f6r\u00f6gorsz\u00e1gi helyzet megvitat\u00e1sa c\u00e9lj\u00e1b\u00f3l, ahol G\u00f6r\u00f6gorsz\u00e1g v\u00e1rhat\u00f3an \u00faj javaslatokat terjeszt el\u0151.<br \/>\n    A francia-n\u00e9met egyeztet\u00e9s legf\u0151bb c\u00e9lja az volt, hogy a g\u00f6r\u00f6g helyzettel szemben Franciaorsz\u00e1g \u00e9s N\u00e9metorsz\u00e1g k\u00f6z\u00f6s \u00e1ll\u00e1spontot k\u00e9pviseljen.<br \/>\n    A p\u00e1rizsi egyeztet\u00e9s ut\u00e1n Merkel el\u0151sz\u00f6r mondta ki azt, amit P\u00e1rizs r\u00e9g\u00f3ta k\u00e9pvisel: a t\u00e1rgyal\u00e1sok folytat\u00e1sa el\u0151tt az ajt\u00f3 nyitva \u00e1ll, \u00e9s azt, hogy a szolidarit\u00e1s az egyik legf\u0151bb \u00e9rt\u00e9k Eur\u00f3p\u00e1ban. A francia \u00e1llamf\u0151 viszont arra utalt, hogy amennyiben Ath\u00e9n kedden nem terjeszt el\u0151 komoly javaslatokat, az eddig hangozatott n\u00e9met \u00e1ll\u00e1spontot fogja mag\u00e1\u00e9v\u00e1 tenni, miszerint a reformjavaslatok \u00e9s a takar\u00e9koss\u00e1gi csomag elutas\u00edt\u00e1sa ut\u00e1n nincsenek meg az alapok ahhoz, hogy \u00faj ment\u0151programr\u00f3l t\u00e1rgyaljanak G\u00f6r\u00f6gorsz\u00e1ggal.<br \/>\n    Egy g\u00f6r\u00f6g korm\u00e1nyzati tiszts\u00e9gvisel\u0151 kor\u00e1bban azt k\u00f6z\u00f6lte, hogy Merkel \u00e9s Ciprasz h\u00e9tf\u0151n telefonon besz\u00e9lt egym\u00e1ssal. A n\u00e9vtelen\u00fcl nyilatkoz\u00f3 forr\u00e1s egy\u00e9b r\u00e9szleteket nem \u00e1rult el, csak annyit, hogy Ciprasz kedden \u00e1ll el\u0151 az eur\u00f3\u00f6vezeti partnerek \u00e1ltal szorgalmazott \u00faj tervvel. A g\u00f6r\u00f6g korm\u00e1ny igyekszik gyors temp\u00f3ban \u00f6ssze\u00e1ll\u00edtani egy ment\u0151csomagot, m\u00e9g miel\u0151tt a bankok kifogynak a k\u00e9szp\u00e9nzb\u0151l, miut\u00e1n a lakoss\u00e1g nagy t\u00f6bbs\u00e9ge nemmel szavazott a hitelez\u0151kkel k\u00f6tend\u0151 meg\u00e1llapod\u00e1sra a vas\u00e1rnap tartott referendumon.(MTI)<\/p>\n","protected":false},"excerpt":{"rendered":"<p>Tiszteletben tartjuk a g\u00f6r\u00f6g\u00f6k szavazat\u00e1t, \u00e9s meghallottuk minden demokratikus g\u00f6r\u00f6g p\u00e1rt \u00fczenet\u00e9t arr\u00f3l, hogy az eur\u00f3z\u00f6vezetben k\u00edv\u00e1nnak maradni. Az ajt\u00f3 nyitva \u00e1ll a t\u00e1rgyal\u00e1sok el\u0151tt &#8211; mondta Francois Hollande francia \u00e1llamf\u0151 Angela Merkel n\u00e9met kancell\u00e1rral tartott r\u00f6vid sajt\u00f3t\u00e1j\u00e9koztat\u00f3j\u00e1n P\u00e1rizsban.<\/p>\n","protected":false},"author":1,"featured_media":0,"comment_status":"open","ping_status":"closed","sticky":false,"template":"","format":"standard","meta":[],"categories":[246],"tags":[],"_links":{"self":[{"href":"https:\/\/gazdasagportal.hu\/index.php\/wp-json\/wp\/v2\/posts\/64188"}],"collection":[{"href":"https:\/\/gazdasagportal.hu\/index.php\/wp-json\/wp\/v2\/posts"}],"about":[{"href":"https:\/\/gazdasagportal.hu\/index.php\/wp-json\/wp\/v2\/types\/post"}],"author":[{"embeddable":true,"href":"https:\/\/gazdasagportal.hu\/index.php\/wp-json\/wp\/v2\/users\/1"}],"replies":[{"embeddable":true,"href":"https:\/\/gazdasagportal.hu\/index.php\/wp-json\/wp\/v2\/comments?post=64188"}],"version-history":[{"count":1,"href":"https:\/\/gazdasagportal.hu\/index.php\/wp-json\/wp\/v2\/posts\/64188\/revisions"}],"predecessor-version":[{"id":64189,"href":"https:\/\/gazdasagportal.hu\/index.php\/wp-json\/wp\/v2\/posts\/64188\/revisions\/64189"}],"wp:attachment":[{"href":"https:\/\/gazdasagportal.hu\/index.php\/wp-json\/wp\/v2\/media?parent=64188"}],"wp:term":[{"taxonomy":"category","embeddable":true,"href":"https:\/\/gazdasagportal.hu\/index.php\/wp-json\/wp\/v2\/categories?post=64188"},{"taxonomy":"post_tag","embeddable":true,"href":"https:\/\/gazdasagportal.hu\/index.php\/wp-json\/wp\/v2\/tags?post=64188"}],"curies":[{"name":"wp","href":"https:\/\/api.w.org\/{rel}","templated":true}]}}