{"id":64184,"date":"2015-07-06T18:39:04","date_gmt":"2015-07-06T16:39:04","guid":{"rendered":"http:\/\/gazdasagportal.hu\/?p=64184"},"modified":"2015-07-06T18:39:04","modified_gmt":"2015-07-06T16:39:04","slug":"fustolt-egy-metro-a-nepligetnel-potlobuszok-viszik-az-utasokat","status":"publish","type":"post","link":"https:\/\/gazdasagportal.hu\/index.php\/fustolt-egy-metro-a-nepligetnel-potlobuszok-viszik-az-utasokat\/","title":{"rendered":"F\u00fcst\u00f6lt egy metr\u00f3 a N\u00e9pligetn\u00e9l, p\u00f3tl\u00f3buszok viszik az utasokat"},"content":{"rendered":"<p><strong>F\u00fcst\u00f6lt egy metr\u00f3szerelv\u00e9ny a N\u00e9pligetn\u00e9l h\u00e9tf\u0151 d\u00e9lut\u00e1n, emiatt p\u00f3tl\u00f3buszok viszik az utasokat a 3-as metr\u00f3 Nagyv\u00e1rad t\u00e9r \u00e9s K\u0151b\u00e1nya-Kispest k\u00f6z\u00f6tti szakasz\u00e1n &#8211; t\u00e1j\u00e9koztatta a Budapesti K\u00f6zleked\u00e9si K\u00f6zpont f\u0151diszp\u00e9csere az MTI-t.<\/strong><!--more--><\/p>\n<div class=\"ads-in-post1\"><div id=\"gazdasagportal.hu_fullbanner_wideboard\"><\/div>\r\n<\/div>\n<p>    Er\u0151s J\u00e1nos elmondta: a N\u00e9pligetn\u00e9l f\u00fcst\u00f6t \u00e9szlelt a K\u0151b\u00e1nya-Kispestre tart\u00f3 metr\u00f3 vezet\u0151je. A f\u00fcst a j\u00e1rm\u0171 \u00e1ramtalan\u00edt\u00e1sa ut\u00e1n megsz\u0171nt. Senki sem s\u00e9r\u00fclt meg, jelenleg t\u0171zolt\u00f3k vizsg\u00e1lj\u00e1k \u00e1t a metr\u00f3t.(MTI)<\/p>\n","protected":false},"excerpt":{"rendered":"<p>F\u00fcst\u00f6lt egy metr\u00f3szerelv\u00e9ny a N\u00e9pligetn\u00e9l h\u00e9tf\u0151 d\u00e9lut\u00e1n, emiatt p\u00f3tl\u00f3buszok viszik az utasokat a 3-as metr\u00f3 Nagyv\u00e1rad t\u00e9r \u00e9s K\u0151b\u00e1nya-Kispest k\u00f6z\u00f6tti szakasz\u00e1n &#8211; t\u00e1j\u00e9koztatta a Budapesti K\u00f6zleked\u00e9si K\u00f6zpont f\u0151diszp\u00e9csere az MTI-t.<\/p>\n","protected":false},"author":1,"featured_media":0,"comment_status":"open","ping_status":"closed","sticky":false,"template":"","format":"standard","meta":[],"categories":[4,151],"tags":[],"_links":{"self":[{"href":"https:\/\/gazdasagportal.hu\/index.php\/wp-json\/wp\/v2\/posts\/64184"}],"collection":[{"href":"https:\/\/gazdasagportal.hu\/index.php\/wp-json\/wp\/v2\/posts"}],"about":[{"href":"https:\/\/gazdasagportal.hu\/index.php\/wp-json\/wp\/v2\/types\/post"}],"author":[{"embeddable":true,"href":"https:\/\/gazdasagportal.hu\/index.php\/wp-json\/wp\/v2\/users\/1"}],"replies":[{"embeddable":true,"href":"https:\/\/gazdasagportal.hu\/index.php\/wp-json\/wp\/v2\/comments?post=64184"}],"version-history":[{"count":1,"href":"https:\/\/gazdasagportal.hu\/index.php\/wp-json\/wp\/v2\/posts\/64184\/revisions"}],"predecessor-version":[{"id":64185,"href":"https:\/\/gazdasagportal.hu\/index.php\/wp-json\/wp\/v2\/posts\/64184\/revisions\/64185"}],"wp:attachment":[{"href":"https:\/\/gazdasagportal.hu\/index.php\/wp-json\/wp\/v2\/media?parent=64184"}],"wp:term":[{"taxonomy":"category","embeddable":true,"href":"https:\/\/gazdasagportal.hu\/index.php\/wp-json\/wp\/v2\/categories?post=64184"},{"taxonomy":"post_tag","embeddable":true,"href":"https:\/\/gazdasagportal.hu\/index.php\/wp-json\/wp\/v2\/tags?post=64184"}],"curies":[{"name":"wp","href":"https:\/\/api.w.org\/{rel}","templated":true}]}}