{"id":64172,"date":"2015-07-06T15:17:05","date_gmt":"2015-07-06T13:17:05","guid":{"rendered":"http:\/\/gazdasagportal.hu\/?p=64172"},"modified":"2015-07-06T12:18:01","modified_gmt":"2015-07-06T10:18:01","slug":"gorog-adossag-jobbik-ideje-hogy-az-unio-leterjen-az-onmegsemmisites-utjarol","status":"publish","type":"post","link":"https:\/\/gazdasagportal.hu\/index.php\/gorog-adossag-jobbik-ideje-hogy-az-unio-leterjen-az-onmegsemmisites-utjarol\/","title":{"rendered":"G\u00f6r\u00f6g ad\u00f3ss\u00e1g &#8211; Jobbik: ideje, hogy az uni\u00f3 let\u00e9rjen az \u00f6nmegsemmis\u00edt\u00e9s \u00fatj\u00e1r\u00f3l"},"content":{"rendered":"<p><strong>A Jobbik szerint a h\u00e9tv\u00e9gi g\u00f6r\u00f6g n\u00e9pszavaz\u00e1s is azt igazolja, hogy az Eur\u00f3pai Uni\u00f3nak ideje let\u00e9rni az \u00f6nmegsemmis\u00edt\u00e9s \u00fatj\u00e1r\u00f3l.<\/strong><!--more--><\/p>\n<div class=\"ads-in-post1\"><div id=\"gazdasagportal.hu_fullbanner_wideboard\"><\/div>\r\n<\/div>\n<p>    Gy\u00f6ngy\u00f6si M\u00e1rton, az ellenz\u00e9ki p\u00e1rt frakci\u00f3vezet\u0151-helyettese h\u00e9tf\u0151i, budapesti sajt\u00f3t\u00e1j\u00e9koztat\u00f3j\u00e1n azt mondta: \u00f6r\u00f6mmel fogadt\u00e1k a n\u00e9pszavaz\u00e1s eredm\u00e9ny\u00e9t. \u00c9rt\u00e9kel\u00e9se szerint a m\u00e9di\u00e1nak \u00e9s a nyugati propagand\u00e1nak is j\u00f3kora pofont adtak a g\u00f6r\u00f6g v\u00e1laszt\u00f3k azzal, hogy hat\u00e1rozott nemmel elutas\u00edtott\u00e1k a hitelez\u0151k \u00e9s a p\u00e9nz\u00fcgyi h\u00e1tt\u00e9rhatalom int\u00e9zm\u00e9nyeinek zsarol\u00e1s\u00e1t.<br \/>\n    A jobbikos politikus a neoliber\u00e1lis gazdas\u00e1gpolitikai buk\u00e1s\u00e1nak \u00edt\u00e9lte, hogy a g\u00f6r\u00f6g\u00f6k a saj\u00e1t \u00fatjukat k\u00edv\u00e1nj\u00e1k j\u00e1rni, &#8222;nem k\u00e9rnek a birodalom\u00e9p\u00edt\u00e9sb\u0151l&#8221;. A v\u00e1ls\u00e1g kialakul\u00e1sa miatt &#8211; a g\u00f6r\u00f6g gazd\u00e1lkod\u00e1s \u00e9s politikai elit felel\u0151ss\u00e9ge mellett &#8211; nagy r\u00e9szben a nemzetk\u00f6zi hitelez\u0151k \u00e1ltal er\u0151ltetett receptet hib\u00e1ztatta. Kifejtette: ez a megszor\u00edt\u00e1sokat, nemzeti javak privatiz\u00e1l\u00e1s\u00e1t, liberaliz\u00e1l\u00e1st, az \u00e1llami strukt\u00fara decentraliz\u00e1l\u00e1s\u00e1t sujkolja.<br \/>\n    Gy\u00f6ngy\u00f6si M\u00e1rton betegnek min\u0151s\u00edtette az EU int\u00e9zm\u00e9nyeit, amelyek sem a g\u00f6r\u00f6g ad\u00f3ss\u00e1ggal, sem a menek\u00fcltk\u00e9rd\u00e9ssel nem tudnak megbirk\u00f3zni. Eur\u00f3pa n\u00e9peinek megk\u00e9rdez\u00e9s\u00e9t s\u00fcrgette arr\u00f3l, hogy milyen j\u00f6v\u0151t sz\u00e1nnak a k\u00f6z\u00f6ss\u00e9gnek. Azt hangoztatta: \u00fajra kell gondolni a strukt\u00far\u00e1t, m\u00e9g miel\u0151tt Nagy-Britannia t\u00e1vozna.<br \/>\n    G\u00f6r\u00f6gorsz\u00e1gban vas\u00e1rnap tartottak n\u00e9pszavaz\u00e1st a k\u00fclf\u00f6ldi hitelez\u0151k \u00e1ltal elv\u00e1rt takar\u00e9koss\u00e1gi int\u00e9zked\u00e9sekr\u0151l. A meg\u00e1llapod\u00e1st a szavaz\u00f3k 61,31 sz\u00e1zal\u00e9ka elutas\u00edtotta, m\u00edg az igennel voksol\u00f3k ar\u00e1nya 38,69 sz\u00e1zal\u00e9k volt.(MTI)<\/p>\n","protected":false},"excerpt":{"rendered":"<p>A Jobbik szerint a h\u00e9tv\u00e9gi g\u00f6r\u00f6g n\u00e9pszavaz\u00e1s is azt igazolja, hogy az Eur\u00f3pai Uni\u00f3nak ideje let\u00e9rni az \u00f6nmegsemmis\u00edt\u00e9s \u00fatj\u00e1r\u00f3l.<\/p>\n","protected":false},"author":1,"featured_media":0,"comment_status":"open","ping_status":"closed","sticky":false,"template":"","format":"standard","meta":[],"categories":[4,18],"tags":[],"_links":{"self":[{"href":"https:\/\/gazdasagportal.hu\/index.php\/wp-json\/wp\/v2\/posts\/64172"}],"collection":[{"href":"https:\/\/gazdasagportal.hu\/index.php\/wp-json\/wp\/v2\/posts"}],"about":[{"href":"https:\/\/gazdasagportal.hu\/index.php\/wp-json\/wp\/v2\/types\/post"}],"author":[{"embeddable":true,"href":"https:\/\/gazdasagportal.hu\/index.php\/wp-json\/wp\/v2\/users\/1"}],"replies":[{"embeddable":true,"href":"https:\/\/gazdasagportal.hu\/index.php\/wp-json\/wp\/v2\/comments?post=64172"}],"version-history":[{"count":1,"href":"https:\/\/gazdasagportal.hu\/index.php\/wp-json\/wp\/v2\/posts\/64172\/revisions"}],"predecessor-version":[{"id":64173,"href":"https:\/\/gazdasagportal.hu\/index.php\/wp-json\/wp\/v2\/posts\/64172\/revisions\/64173"}],"wp:attachment":[{"href":"https:\/\/gazdasagportal.hu\/index.php\/wp-json\/wp\/v2\/media?parent=64172"}],"wp:term":[{"taxonomy":"category","embeddable":true,"href":"https:\/\/gazdasagportal.hu\/index.php\/wp-json\/wp\/v2\/categories?post=64172"},{"taxonomy":"post_tag","embeddable":true,"href":"https:\/\/gazdasagportal.hu\/index.php\/wp-json\/wp\/v2\/tags?post=64172"}],"curies":[{"name":"wp","href":"https:\/\/api.w.org\/{rel}","templated":true}]}}