{"id":64091,"date":"2015-07-03T17:16:34","date_gmt":"2015-07-03T15:16:34","guid":{"rendered":"http:\/\/gazdasagportal.hu\/?p=64091"},"modified":"2015-07-03T08:57:32","modified_gmt":"2015-07-03T06:57:32","slug":"iszlam-allam-brit-vedelmi-miniszter-indokolt-lenne-a-brit-legiero-sziriai-beavatkozasa","status":"publish","type":"post","link":"https:\/\/gazdasagportal.hu\/index.php\/iszlam-allam-brit-vedelmi-miniszter-indokolt-lenne-a-brit-legiero-sziriai-beavatkozasa\/","title":{"rendered":"Iszl\u00e1m \u00c1llam &#8211; Brit v\u00e9delmi miniszter: indokolt lenne a brit l\u00e9gier\u0151 sz\u00edriai beavatkoz\u00e1sa"},"content":{"rendered":"<p><strong>A brit v\u00e9delmi miniszter szerint indokolt lenne a brit kir\u00e1lyi l\u00e9gier\u0151 (RAF) bekapcsol\u00f3d\u00e1sa az Iszl\u00e1m \u00c1llam nev\u0171 terrorszervezet sz\u00edriai \u00e1ll\u00e1sai elleni l\u00e9gicsap\u00e1sokba.<\/strong><!--more--><\/p>\n<div class=\"ads-in-post1\"><div id=\"gazdasagportal.hu_fullbanner_wideboard\"><\/div>\r\n<\/div>\n<p>    Michael Fallon a londoni als\u00f3h\u00e1z cs\u00fct\u00f6rt\u00f6ki vitanapj\u00e1n kijelentette: az Iszl\u00e1m \u00c1llam terjeszked\u00e9s\u00e9t &#8222;a v\u00e1laszl\u00e9p\u00e9sek lehets\u00e9ges legteljesebb k\u00f6r\u00e9vel&#8221; kell megakad\u00e1lyozni, \u00e9s &#8222;er\u0151sen indokolt&#8221;, hogy Nagy-Britannia ennek \u00e9rdek\u00e9ben az eddigiekn\u00e9l t\u00f6bbet tegyen Sz\u00edri\u00e1ban is.<br \/>\n    Fallon szerint az Iszl\u00e1m \u00c1llam tov\u00e1bbi terjeszked\u00e9s\u00e9t &#8222;annak k\u00f6zvetlen forr\u00e1s\u00e1n\u00e1l&#8221;, vagyis Irakban, Sz\u00edri\u00e1ban \u00e9s L\u00edbi\u00e1ban kell megakad\u00e1lyozni.<br \/>\n    Hozz\u00e1tette: a brit korm\u00e1ny tudja, hogy az Iszl\u00e1m \u00c1llam tev\u00e9kenys\u00e9g\u00e9t \u00c9szak-Sz\u00edri\u00e1ban szervezik \u00e9s onnan vez\u00e9nylik.<br \/>\n    Michael Fallon szerint a brit korm\u00e1nynak m\u00e1r tavaly szeptemberben, az Iszl\u00e1m \u00c1llam iraki \u00e1ll\u00e1sai elleni brit l\u00e9gicsap\u00e1sokr\u00f3l tartott parlamenti vita idej\u00e9n is az volt az \u00e1ll\u00e1spontja, hogy komoly \u00e9rvek sz\u00f3lnak a sz\u00edriai katonai fell\u00e9p\u00e9s mellett is. David Cameron minisztereln\u00f6k azonban annak idej\u00e9n felm\u00e9rte, hogy az akkori parlament t\u00f6bb tagj\u00e1nak &#8222;fenntart\u00e1sai&#8221; voltak az RAF sz\u00edriai bevet\u00e9s\u00e9vel szemben, \u00e9s a korm\u00e1ny nem terjeszt az als\u00f3h\u00e1z el\u00e9 olyan ind\u00edtv\u00e1nyokat, amelyek \u00fcgy\u00e9ben nincs &#8222;\u00e9sszer\u0171 m\u00e9rt\u00e9k\u0171 konszenzus&#8221; &#8211; fogalmazott cs\u00fct\u00f6rt\u00f6ki el\u0151terjeszt\u00e9s\u00e9ben a brit v\u00e9delmi miniszter.<br \/>\n    Fallon hangs\u00falyozta: az\u00f3ta \u00faj parlament alakult &#8211; a m\u00e1jus 7-ei v\u00e1laszt\u00e1sokat a korm\u00e1nyz\u00f3 Konzervat\u00edv P\u00e1rt v\u00e1ratlan f\u00f6l\u00e9nnyel megnyerte -, \u00e9s a k\u00e9pvisel\u0151knek ism\u00e9t &#8222;alaposan meg kellene fontolniuk&#8221;, hogy mik\u00e9nt lehetne a leghat\u00e9konyabban fell\u00e9pni az Iszl\u00e1m \u00c1llam ellen.<br \/>\n    A brit korm\u00e1ny mindazon\u00e1ltal \u00fajb\u00f3l az als\u00f3h\u00e1z v\u00e9lem\u00e9ny\u00e9t k\u00e9rn\u00e9, miel\u0151tt d\u00f6nt\u00e9st hozna a sz\u00edriai l\u00e9gicsap\u00e1sok megkezd\u00e9s\u00e9r\u0151l &#8211; tette hozz\u00e1 a brit v\u00e9delmi miniszter.<br \/>\n    A brit parlament tavaly szeptemberi rendk\u00edv\u00fcli \u00fcl\u00e9s\u00e9n adta nagy t\u00f6bbs\u00e9ggel hozz\u00e1j\u00e1rul\u00e1s\u00e1t Nagy-Britannia bekapcsol\u00f3d\u00e1s\u00e1hoz az Iszl\u00e1m \u00c1llam ellen amerikai vezet\u00e9ssel foly\u00f3 iraki l\u00e9gi hadm\u0171veletekbe.<br \/>\n    Az RAF Tornado harci rep\u00fcl\u0151g\u00e9pekb\u0151l \u00e1ll\u00f3 kontingenst vez\u00e9nyelt Ciprusra, \u00e9s jelenleg is ez az egys\u00e9g vesz r\u00e9szt a brutalit\u00e1s\u00e1r\u00f3l h\u00edrhedt\u00e9 v\u00e1lt mil\u00edcia iraki \u00e1ll\u00e1sai elleni l\u00e9git\u00e1mad\u00e1sokban.<br \/>\n    A brit kir\u00e1lyi l\u00e9gier\u0151 hadm\u0171veleti felhatalmaz\u00e1sa ugyanakkor nem terjed ki az Iszl\u00e1m \u00c1llam sz\u00edriai \u00e1ll\u00e1sai elleni bevet\u00e9sekre. A brit korm\u00e1ny \u00e1ll\u00e1spontja mindig is az volt, hogy ha a sz\u00edriai bevet\u00e9s sz\u00fcks\u00e9gess\u00e9 v\u00e1lik, arr\u00f3l k\u00fcl\u00f6n parlamenti szavaz\u00e1son kell d\u00f6nteni, annak ellen\u00e9re is, hogy t\u00f6rv\u00e9ny szerint nem kell parlamenti j\u00f3v\u00e1hagy\u00e1s a nemzetbiztons\u00e1gi indokokkal al\u00e1t\u00e1masztott k\u00fcls\u0151 katonai beavatkoz\u00e1sokhoz.<br \/>\n    Cs\u00fct\u00f6rt\u00f6ki als\u00f3h\u00e1zi el\u0151terjeszt\u00e9s\u00e9ben Fallon kiemelte, hogy Nagy-Britanni\u00e1ban tov\u00e1bbra is a m\u00e1sodik legmagasabb fok\u00fa terrorellenes k\u00e9sz\u00fclts\u00e9g van \u00e9rv\u00e9nyben.<br \/>\n    A jelenlegi k\u00e9sz\u00fclts\u00e9gi szint a hivatalos meghat\u00e1roz\u00e1s szerint &#8222;s\u00falyos&#8221; terrorfenyeget\u00e9st jelent, \u00e9s azt t\u00fckr\u00f6zi, hogy a brit biztons\u00e1gi szolg\u00e1latok meg\u00edt\u00e9l\u00e9se szerint Nagy-Britanni\u00e1t &#8222;nagy val\u00f3sz\u00edn\u0171s\u00e9ggel&#8221; terrort\u00e1mad\u00e1s \u00e9ri.(MTI)<\/p>\n","protected":false},"excerpt":{"rendered":"<p>A brit v\u00e9delmi miniszter szerint indokolt lenne a brit kir\u00e1lyi l\u00e9gier\u0151 (RAF) bekapcsol\u00f3d\u00e1sa az Iszl\u00e1m \u00c1llam nev\u0171 terrorszervezet sz\u00edriai \u00e1ll\u00e1sai elleni l\u00e9gicsap\u00e1sokba.<\/p>\n","protected":false},"author":1,"featured_media":0,"comment_status":"open","ping_status":"closed","sticky":false,"template":"","format":"standard","meta":[],"categories":[16],"tags":[],"_links":{"self":[{"href":"https:\/\/gazdasagportal.hu\/index.php\/wp-json\/wp\/v2\/posts\/64091"}],"collection":[{"href":"https:\/\/gazdasagportal.hu\/index.php\/wp-json\/wp\/v2\/posts"}],"about":[{"href":"https:\/\/gazdasagportal.hu\/index.php\/wp-json\/wp\/v2\/types\/post"}],"author":[{"embeddable":true,"href":"https:\/\/gazdasagportal.hu\/index.php\/wp-json\/wp\/v2\/users\/1"}],"replies":[{"embeddable":true,"href":"https:\/\/gazdasagportal.hu\/index.php\/wp-json\/wp\/v2\/comments?post=64091"}],"version-history":[{"count":1,"href":"https:\/\/gazdasagportal.hu\/index.php\/wp-json\/wp\/v2\/posts\/64091\/revisions"}],"predecessor-version":[{"id":64092,"href":"https:\/\/gazdasagportal.hu\/index.php\/wp-json\/wp\/v2\/posts\/64091\/revisions\/64092"}],"wp:attachment":[{"href":"https:\/\/gazdasagportal.hu\/index.php\/wp-json\/wp\/v2\/media?parent=64091"}],"wp:term":[{"taxonomy":"category","embeddable":true,"href":"https:\/\/gazdasagportal.hu\/index.php\/wp-json\/wp\/v2\/categories?post=64091"},{"taxonomy":"post_tag","embeddable":true,"href":"https:\/\/gazdasagportal.hu\/index.php\/wp-json\/wp\/v2\/tags?post=64091"}],"curies":[{"name":"wp","href":"https:\/\/api.w.org\/{rel}","templated":true}]}}