{"id":64089,"date":"2015-07-03T16:35:18","date_gmt":"2015-07-03T14:35:18","guid":{"rendered":"http:\/\/gazdasagportal.hu\/?p=64089"},"modified":"2015-07-03T08:56:13","modified_gmt":"2015-07-03T06:56:13","slug":"amerikai-kubai-viszony-szakerto-mindket-fel-erdeke-a-kozeledes","status":"publish","type":"post","link":"https:\/\/gazdasagportal.hu\/index.php\/amerikai-kubai-viszony-szakerto-mindket-fel-erdeke-a-kozeledes\/","title":{"rendered":"Amerikai-kubai viszony &#8211; Szak\u00e9rt\u0151: mindk\u00e9t f\u00e9l \u00e9rdeke a k\u00f6zeled\u00e9s"},"content":{"rendered":"<p><strong>Az Egyes\u00fclt \u00c1llamoknak \u00e9s Kub\u00e1nak egyar\u00e1nt \u00e9rdeke a k\u00e9t \u00e1llam k\u00f6zeled\u00e9se, \u00e9s erre elhat\u00e1roz\u00e1st mutat mind Barack Obama amerikai eln\u00f6k, mind Ra\u00fal Castro kubai \u00e1llamf\u0151 &#8211; jelentette ki Ugr\u00f3sdy M\u00e1rton k\u00fclpolitikai szak\u00e9rt\u0151 az M1 aktu\u00e1lis csatorna p\u00e9ntek reggeli m\u0171sor\u00e1ban.<\/strong><!--more--><\/p>\n<div class=\"ads-in-post1\"><div id=\"gazdasagportal.hu_fullbanner_wideboard\"><\/div>\r\n<\/div>\n<p>    Az Egyes\u00fclt \u00c1llamok \u00e9s Kuba szerd\u00e1n jelentette be, hogy a kor\u00e1bban kinyilv\u00e1n\u00edtott k\u00f6lcs\u00f6n\u00f6s sz\u00e1nd\u00e9knak megfelel\u0151en helyre\u00e1ll\u00edtj\u00e1k diplom\u00e1ciai kapcsolatukat, \u00e9s ennek keret\u00e9ben j\u00falius m\u00e1sodik fel\u00e9ben \u00fajra megnyitj\u00e1k nagyk\u00f6vets\u00e9g\u00fcket a m\u00e1sik f\u0151v\u00e1ros\u00e1ban.<br \/>\n    Ugr\u00f3sdy M\u00e1rton megjegyezte: az Egyes\u00fclt \u00c1llamok jelenl\u00e9te hagyom\u00e1nyos Kub\u00e1ban, az amerikaiak gyarmatk\u00e9nt kezelt\u00e9k a XX. sz\u00e1zad els\u0151 fel\u00e9ben pap\u00edron f\u00fcggetlen orsz\u00e1got. Ez\u00e9rt szeretn\u00e9k visszaszerezni azt az amerikai tulajdont is, amelyet a forradalom ut\u00e1n kisaj\u00e1t\u00edtottak Kub\u00e1ban; tov\u00e1bb\u00e1 m\u00e1ra idej\u00e9tm\u00faltt\u00e1 v\u00e1lt a hidegh\u00e1bor\u00fas id\u0151kb\u0151l \u00f6r\u00f6k\u00f6lt szemben\u00e1ll\u00e1s.<br \/>\n    Ugyanakkor Kub\u00e1nak, mik\u00f6zben f\u00e9lti a rendszer\u00e9t, \u00e9get\u0151en sz\u00fcks\u00e9ge van t\u0151kebevon\u00e1sra az ipar \u00e9s a mez\u0151gazdas\u00e1g talpra \u00e1ll\u00edt\u00e1s\u00e1hoz, illetve sz\u00fcks\u00e9g\u00fck van az amerikai turist\u00e1k p\u00e9nz\u00e9re is &#8211; sorolta az \u00e9rveket a k\u00f6zeled\u00e9shez a szak\u00e9rt\u0151.<br \/>\n    A tov\u00e1bbi k\u00f6zeled\u00e9s legf\u0151bb g\u00e1tj\u00e1t jelentik viszont az Amerik\u00e1ban, f\u0151leg Florid\u00e1ban \u00e9l\u0151, \u00e9lesen a kubai rendszerrel szemben\u00e1ll\u00f3 &#8222;kem\u00e9nyvonalasok&#8221;. A kubai diktat\u00fara Ra\u00fal Castro alatt ugyan puhult valamennyit, de alapjaiban nem v\u00e1ltozott &#8211; mondta Ugr\u00f3sdy M\u00e1rton.(MTI)<\/p>\n","protected":false},"excerpt":{"rendered":"<p>Az Egyes\u00fclt \u00c1llamoknak \u00e9s Kub\u00e1nak egyar\u00e1nt \u00e9rdeke a k\u00e9t \u00e1llam k\u00f6zeled\u00e9se, \u00e9s erre elhat\u00e1roz\u00e1st mutat mind Barack Obama amerikai eln\u00f6k, mind Ra\u00fal Castro kubai \u00e1llamf\u0151 &#8211; jelentette ki Ugr\u00f3sdy M\u00e1rton k\u00fclpolitikai szak\u00e9rt\u0151 az M1 aktu\u00e1lis csatorna p\u00e9ntek reggeli m\u0171sor\u00e1ban.<\/p>\n","protected":false},"author":1,"featured_media":0,"comment_status":"open","ping_status":"closed","sticky":false,"template":"","format":"standard","meta":[],"categories":[246],"tags":[],"_links":{"self":[{"href":"https:\/\/gazdasagportal.hu\/index.php\/wp-json\/wp\/v2\/posts\/64089"}],"collection":[{"href":"https:\/\/gazdasagportal.hu\/index.php\/wp-json\/wp\/v2\/posts"}],"about":[{"href":"https:\/\/gazdasagportal.hu\/index.php\/wp-json\/wp\/v2\/types\/post"}],"author":[{"embeddable":true,"href":"https:\/\/gazdasagportal.hu\/index.php\/wp-json\/wp\/v2\/users\/1"}],"replies":[{"embeddable":true,"href":"https:\/\/gazdasagportal.hu\/index.php\/wp-json\/wp\/v2\/comments?post=64089"}],"version-history":[{"count":1,"href":"https:\/\/gazdasagportal.hu\/index.php\/wp-json\/wp\/v2\/posts\/64089\/revisions"}],"predecessor-version":[{"id":64090,"href":"https:\/\/gazdasagportal.hu\/index.php\/wp-json\/wp\/v2\/posts\/64089\/revisions\/64090"}],"wp:attachment":[{"href":"https:\/\/gazdasagportal.hu\/index.php\/wp-json\/wp\/v2\/media?parent=64089"}],"wp:term":[{"taxonomy":"category","embeddable":true,"href":"https:\/\/gazdasagportal.hu\/index.php\/wp-json\/wp\/v2\/categories?post=64089"},{"taxonomy":"post_tag","embeddable":true,"href":"https:\/\/gazdasagportal.hu\/index.php\/wp-json\/wp\/v2\/tags?post=64089"}],"curies":[{"name":"wp","href":"https:\/\/api.w.org\/{rel}","templated":true}]}}