{"id":64067,"date":"2015-07-03T12:11:36","date_gmt":"2015-07-03T10:11:36","guid":{"rendered":"http:\/\/gazdasagportal.hu\/?p=64067"},"modified":"2015-07-03T08:33:27","modified_gmt":"2015-07-03T06:33:27","slug":"iszlam-allam-amerikai-legicsapas-vegzett-a-dzsihadistak-egyik-vezetojevel","status":"publish","type":"post","link":"https:\/\/gazdasagportal.hu\/index.php\/iszlam-allam-amerikai-legicsapas-vegzett-a-dzsihadistak-egyik-vezetojevel\/","title":{"rendered":"Iszl\u00e1m \u00c1llam &#8211; Amerikai l\u00e9gicsap\u00e1s v\u00e9gzett a dzsihadist\u00e1k egyik vezet\u0151j\u00e9vel"},"content":{"rendered":"<p><strong>Sz\u00edriai ter\u00fcleten v\u00e9grehajtott amerikai l\u00e9gicsap\u00e1s v\u00e9gzett az Iszl\u00e1m \u00c1llam (I\u00c1) egyik fontos vezet\u0151j\u00e9vel, aki \u00f6ngyilkos mer\u00e9nyl\u0151k k\u00fclf\u00f6ldi toborz\u00e1s\u00e1t ir\u00e1ny\u00edtotta a dzsihadista szervezeten bel\u00fcl &#8211; k\u00f6z\u00f6lte helyi id\u0151 szerint szerd\u00e1n este az amerikai v\u00e9delmi miniszt\u00e9rium.<\/strong><!--more--><\/p>\n<div class=\"ads-in-post1\"><div id=\"gazdasagportal.hu_fullbanner_wideboard\"><\/div>\r\n<\/div>\n<p>    A tun\u00e9ziai Tarik bin Tahar al-Avni al-Harzi nev\u0171 dzsihadista a k\u00fclf\u00f6ldiek toborz\u00e1sa mellett az iraki \u00f6ngyilkos akci\u00f3k ir\u00e1ny\u00edt\u00e1s\u00e1ban, a szervezetnek c\u00edmzett p\u00e9nz\u00fcgyi adom\u00e1nyok \u00f6sszegy\u0171jt\u00e9s\u00e9ben \u00e9s a fegyverbeszerz\u00e9sben is fontos szerepet t\u00f6lt\u00f6tt be. Hal\u00e1l\u00e1val az I\u00c1 nehezebben tud majd k\u00fclf\u00f6ldi harcosokat vinni a sz\u00edriai \u00e9s iraki hadsz\u00ednt\u00e9rre, illetve nehezebben tudja majd felszerel\u00e9s\u00e9t \u00e9s csapatait mozgatni az iraki-sz\u00edriai hat\u00e1ron &#8211; mondta Jeff Davis, a Pentagon sz\u00f3viv\u0151je.<br \/>\n    A f\u00e9rfi az amerikai hat\u00f3s\u00e1gok inform\u00e1ci\u00f3i szerint 2013 \u00f3ta gy\u0171jt\u00f6tt p\u00e9nzt a dzsihadist\u00e1knak, \u00e9s egy alkalommal az \u0151 k\u00f6zbenj\u00e1r\u00e1s\u00e1val siker\u00fclt eljuttatni egy k\u00e9tmilli\u00f3 doll\u00e1ros felaj\u00e1nl\u00e1st egy katari p\u00e9nzembert\u0151l az I\u00c1-nak. Egy \u00e9vvel k\u00e9s\u0151bb m\u00e1r az I\u00c1 iraki \u00f6ngyilkos akci\u00f3i\u00e9rt felel\u0151s &#8222;em\u00edrje&#8221;, azaz vezet\u0151je lett, majd a t\u00f6r\u00f6k-sz\u00edriai hat\u00e1r t\u00e9rs\u00e9g\u00e9ben vette \u00e1t az I\u00c1-hoz csatlakozni v\u00e1gy\u00f3 k\u00fclf\u00f6ldiek toborz\u00e1s\u00e1nak, kik\u00e9pz\u00e9s\u00e9nek \u00e9s Sz\u00edri\u00e1ba juttat\u00e1s\u00e1nak ir\u00e1ny\u00edt\u00e1s\u00e1t. Egyebek mellett Angli\u00e1b\u00f3l, Alb\u00e1ni\u00e1b\u00f3l, D\u00e1ni\u00e1b\u00f3l \u00e9s \u00c9szak-Afrik\u00e1b\u00f3l toborzott harcosokat a szervezetnek &#8211; jelentette k\u00fcl\u00fcgyminiszt\u00e9riumi t\u00e1j\u00e9koztat\u00e1sra hivatkozva a The Wall Street Journal amerikai \u00fczleti lap honlapj\u00e1n.<br \/>\n    A dzsihadist\u00e1val m\u00e9g j\u00fanius 16-\u00e1n v\u00e9gzett egy amerikai dr\u00f3ncsap\u00e1s, de hal\u00e1lh\u00edr\u00e9t csak most k\u00f6z\u00f6lt\u00e9k. A Pentagon nemr\u00e9g arr\u00f3l is besz\u00e1molt, hogy Harzi testv\u00e9r\u00e9t egy nappal kor\u00e1bban \u00f6lt\u00e9k meg az iraki Moszul v\u00e1ros\u00e1ban. A fiv\u00e9rnek az amerikai hat\u00f3s\u00e1gok szerint k\u00f6ze volt az Egyes\u00fclt \u00c1llamok beng\u00e1zi k\u00e9pviselete ellen 2012-ben elk\u00f6vetett terrorakci\u00f3hoz, amelyben n\u00e9gy amerikai \u00e1llampolg\u00e1r, k\u00f6zt\u00fck az Egyes\u00fclt \u00c1llamok l\u00edbiai nagyk\u00f6vete is \u00e9let\u00e9t vesztette.(MTI)<\/p>\n","protected":false},"excerpt":{"rendered":"<p>Sz\u00edriai ter\u00fcleten v\u00e9grehajtott amerikai l\u00e9gicsap\u00e1s v\u00e9gzett az Iszl\u00e1m \u00c1llam (I\u00c1) egyik fontos vezet\u0151j\u00e9vel, aki \u00f6ngyilkos mer\u00e9nyl\u0151k k\u00fclf\u00f6ldi toborz\u00e1s\u00e1t ir\u00e1ny\u00edtotta a dzsihadista szervezeten bel\u00fcl &#8211; k\u00f6z\u00f6lte helyi id\u0151 szerint szerd\u00e1n este az amerikai v\u00e9delmi miniszt\u00e9rium.<\/p>\n","protected":false},"author":1,"featured_media":0,"comment_status":"open","ping_status":"closed","sticky":false,"template":"","format":"standard","meta":[],"categories":[16],"tags":[],"_links":{"self":[{"href":"https:\/\/gazdasagportal.hu\/index.php\/wp-json\/wp\/v2\/posts\/64067"}],"collection":[{"href":"https:\/\/gazdasagportal.hu\/index.php\/wp-json\/wp\/v2\/posts"}],"about":[{"href":"https:\/\/gazdasagportal.hu\/index.php\/wp-json\/wp\/v2\/types\/post"}],"author":[{"embeddable":true,"href":"https:\/\/gazdasagportal.hu\/index.php\/wp-json\/wp\/v2\/users\/1"}],"replies":[{"embeddable":true,"href":"https:\/\/gazdasagportal.hu\/index.php\/wp-json\/wp\/v2\/comments?post=64067"}],"version-history":[{"count":1,"href":"https:\/\/gazdasagportal.hu\/index.php\/wp-json\/wp\/v2\/posts\/64067\/revisions"}],"predecessor-version":[{"id":64068,"href":"https:\/\/gazdasagportal.hu\/index.php\/wp-json\/wp\/v2\/posts\/64067\/revisions\/64068"}],"wp:attachment":[{"href":"https:\/\/gazdasagportal.hu\/index.php\/wp-json\/wp\/v2\/media?parent=64067"}],"wp:term":[{"taxonomy":"category","embeddable":true,"href":"https:\/\/gazdasagportal.hu\/index.php\/wp-json\/wp\/v2\/categories?post=64067"},{"taxonomy":"post_tag","embeddable":true,"href":"https:\/\/gazdasagportal.hu\/index.php\/wp-json\/wp\/v2\/tags?post=64067"}],"curies":[{"name":"wp","href":"https:\/\/api.w.org\/{rel}","templated":true}]}}