{"id":6387,"date":"2013-04-09T10:02:15","date_gmt":"2013-04-09T09:02:15","guid":{"rendered":"http:\/\/stockportal.hu\/?p=6387"},"modified":"2013-04-09T10:02:16","modified_gmt":"2013-04-09T09:02:16","slug":"februarban-nott-a-nemet-kulkereskedelmi-merleg-tobblete","status":"publish","type":"post","link":"https:\/\/gazdasagportal.hu\/index.php\/februarban-nott-a-nemet-kulkereskedelmi-merleg-tobblete\/","title":{"rendered":"Febru\u00e1rban n\u0151tt a n\u00e9met k\u00fclkereskedelmi m\u00e9rleg t\u00f6bblete"},"content":{"rendered":"<p><strong>Febru\u00e1rban az el\u0151zetes adatok szerint cs\u00f6kkent a n\u00e9met export \u00e9s az import, n\u0151tt viszont a k\u00fclkereskedelmi m\u00e9rleg t\u00f6bblete \u00e9s a foly\u00f3 fizet\u00e9si m\u00e9rleg t\u00f6bblete &#8211; k\u00f6z\u00f6lte kedden a n\u00e9met sz\u00f6vets\u00e9gi statisztikai hivatal a Destatis.<!--more--><\/strong><\/p>\n<p>Az id\u00e9n febru\u00e1rban az el\u0151zetes adatok szerint a n\u00e9met export \u00e9rt\u00e9ke 88,7 milli\u00e1rd, az import\u00e9 71,9 milli\u00e1rd eur\u00f3 volt. A kivitel 2,8 sz\u00e1zal\u00e9kkal, a behozatal pedig 5,9 sz\u00e1zal\u00e9kkal cs\u00f6kkent az egy \u00e9vvel kor\u00e1bbihoz k\u00e9pest. Janu\u00e1rhoz viszony\u00edtva a napt\u00e1ri \u00e9s szezon\u00e1lis kiigaz\u00edt\u00e1ssal a kivitel 1,5 sz\u00e1zal\u00e9kkal, a behozatal 3,8 sz\u00e1zal\u00e9kkal cs\u00f6kkent.<br \/>\nAz id\u00e9n febru\u00e1rban a k\u00fclkereskedelmi m\u00e9rleg 16,8 milli\u00e1rd eur\u00f3 t\u00f6bblettel z\u00e1rt, m\u00edg janu\u00e1rban 13,6 milli\u00e1rd eur\u00f3, tavaly febru\u00e1rban pedig 14,9 milli\u00e1rd eur\u00f3 volt a t\u00f6bblet.<br \/>\nA 2013 febru\u00e1ri foly\u00f3 fizet\u00e9si m\u00e9rleg szufficitje 16,0 milli\u00e1rd eur\u00f3 lett a janu\u00e1ri 9,7 milli\u00e1rd eur\u00f3 \u00e9s a 2012 febru\u00e1ri 13,5 milli\u00e1rd eur\u00f3 ut\u00e1n. (MTI)<\/p>\n","protected":false},"excerpt":{"rendered":"<p>Febru\u00e1rban az el\u0151zetes adatok szerint cs\u00f6kkent a n\u00e9met export \u00e9s az import, n\u0151tt viszont a k\u00fclkereskedelmi m\u00e9rleg t\u00f6bblete \u00e9s a foly\u00f3 fizet\u00e9si m\u00e9rleg t\u00f6bblete &#8211; k\u00f6z\u00f6lte kedden a n\u00e9met sz\u00f6vets\u00e9gi statisztikai hivatal a Destatis.<\/p>\n","protected":false},"author":1,"featured_media":0,"comment_status":"open","ping_status":"closed","sticky":false,"template":"","format":"standard","meta":[],"categories":[12],"tags":[],"_links":{"self":[{"href":"https:\/\/gazdasagportal.hu\/index.php\/wp-json\/wp\/v2\/posts\/6387"}],"collection":[{"href":"https:\/\/gazdasagportal.hu\/index.php\/wp-json\/wp\/v2\/posts"}],"about":[{"href":"https:\/\/gazdasagportal.hu\/index.php\/wp-json\/wp\/v2\/types\/post"}],"author":[{"embeddable":true,"href":"https:\/\/gazdasagportal.hu\/index.php\/wp-json\/wp\/v2\/users\/1"}],"replies":[{"embeddable":true,"href":"https:\/\/gazdasagportal.hu\/index.php\/wp-json\/wp\/v2\/comments?post=6387"}],"version-history":[{"count":3,"href":"https:\/\/gazdasagportal.hu\/index.php\/wp-json\/wp\/v2\/posts\/6387\/revisions"}],"predecessor-version":[{"id":6389,"href":"https:\/\/gazdasagportal.hu\/index.php\/wp-json\/wp\/v2\/posts\/6387\/revisions\/6389"}],"wp:attachment":[{"href":"https:\/\/gazdasagportal.hu\/index.php\/wp-json\/wp\/v2\/media?parent=6387"}],"wp:term":[{"taxonomy":"category","embeddable":true,"href":"https:\/\/gazdasagportal.hu\/index.php\/wp-json\/wp\/v2\/categories?post=6387"},{"taxonomy":"post_tag","embeddable":true,"href":"https:\/\/gazdasagportal.hu\/index.php\/wp-json\/wp\/v2\/tags?post=6387"}],"curies":[{"name":"wp","href":"https:\/\/api.w.org\/{rel}","templated":true}]}}