{"id":63725,"date":"2015-06-26T15:26:25","date_gmt":"2015-06-26T13:26:25","guid":{"rendered":"http:\/\/gazdasagportal.hu\/?p=63725"},"modified":"2015-06-26T15:26:25","modified_gmt":"2015-06-26T13:26:25","slug":"veget-ert-az-eu-csucs-elfogadtak-a-zaronyilatkozatot","status":"publish","type":"post","link":"https:\/\/gazdasagportal.hu\/index.php\/veget-ert-az-eu-csucs-elfogadtak-a-zaronyilatkozatot\/","title":{"rendered":"V\u00e9get \u00e9rt az EU-cs\u00facs, elfogadt\u00e1k a z\u00e1r\u00f3nyilatkozatot"},"content":{"rendered":"<p><strong>Z\u00e1r\u00f3nyilatkozat elfogad\u00e1s\u00e1val befejez\u0151d\u00f6tt p\u00e9nteken Br\u00fcsszelben az EU-orsz\u00e1gok \u00e1llam-, illetve korm\u00e1nyf\u0151inek k\u00e9tnapos tan\u00e1cskoz\u00e1sa.<\/strong><!--more--><\/p>\n<div class=\"ads-in-post1\"><div id=\"gazdasagportal.hu_fullbanner_wideboard\"><\/div>\r\n<\/div>\n<p>    Preben Aamann, az Eur\u00f3pai Tan\u00e1cs eln\u00f6k\u00e9nek, Dinald Tusknak a sz\u00f3viv\u0151je Twitter-bejegyz\u00e9sben k\u00f6z\u00f6lte, hogy a r\u00e9sztvev\u0151k k\u00f6z\u00f6s k\u00f6vetkeztet\u00e9seket fogalmaztak meg a migr\u00e1ci\u00f3, a gazdas\u00e1gi \u00e9s p\u00e9nz\u00fcgyi uni\u00f3, a brit EU-tags\u00e1g j\u00f6v\u0151je, az eur\u00f3pai v\u00e9delem er\u0151s\u00edt\u00e9se, az egys\u00e9ges digit\u00e1lis piac kialak\u00edt\u00e1sa, valamint a tag\u00e1llami gazdas\u00e1gpolitik\u00e1k \u00f6sszehangol\u00e1s\u00e1t c\u00e9lz\u00f3 &#8222;eur\u00f3pai szemeszter&#8221; \u00fcgy\u00e9ben.<br \/>\n    Tusk \u00e9s Jean-Claude Juncker &#8211; ut\u00f3bbi az Eur\u00f3pai Bizotts\u00e1g eln\u00f6ke &#8211; k\u00f6z\u00f6sen tart z\u00e1r\u00f3 sajt\u00f3t\u00e1j\u00e9koztat\u00f3t, sz\u00e1mos m\u00e1s tag\u00e1llami vezet\u0151 pedig k\u00fcl\u00f6n nyilatkozik.<br \/>\n    Az eddigi \u00e9rtes\u00fcl\u00e9sek szerint a menek\u00fclt\u00fcgyben &#8211; els\u0151sorban a k\u00f6z\u00e9p- \u00e9s kelet-eur\u00f3pai tagorsz\u00e1gok ellenz\u00e9se nyom\u00e1n &#8211; elvetett\u00e9k azt az eur\u00f3pai bizotts\u00e1gi javaslatot, hogy az egyes uni\u00f3s orsz\u00e1gok k\u00f6telez\u0151 kv\u00f3ta alapj\u00e1n vegyenek \u00e1t menek\u00fclteket Olaszorsz\u00e1gt\u00f3l \u00e9s G\u00f6r\u00f6gorsz\u00e1gt\u00f3l, illetve fogadjanak be az EU-k\u00edv\u00fcl tart\u00f3zkod\u00f3 olyan sz\u00edriaiakat, illetve eritreaiakat, akik jogszer\u0171 mened\u00e9kk\u00e9r\u0151knek min\u0151s\u00fclnek.<br \/>\n    Az el\u0151bbi kateg\u00f3ri\u00e1ban 40 ezer, az ut\u00f3bbiban 20 ezer ember \u00f6nk\u00e9ntes alapon v\u00e1llalhat\u00f3 \u00e1thelyez\u00e9s\u00e9re, illetve \u00e1ttelep\u00edt\u00e9s\u00e9re vonatkoz\u00f3 keretsz\u00e1mban ugyanakkor meg\u00e1llapodtak.(MTI)<\/p>\n","protected":false},"excerpt":{"rendered":"<p>Z\u00e1r\u00f3nyilatkozat elfogad\u00e1s\u00e1val befejez\u0151d\u00f6tt p\u00e9nteken Br\u00fcsszelben az EU-orsz\u00e1gok \u00e1llam-, illetve korm\u00e1nyf\u0151inek k\u00e9tnapos tan\u00e1cskoz\u00e1sa.<\/p>\n","protected":false},"author":1,"featured_media":0,"comment_status":"open","ping_status":"closed","sticky":false,"template":"","format":"standard","meta":[],"categories":[12],"tags":[],"_links":{"self":[{"href":"https:\/\/gazdasagportal.hu\/index.php\/wp-json\/wp\/v2\/posts\/63725"}],"collection":[{"href":"https:\/\/gazdasagportal.hu\/index.php\/wp-json\/wp\/v2\/posts"}],"about":[{"href":"https:\/\/gazdasagportal.hu\/index.php\/wp-json\/wp\/v2\/types\/post"}],"author":[{"embeddable":true,"href":"https:\/\/gazdasagportal.hu\/index.php\/wp-json\/wp\/v2\/users\/1"}],"replies":[{"embeddable":true,"href":"https:\/\/gazdasagportal.hu\/index.php\/wp-json\/wp\/v2\/comments?post=63725"}],"version-history":[{"count":1,"href":"https:\/\/gazdasagportal.hu\/index.php\/wp-json\/wp\/v2\/posts\/63725\/revisions"}],"predecessor-version":[{"id":63726,"href":"https:\/\/gazdasagportal.hu\/index.php\/wp-json\/wp\/v2\/posts\/63725\/revisions\/63726"}],"wp:attachment":[{"href":"https:\/\/gazdasagportal.hu\/index.php\/wp-json\/wp\/v2\/media?parent=63725"}],"wp:term":[{"taxonomy":"category","embeddable":true,"href":"https:\/\/gazdasagportal.hu\/index.php\/wp-json\/wp\/v2\/categories?post=63725"},{"taxonomy":"post_tag","embeddable":true,"href":"https:\/\/gazdasagportal.hu\/index.php\/wp-json\/wp\/v2\/tags?post=63725"}],"curies":[{"name":"wp","href":"https:\/\/api.w.org\/{rel}","templated":true}]}}