{"id":63666,"date":"2015-06-25T12:43:48","date_gmt":"2015-06-25T10:43:48","guid":{"rendered":"http:\/\/gazdasagportal.hu\/?p=63666"},"modified":"2015-06-25T12:43:48","modified_gmt":"2015-06-25T10:43:48","slug":"ukran-valsag-a-nato-reformokat-var-ukrajnatol","status":"publish","type":"post","link":"https:\/\/gazdasagportal.hu\/index.php\/ukran-valsag-a-nato-reformokat-var-ukrajnatol\/","title":{"rendered":"Ukr\u00e1n v\u00e1ls\u00e1g &#8211; A NATO reformokat v\u00e1r Ukrajn\u00e1t\u00f3l"},"content":{"rendered":"<p><strong>A NATO \u00e9rz\u00e9kelhet\u0151 reform-er\u0151fesz\u00edt\u00e9seket v\u00e1r Ukrajn\u00e1t\u00f3l, cser\u00e9be a neki ny\u00fajtott, katonai jelleg\u0171 t\u00e1mogat\u00e1s\u00e9rt &#8211; hangs\u00falyozta Jens Stoltenberg, az atlanti sz\u00f6vets\u00e9g f\u0151titk\u00e1ra cs\u00fct\u00f6rt\u00f6k\u00f6n Br\u00fcsszelben a tagorsz\u00e1gok v\u00e9delmi miniszteri tan\u00e1cskoz\u00e1s\u00e1nak m\u00e1sodik napj\u00e1n, amikor a r\u00e9sztvev\u0151k Sztepan Poltorakkal, az ukr\u00e1n v\u00e9delmi t\u00e1rca ir\u00e1ny\u00edt\u00f3j\u00e1val tal\u00e1lkoztak.<\/strong><!--more--><\/p>\n<p>    A NATO katonai tan\u00e1csad\u00f3kat bocs\u00e1tott Ukrajna rendelkez\u00e9s\u00e9re, valamint p\u00e9nz\u00fcgyi seg\u00edts\u00e9get is ny\u00fajt k\u00fcl\u00f6nb\u00f6z\u0151 vezet\u00e9si \u00e9s kommunik\u00e1ci\u00f3s rendszerek, logisztikai felszerel\u00e9s, illetve a kibernetikai v\u00e9delemhez sz\u00fcks\u00e9ges eszk\u00f6z\u00f6k beszerz\u00e9s\u00e9hez.<br \/>\n    Stoltenberg meg\u00e1llap\u00edtotta, hogy Moszkva tov\u00e1bbra is tev\u00e9keny, befoly\u00e1sol\u00f3 t\u00e9nyez\u0151je a kelet-ukrajnai konfliktusnak, \u00e9s kik\u00e9pz\u00e9ssel, fegyverekkel, valamint saj\u00e1t katon\u00e1ival is t\u00e1mogatja az oroszp\u00e1rti szeparatist\u00e1kat.<br \/>\n    A f\u0151titk\u00e1r meg\u00edt\u00e9l\u00e9se szerint Kelet-Ukrajn\u00e1ban, ahol most is rendszeresen megs\u00e9rtik a t\u00f6r\u00e9keny t\u0171zsz\u00fcnetet, fenn\u00e1ll annak a vesz\u00e9lye, hogy ki\u00fajulnak az intenz\u00edv harcok. Ennek elker\u00fcl\u00e9s\u00e9t &#8211; mondta &#8211; az szolg\u00e1ln\u00e1 a legjobban, ha marad\u00e9ktalanul v\u00e9grehajtan\u00e1k a febru\u00e1rban kidolgozott minszki meg\u00e1llapod\u00e1scsomag el\u0151\u00edr\u00e1sait. A f\u0151titk\u00e1r mindk\u00e9t szemben\u00e1ll\u00f3 felet erre sz\u00f3l\u00edtotta fel, valamint k\u00fcl\u00f6n kiemelte Oroszorsz\u00e1g ezzel kapcsolatos k\u00fcl\u00f6nleges felel\u0151ss\u00e9g\u00e9t.<br \/>\n    Br\u00fcsszeli diplom\u00e1ciai forr\u00e1sok szerint a kelet-ukrajnai demark\u00e1ci\u00f3s vonal ment\u00e9n az elm\u00falt napokban csaknem ugyanolyan hevess\u00e9g\u0171 \u00f6sszecsap\u00e1sok voltak, mint a minszki meg\u00e1llapod\u00e1sok febru\u00e1ri al\u00e1\u00edr\u00e1s\u00e1t k\u00f6zvetlen\u00fcl megel\u0151z\u0151 id\u0151szakban.(MTI)<\/p>\n","protected":false},"excerpt":{"rendered":"<p>A NATO \u00e9rz\u00e9kelhet\u0151 reform-er\u0151fesz\u00edt\u00e9seket v\u00e1r Ukrajn\u00e1t\u00f3l, cser\u00e9be a neki ny\u00fajtott, katonai jelleg\u0171 t\u00e1mogat\u00e1s\u00e9rt &#8211; hangs\u00falyozta Jens Stoltenberg, az atlanti sz\u00f6vets\u00e9g f\u0151titk\u00e1ra cs\u00fct\u00f6rt\u00f6k\u00f6n Br\u00fcsszelben a tagorsz\u00e1gok v\u00e9delmi miniszteri tan\u00e1cskoz\u00e1s\u00e1nak m\u00e1sodik napj\u00e1n, amikor a r\u00e9sztvev\u0151k Sztepan Poltorakkal, az ukr\u00e1n v\u00e9delmi t\u00e1rca ir\u00e1ny\u00edt\u00f3j\u00e1val tal\u00e1lkoztak.<\/p>\n","protected":false},"author":1,"featured_media":0,"comment_status":"open","ping_status":"closed","sticky":false,"template":"","format":"standard","meta":[],"categories":[139],"tags":[],"_links":{"self":[{"href":"https:\/\/gazdasagportal.hu\/index.php\/wp-json\/wp\/v2\/posts\/63666"}],"collection":[{"href":"https:\/\/gazdasagportal.hu\/index.php\/wp-json\/wp\/v2\/posts"}],"about":[{"href":"https:\/\/gazdasagportal.hu\/index.php\/wp-json\/wp\/v2\/types\/post"}],"author":[{"embeddable":true,"href":"https:\/\/gazdasagportal.hu\/index.php\/wp-json\/wp\/v2\/users\/1"}],"replies":[{"embeddable":true,"href":"https:\/\/gazdasagportal.hu\/index.php\/wp-json\/wp\/v2\/comments?post=63666"}],"version-history":[{"count":1,"href":"https:\/\/gazdasagportal.hu\/index.php\/wp-json\/wp\/v2\/posts\/63666\/revisions"}],"predecessor-version":[{"id":63667,"href":"https:\/\/gazdasagportal.hu\/index.php\/wp-json\/wp\/v2\/posts\/63666\/revisions\/63667"}],"wp:attachment":[{"href":"https:\/\/gazdasagportal.hu\/index.php\/wp-json\/wp\/v2\/media?parent=63666"}],"wp:term":[{"taxonomy":"category","embeddable":true,"href":"https:\/\/gazdasagportal.hu\/index.php\/wp-json\/wp\/v2\/categories?post=63666"},{"taxonomy":"post_tag","embeddable":true,"href":"https:\/\/gazdasagportal.hu\/index.php\/wp-json\/wp\/v2\/tags?post=63666"}],"curies":[{"name":"wp","href":"https:\/\/api.w.org\/{rel}","templated":true}]}}