{"id":63657,"date":"2015-06-25T10:59:13","date_gmt":"2015-06-25T08:59:13","guid":{"rendered":"http:\/\/gazdasagportal.hu\/?p=63657"},"modified":"2015-06-25T10:59:13","modified_gmt":"2015-06-25T08:59:13","slug":"taxisblokad-franciaorszagban-az-uber-ellen","status":"publish","type":"post","link":"https:\/\/gazdasagportal.hu\/index.php\/taxisblokad-franciaorszagban-az-uber-ellen\/","title":{"rendered":"Taxisblok\u00e1d Franciaorsz\u00e1gban az Uber ellen"},"content":{"rendered":"<p><strong>Hat\u00e1rozatlan idej\u0171 blok\u00e1dba kezdtek cs\u00fct\u00f6rt\u00f6k\u00f6n a francia taxisok valamennyi szakszervezet felh\u00edv\u00e1s\u00e1ra: orsz\u00e1gszerte lez\u00e1rt\u00e1k a rep\u00fcl\u0151t\u00e9rre vezet\u0151 utakat \u00e9s a nagyv\u00e1rosok legf\u0151bb keresztez\u0151d\u00e9seit. A taxisok az Uber k\u00f6z\u00f6ss\u00e9gi utaz\u00e1smegoszt\u00f3 szolg\u00e1ltat\u00e1s ellen tiltakoznak, amelyet az \u00e9v eleji betilt\u00e1s ellen\u00e9re egyre t\u00f6bben vesznek ig\u00e9nybe.<\/strong><!--more--><\/p>\n<div class=\"ads-in-post1\"><div id=\"gazdasagportal.hu_fullbanner_wideboard\"><\/div>\r\n<\/div>\n<p>    M\u00e1r kora reggel t\u00f6bb sz\u00e1z taxi sorakozott fel a p\u00e1rizsi Roissy-Charles-De-Gaulle rep\u00fcl\u0151t\u00e9rre vezet\u0151 utakon, \u00e9s mindh\u00e1rom termin\u00e1l fel\u00e9 akad\u00e1lyozt\u00e1k az eljut\u00e1st. P\u00e1rizsban a p\u00e1lyaudvarok fel\u00e9 vezet\u0151 nagyobb \u00fatvonalakat is blokkolt\u00e1k. A rend\u0151rs\u00e9g a p\u00e1rizsi k\u00f6rgy\u0171r\u0171n k\u00f6nnyg\u00e1zt is bevetett, hogy az egyik legforgalmasabb, nyugati kivezet\u0151 utat felszabad\u00edtsa. A k\u00f6rny\u00e9ken pet\u00e1rd\u00e1k is robbantak, a d\u00fch\u00f6s taxisok szemetesek borogattak fel. Ugyanitt az egyik sof\u0151r  g\u00e9pkocsija kerekeit leszerelte \u00e9s azokat a sztr\u00e1jkol\u00f3k a rohamrend\u0151r\u00f6k el\u00e9 dobt\u00e1k, hogy akad\u00e1lyozz\u00e1k a beavatkoz\u00e1st.<br \/>\n    Toulouse-ban mintegy negyven taxi sorakozott fel a p\u00e1lyaudvar el\u0151tt \u00e9s sz\u00e1zan igyekeztek a rep\u00fcl\u0151t\u00e9rre vezet\u0151 \u00faton. Marseille-ben is a rep\u00fcl\u0151teret, a p\u00e1lyaudvart \u00e9s az aut\u00f3p\u00e1ly\u00e1ra vezet\u0151 egyik alagutat torlaszolt\u00e1k el a taxisok.<br \/>\n    Az amerikai k\u00f6zpont\u00fa Uber m\u00e1r Eur\u00f3pa sok orsz\u00e1g\u00e1ban jelen van, \u00e9s munkam\u00f3dszere sz\u00e1mos hely\u00fctt \u00e9les tiltakoz\u00e1sokat v\u00e1ltott ki. A szolg\u00e1ltat\u00e1s Franciaorsz\u00e1gban 2014 febru\u00e1r \u00f3ta el\u00e9rhet\u0151, de janu\u00e1rban betiltott\u00e1k.<br \/>\n    A szolg\u00e1ltat\u00e1s l\u00e9nyege, hogy a rendszer\u00e9hez csatlakoz\u00f3 (hivat\u00e1sos vagy ak\u00e1r nem hivat\u00e1sos) aut\u00f3sok \u00e9s leend\u0151 utasaik okostelefonra let\u00f6lthet\u0151 alkalmaz\u00e1son kereszt\u00fcl, k\u00f6zvetlen\u00fcl tal\u00e1lhatnak egym\u00e1sra, \u00e9s a viteld\u00edj rendez\u00e9se is a rendszeren kereszt\u00fcl t\u00f6rt\u00e9nik. Az aut\u00f3sok k\u00f6z\u00f6tti az ilyen jelleg\u0171 kapcsolat megteremt\u00e9se Franciaorsz\u00e1gban k\u00e9t \u00e9v b\u00f6rt\u00f6nb\u00fcntet\u00e9ssel \u00e9s 300 ezer eur\u00f3s p\u00e9nzb\u00edrs\u00e1ggal s\u00fajthat\u00f3. A rendszeres ellen\u0151rz\u00e9sek ellen\u00e9re a felhaszn\u00e1l\u00f3k megker\u00fclik a t\u00f6rv\u00e9nyt \u00e9s egyre t\u00f6bben haszn\u00e1lj\u00e1k a szolg\u00e1ltat\u00e1st. Az Uber szerint jelenleg 400 ezer felhaszn\u00e1l\u00f3juk van els\u0151sorban olyan helyeken, ahol kev\u00e9s a taxi.<br \/>\n    Az elm\u00falt h\u00e9ten sz\u00e1mos \u00f6sszet\u0171z\u00e9s t\u00f6rt\u00e9nt a taxisok \u00e9s a Uber sof\u0151rjei k\u00f6z\u00f6tt: Lyonban egy Uber-utast, Nizz\u00e1ban pedig egy sof\u0151rt b\u00e1ntalmaztak s\u00falyosan a taxisok, a g\u00e9pkocsikat megrong\u00e1lt\u00e1k.<br \/>\n    Az Uber a taxisok szerint tisztess\u00e9gtelen versenyben veszi el a bejegyzett taxisokt\u00f3l a munk\u00e1t, miut\u00e1n a szolg\u00e1ltat\u00e1st ny\u00fajt\u00f3 sof\u0151r\u00f6kre nem vonatkoznak a taxisok eset\u00e9ben szigor\u00fa k\u00f6vetelm\u00e9nyek, azaz nem fizetnek j\u00e1rul\u00e9kokat, ad\u00f3t, nincsen utasbiztos\u00edt\u00e1suk \u00e9s nem v\u00e9gezt\u00e9k el az \u00e1llamilag szab\u00e1lyozott taxis enged\u00e9lyhez sz\u00fcks\u00e9ges 250 \u00f3r\u00e1s k\u00e9pz\u00e9st, amely 150-250 ezer (47 &#8211; 78 milli\u00f3 forintba) eur\u00f3ba ker\u00fcl.<br \/>\n(MTI)<\/p>\n","protected":false},"excerpt":{"rendered":"<p>Hat\u00e1rozatlan idej\u0171 blok\u00e1dba kezdtek cs\u00fct\u00f6rt\u00f6k\u00f6n a francia taxisok valamennyi szakszervezet felh\u00edv\u00e1s\u00e1ra: orsz\u00e1gszerte lez\u00e1rt\u00e1k a rep\u00fcl\u0151t\u00e9rre vezet\u0151 utakat \u00e9s a nagyv\u00e1rosok legf\u0151bb keresztez\u0151d\u00e9seit. A taxisok az Uber k\u00f6z\u00f6ss\u00e9gi utaz\u00e1smegoszt\u00f3 szolg\u00e1ltat\u00e1s ellen tiltakoznak, amelyet az \u00e9v eleji betilt\u00e1s ellen\u00e9re egyre t\u00f6bben vesznek ig\u00e9nybe.<\/p>\n","protected":false},"author":1,"featured_media":0,"comment_status":"open","ping_status":"closed","sticky":false,"template":"","format":"standard","meta":[],"categories":[12],"tags":[],"_links":{"self":[{"href":"https:\/\/gazdasagportal.hu\/index.php\/wp-json\/wp\/v2\/posts\/63657"}],"collection":[{"href":"https:\/\/gazdasagportal.hu\/index.php\/wp-json\/wp\/v2\/posts"}],"about":[{"href":"https:\/\/gazdasagportal.hu\/index.php\/wp-json\/wp\/v2\/types\/post"}],"author":[{"embeddable":true,"href":"https:\/\/gazdasagportal.hu\/index.php\/wp-json\/wp\/v2\/users\/1"}],"replies":[{"embeddable":true,"href":"https:\/\/gazdasagportal.hu\/index.php\/wp-json\/wp\/v2\/comments?post=63657"}],"version-history":[{"count":1,"href":"https:\/\/gazdasagportal.hu\/index.php\/wp-json\/wp\/v2\/posts\/63657\/revisions"}],"predecessor-version":[{"id":63658,"href":"https:\/\/gazdasagportal.hu\/index.php\/wp-json\/wp\/v2\/posts\/63657\/revisions\/63658"}],"wp:attachment":[{"href":"https:\/\/gazdasagportal.hu\/index.php\/wp-json\/wp\/v2\/media?parent=63657"}],"wp:term":[{"taxonomy":"category","embeddable":true,"href":"https:\/\/gazdasagportal.hu\/index.php\/wp-json\/wp\/v2\/categories?post=63657"},{"taxonomy":"post_tag","embeddable":true,"href":"https:\/\/gazdasagportal.hu\/index.php\/wp-json\/wp\/v2\/tags?post=63657"}],"curies":[{"name":"wp","href":"https:\/\/api.w.org\/{rel}","templated":true}]}}