{"id":63655,"date":"2015-06-25T10:25:33","date_gmt":"2015-06-25T08:25:33","guid":{"rendered":"http:\/\/gazdasagportal.hu\/?p=63655"},"modified":"2015-06-25T10:25:33","modified_gmt":"2015-06-25T08:25:33","slug":"inflacios-jelentes-az-mnb-jelentosen-csokkentette-a-beruhazasokra-vonatkozo-elorejelzeset","status":"publish","type":"post","link":"https:\/\/gazdasagportal.hu\/index.php\/inflacios-jelentes-az-mnb-jelentosen-csokkentette-a-beruhazasokra-vonatkozo-elorejelzeset\/","title":{"rendered":"Infl\u00e1ci\u00f3s jelent\u00e9s &#8211; Az MNB jelent\u0151sen cs\u00f6kkentette a beruh\u00e1z\u00e1sokra vonatkoz\u00f3 el\u0151rejelz\u00e9s\u00e9t"},"content":{"rendered":"<p><strong>A Magyar Nemzeti Bank (MNB) jelent\u0151sen cs\u00f6kkentette a beruh\u00e1z\u00e1sokra vonatkoz\u00f3 el\u0151rejelz\u00e9s\u00e9t: a m\u00e1rciusi progn\u00f3zisban ez \u00e9vre m\u00e9g 5,2 sz\u00e1zal\u00e9kos b\u0151v\u00fcl\u00e9ssel sz\u00e1moltak, a j\u00faniusi, aktu\u00e1lis el\u0151rejelz\u00e9s m\u00e1r csup\u00e1n 2,2 sz\u00e1zal\u00e9kos idei b\u0151v\u00fcl\u00e9st vet\u00edt el\u0151re, j\u00f6v\u0151re pedig az uni\u00f3s forr\u00e1sok visszaes\u00e9s\u00e9vel p\u00e1rhuzamosan 2,1 sz\u00e1zal\u00e9kos cs\u00f6kken\u00e9ssel sz\u00e1molnak a beruh\u00e1z\u00e1sokban.<\/strong><!--more--><\/p>\n<div class=\"ads-in-post1\"><div id=\"gazdasagportal.hu_fullbanner_wideboard\"><\/div>\r\n<\/div>\n<p>    A h\u00e1ztart\u00e1sok fogyaszt\u00e1sa id\u00e9n 3,2 sz\u00e1zal\u00e9kkal, j\u00f6v\u0151re 3 sz\u00e1zal\u00e9kkal emelkedik, az export id\u00e9n 8 sz\u00e1zal\u00e9kkal, j\u00f6v\u0151re 7,9 sz\u00e1zal\u00e9kkal n\u0151 az aktu\u00e1lis el\u0151rejelz\u00e9s szerint, ezek lesznek a n\u00f6veked\u00e9s motorjai.<br \/>\n    A test\u00fclet kedden tette k\u00f6zz\u00e9 a kamatd\u00f6nt\u00e9si kil\u00e1t\u00e1sokat is r\u00e9szben megalapoz\u00f3 infl\u00e1ci\u00f3s jelent\u00e9s f\u0151bb sz\u00e1mait is, amelyben a legut\u00f3bbi, m\u00e1rciusi jelent\u00e9s\u00e9hez k\u00e9pest 0,1 sz\u00e1zal\u00e9kponttal 3,3 sz\u00e1zal\u00e9kra n\u00f6velte a GDP-b\u0151v\u00fcl\u00e9sre vonatkoz\u00f3 v\u00e1rakoz\u00e1s\u00e1t, \u00e9s stagn\u00e1l\u00e1sr\u00f3l 0,3 sz\u00e1zal\u00e9kra emelte az idei infl\u00e1ci\u00f3 v\u00e1rhat\u00f3 m\u00e9rt\u00e9k\u00e9t. Az MNB 2016-ra a kor\u00e1bban v\u00e1rtn\u00e1l 0,2 sz\u00e1zal\u00e9kponttal alacsonyabb, 2,4 sz\u00e1zal\u00e9kos infl\u00e1ci\u00f3val, \u00e9s 2,5 sz\u00e1zal\u00e9kos gazdas\u00e1gi n\u00f6veked\u00e9ssel sz\u00e1mol, ut\u00f3bbin nem v\u00e1ltoztatott a m\u00e1rciusihoz k\u00e9pest.<br \/>\n    Palotai D\u00e1niel, a jegybank \u00fcgyvezet\u0151 igazgat\u00f3ja \u00fajs\u00e1g\u00edr\u00f3knak kiemelte: a monet\u00e1ris tan\u00e1cs monet\u00e1ris politik\u00e1ra vonatkoz\u00f3 \u00fczenetei k\u00f6z\u00fcl a legfontosabb, hogy a test\u00fclet \u00fagy \u00edt\u00e9lte meg, az infl\u00e1ci\u00f3s c\u00e9l el\u00e9r\u00e9s\u00e9hez tov\u00e1bbi kism\u00e9rt\u00e9k\u0171 monet\u00e1ris laz\u00edt\u00e1s lehet sz\u00fcks\u00e9ges.(MTI)<\/p>\n","protected":false},"excerpt":{"rendered":"<p>A Magyar Nemzeti Bank (MNB) jelent\u0151sen cs\u00f6kkentette a beruh\u00e1z\u00e1sokra vonatkoz\u00f3 el\u0151rejelz\u00e9s\u00e9t: a m\u00e1rciusi progn\u00f3zisban ez \u00e9vre m\u00e9g 5,2 sz\u00e1zal\u00e9kos b\u0151v\u00fcl\u00e9ssel sz\u00e1moltak, a j\u00faniusi, aktu\u00e1lis el\u0151rejelz\u00e9s m\u00e1r csup\u00e1n 2,2 sz\u00e1zal\u00e9kos idei b\u0151v\u00fcl\u00e9st vet\u00edt el\u0151re, j\u00f6v\u0151re pedig az uni\u00f3s forr\u00e1sok visszaes\u00e9s\u00e9vel p\u00e1rhuzamosan 2,1 sz\u00e1zal\u00e9kos cs\u00f6kken\u00e9ssel sz\u00e1molnak a beruh\u00e1z\u00e1sokban.<\/p>\n","protected":false},"author":1,"featured_media":0,"comment_status":"open","ping_status":"closed","sticky":false,"template":"","format":"standard","meta":[],"categories":[19],"tags":[],"_links":{"self":[{"href":"https:\/\/gazdasagportal.hu\/index.php\/wp-json\/wp\/v2\/posts\/63655"}],"collection":[{"href":"https:\/\/gazdasagportal.hu\/index.php\/wp-json\/wp\/v2\/posts"}],"about":[{"href":"https:\/\/gazdasagportal.hu\/index.php\/wp-json\/wp\/v2\/types\/post"}],"author":[{"embeddable":true,"href":"https:\/\/gazdasagportal.hu\/index.php\/wp-json\/wp\/v2\/users\/1"}],"replies":[{"embeddable":true,"href":"https:\/\/gazdasagportal.hu\/index.php\/wp-json\/wp\/v2\/comments?post=63655"}],"version-history":[{"count":1,"href":"https:\/\/gazdasagportal.hu\/index.php\/wp-json\/wp\/v2\/posts\/63655\/revisions"}],"predecessor-version":[{"id":63656,"href":"https:\/\/gazdasagportal.hu\/index.php\/wp-json\/wp\/v2\/posts\/63655\/revisions\/63656"}],"wp:attachment":[{"href":"https:\/\/gazdasagportal.hu\/index.php\/wp-json\/wp\/v2\/media?parent=63655"}],"wp:term":[{"taxonomy":"category","embeddable":true,"href":"https:\/\/gazdasagportal.hu\/index.php\/wp-json\/wp\/v2\/categories?post=63655"},{"taxonomy":"post_tag","embeddable":true,"href":"https:\/\/gazdasagportal.hu\/index.php\/wp-json\/wp\/v2\/tags?post=63655"}],"curies":[{"name":"wp","href":"https:\/\/api.w.org\/{rel}","templated":true}]}}