{"id":63572,"date":"2015-06-23T14:50:18","date_gmt":"2015-06-23T12:50:18","guid":{"rendered":"http:\/\/gazdasagportal.hu\/?p=63572"},"modified":"2015-06-24T11:23:52","modified_gmt":"2015-06-24T09:23:52","slug":"orosz-valsag-akar-tobb-millio-nemet-munkahely-veszelyben","status":"publish","type":"post","link":"https:\/\/gazdasagportal.hu\/index.php\/orosz-valsag-akar-tobb-millio-nemet-munkahely-veszelyben\/","title":{"rendered":"Orosz v\u00e1ls\u00e1g: ak\u00e1r t\u00f6bb milli\u00f3 n\u00e9met munkahely vesz\u00e9lyben"},"content":{"rendered":"<p><strong>A legbor\u00fal\u00e1t\u00f3bb &#8211; &#8222;worst case scenario&#8221; &#8211; sz\u00e1m\u00edt\u00e1sok szerint az elh\u00faz\u00f3d\u00f3 ukr\u00e1n-orosz v\u00e1ls\u00e1g ak\u00e1r t\u00f6bb mint 2 milli\u00f3 munkahelyet vesz\u00e9lyeztethet Eur\u00f3p\u00e1ban. A legnagyobb m\u00e9rt\u00e9kben N\u00e9metorsz\u00e1g \u00e9rintett, hisz k\u00f6ztudottan \u0151 rendelkezik Eur\u00f3pa leger\u0151sebb export-gazdas\u00e1g\u00e1val. <\/strong><!--more--><\/p>\n<div class=\"ads-in-post1\"><div id=\"gazdasagportal.hu_fullbanner_wideboard\"><\/div>\r\n<\/div>\n<p>Az Osztr\u00e1k Gazdas\u00e1gi Kutat\u00f3int\u00e9zet (WIFO) napokban k\u00f6zz\u00e9tett tanulm\u00e1nya szerint egyetlen m\u00e1s eur\u00f3pai orsz\u00e1got sem \u00e9rint olyan nagy m\u00e9rt\u00e9kben az orosz gazdas\u00e1gi v\u00e1ls\u00e1g, mint N\u00e9metorsz\u00e1got: az exportkies\u00e9s megk\u00f6zel\u00edtheti a 100 milli\u00e1rd eur\u00f3s \u00e9rt\u00e9ket, amib\u0151l 27 milli\u00e1rd eur\u00f3 esik N\u00e9metorsz\u00e1gra. <\/p>\n<p>Ezen \u00e9rt\u00e9kek alapj\u00e1n az orosz gazdas\u00e1gi v\u00e1ls\u00e1gnak j\u00f3val nagyobb negat\u00edv hat\u00e1sai lehetnek az Eur\u00f3pai \u00dani\u00f3ra, illetve Sv\u00e1jcra, mint azt v\u00e1rni lehetett. &#8222;A sz\u00e1m\u00edt\u00e1sok alkalm\u00e1val a tavaly \u0151szi legbor\u00fal\u00e1t\u00f3bb exportkies\u00e9si adatokat vett\u00fck alapul&#8221; &#8211; fejtette ki Oliver Fritz (WIFO), a gazdas\u00e1gi elemz\u00e9s koordin\u00e1tora. Az exportkies\u00e9st N\u00e9metorsz\u00e1g azzal szeretn\u00e9 cs\u00f6kkenteni, hogy m\u00e1s felvev\u0151 piacok fel\u00e9 fordul. Ez legink\u00e1bb a mez\u0151gazdas\u00e1gi term\u00e9kek eset\u00e9ben val\u00f3sul-val\u00f3sulhat meg a statisztikai adatok alapj\u00e1n. <\/p><div id=\"gazda-1109887\" class=\"gazda-tartalomban gazda-entity-placement\"><script async src=\"https:\/\/pagead2.googlesyndication.com\/pagead\/js\/adsbygoogle.js\"><\/script>\r\n<ins class=\"adsbygoogle\"\r\n     style=\"display:block\"\r\n     data-ad-format=\"fluid\"\r\n     data-ad-layout-key=\"-6t+ed+2i-1n-4w\"\r\n     data-ad-client=\"ca-pub-1959107119989764\"\r\n     data-ad-slot=\"4008251320\"><\/ins>\r\n<script>\r\n     (adsbygoogle = window.adsbygoogle || []).push({});\r\n<\/script><\/div>\n<p>Az ukr\u00e1n-orosz v\u00e1ls\u00e1g \u00e1ltal a n\u00e9met aut\u00f3ipar is \u00e9rintett &#8211; orosz gazdas\u00e1gi adatok alapj\u00e1n a cs\u00f6kken\u00e9s itt mintegy 50 sz\u00e1zal\u00e9k, amely jelent\u0151s p\u00e9nzkies\u00e9st jelent az ipar\u00e1g sz\u00e1m\u00e1ra.<br \/>\nHasonl\u00f3 rossz helyzetben van az osztr\u00e1k export is. Itt az \u00e9lelmiszerexport korl\u00e1toz\u00e1sa miatt az \u00e9v m\u00e1sodik negyed\u00e9ben az export 50 milli\u00f3 eur\u00f3ra esett vissza. <\/p>\n<p>Az elh\u00faz\u00f3d\u00f3 ukr\u00e1n v\u00e1ls\u00e1g miatt a szankci\u00f3k  fennmaradnak &#8211; jelen \u00e1ll\u00e1s szerint 2016 j\u00fanius\u00e1ig mindenk\u00e9ppen.<br \/>\nTerm\u00e9szetesen az orosz v\u00e1laszl\u00e9p\u00e9sek sem maradnak el, hisz Oroszorsz\u00e1g is bejelentette, hogy tov\u00e1bbra is fenntartja t\u00f6bbek k\u00f6z\u00f6tt \u00e9lelmiszerimport-korl\u00e1toz\u00e1sait is.<br \/>\nAbban az esetben, ha a gazdas\u00e1gi szankci\u00f3k hosszabb id\u0151n kereszt\u00fcl fennmaradnak, N\u00e9metorsz\u00e1g ak\u00e1r 1-1,5 sz\u00e1zal\u00e9kot is vesz\u00edthet gazdas\u00e1gi teljes\u00edtm\u00e9ny\u00e9b\u0151l. <\/p>\n<p>Forr\u00e1s:kftkreator.hu<\/p>\n","protected":false},"excerpt":{"rendered":"<p>A legbor\u00fal\u00e1t\u00f3bb &#8211; &#8222;worst case scenario&#8221; &#8211; sz\u00e1m\u00edt\u00e1sok szerint az elh\u00faz\u00f3d\u00f3 ukr\u00e1n-orosz v\u00e1ls\u00e1g ak\u00e1r t\u00f6bb mint 2 milli\u00f3 munkahelyet vesz\u00e9lyeztethet Eur\u00f3p\u00e1ban. A legnagyobb m\u00e9rt\u00e9kben N\u00e9metorsz\u00e1g \u00e9rintett, hisz k\u00f6ztudottan \u0151 rendelkezik Eur\u00f3pa leger\u0151sebb export-gazdas\u00e1g\u00e1val.<\/p>\n","protected":false},"author":1,"featured_media":19643,"comment_status":"open","ping_status":"closed","sticky":false,"template":"","format":"standard","meta":[],"categories":[146,246],"tags":[],"_links":{"self":[{"href":"https:\/\/gazdasagportal.hu\/index.php\/wp-json\/wp\/v2\/posts\/63572"}],"collection":[{"href":"https:\/\/gazdasagportal.hu\/index.php\/wp-json\/wp\/v2\/posts"}],"about":[{"href":"https:\/\/gazdasagportal.hu\/index.php\/wp-json\/wp\/v2\/types\/post"}],"author":[{"embeddable":true,"href":"https:\/\/gazdasagportal.hu\/index.php\/wp-json\/wp\/v2\/users\/1"}],"replies":[{"embeddable":true,"href":"https:\/\/gazdasagportal.hu\/index.php\/wp-json\/wp\/v2\/comments?post=63572"}],"version-history":[{"count":2,"href":"https:\/\/gazdasagportal.hu\/index.php\/wp-json\/wp\/v2\/posts\/63572\/revisions"}],"predecessor-version":[{"id":63604,"href":"https:\/\/gazdasagportal.hu\/index.php\/wp-json\/wp\/v2\/posts\/63572\/revisions\/63604"}],"wp:featuredmedia":[{"embeddable":true,"href":"https:\/\/gazdasagportal.hu\/index.php\/wp-json\/wp\/v2\/media\/19643"}],"wp:attachment":[{"href":"https:\/\/gazdasagportal.hu\/index.php\/wp-json\/wp\/v2\/media?parent=63572"}],"wp:term":[{"taxonomy":"category","embeddable":true,"href":"https:\/\/gazdasagportal.hu\/index.php\/wp-json\/wp\/v2\/categories?post=63572"},{"taxonomy":"post_tag","embeddable":true,"href":"https:\/\/gazdasagportal.hu\/index.php\/wp-json\/wp\/v2\/tags?post=63572"}],"curies":[{"name":"wp","href":"https:\/\/api.w.org\/{rel}","templated":true}]}}