{"id":63435,"date":"2015-06-19T11:11:58","date_gmt":"2015-06-19T09:11:58","guid":{"rendered":"http:\/\/gazdasagportal.hu\/?p=63435"},"modified":"2015-06-19T11:11:58","modified_gmt":"2015-06-19T09:11:58","slug":"kepmutatassal-vadolja-az-eu-t-belgrad-egy-tervezett-gazvezetek-kapcsan","status":"publish","type":"post","link":"https:\/\/gazdasagportal.hu\/index.php\/kepmutatassal-vadolja-az-eu-t-belgrad-egy-tervezett-gazvezetek-kapcsan\/","title":{"rendered":"K\u00e9pmutat\u00e1ssal v\u00e1dolja az EU-t Belgr\u00e1d egy tervezett g\u00e1zvezet\u00e9k kapcs\u00e1n"},"content":{"rendered":"<p><strong>K\u00e9pmutat\u00f3nak nevezte az eur\u00f3pai uni\u00f3s vezet\u0151ket Ivica Dacic szerb k\u00fcl\u00fcgyminiszter, mert \u00e9rtes\u00fcl\u00e9sei szerint Br\u00fcsszel azt javasolta Moszkv\u00e1nak, Szerbia megker\u00fcl\u00e9s\u00e9vel \u00e9p\u00edtsen ki egy Nyugat-Eur\u00f3p\u00e1ba ir\u00e1nyul\u00f3 g\u00e1zvezet\u00e9ket.<\/strong><!--more--><\/p>\n<div class=\"ads-in-post1\"><div id=\"gazdasagportal.hu_fullbanner_wideboard\"><\/div>\r\n<\/div>\n<p>    &#8222;Ilyen k\u00e9pmutat\u00e1st nem v\u00e1rtam volna a br\u00fcsszeli vezet\u0151kt\u0151l, hiszen \u00e9ppen \u0151k voltak azok, akik mindent megtettek a D\u00e9li \u00c1ramlat g\u00e1zvezet\u00e9k projektj\u00e9nek cs\u0151dj\u00e9\u00e9rt&#8221; &#8211; hangs\u00falyozta szerb \u00fajs\u00e1g\u00edr\u00f3knak a k\u00fcl\u00fcgyi t\u00e1rca vezet\u0151je a szentp\u00e9terv\u00e1ri nemzetk\u00f6zi gazdas\u00e1gi f\u00f3rumon.<br \/>\n    A belgr\u00e1di sajt\u00f3 p\u00e9nteki besz\u00e1mol\u00f3ja szerint Ivica Dacic hozz\u00e1tette: ha igaz, hogy az EU azt javasolta Oroszorsz\u00e1gnak, hogy \u00e9p\u00edtse meg a Keleti Gy\u0171r\u0171 nev\u0171 vezet\u00e9ket, amely Szerbia kihagy\u00e1s\u00e1val Bulg\u00e1ri\u00e1n, Rom\u00e1ni\u00e1n, Magyarorsz\u00e1gon \u00e9s Szlov\u00e1ki\u00e1n kereszt\u00fcl sz\u00e1ll\u00edtan\u00e1 az orosz g\u00e1zt Nyugat-Eur\u00f3p\u00e1ba, akkor &#8222;komoly megbesz\u00e9l\u00e9seket kell folytatni az Eur\u00f3pai Bizotts\u00e1ggal a Szerbi\u00e1hoz \u00e9s a szerbiai \u00e9rdekekhez val\u00f3 viszonyukr\u00f3l&#8221;.<br \/>\n    Megfogalmaz\u00e1sa szerint \u00fagy t\u0171nik, hogy amikor az orosz g\u00e1z Szerbi\u00e1ba jutna, &#8222;akkor az politikai probl\u00e9m\u00e1t jelent, de ha Nyugat- \u00e9s \u00c9szak-Eur\u00f3pa fel\u00e9 kell mennie, akkor az gazdas\u00e1gi k\u00e9rd\u00e9s, aminek semmi k\u00f6ze a politik\u00e1hoz&#8221;.<br \/>\n    A szerb k\u00fcl\u00fcgyminiszter elmondta, hogy a tervr\u0151l az Alekszandr Novak orosz energetikai miniszterrel \u00e9s Alekszej Millerrel, a Gazprom vez\u00e9rigazgat\u00f3j\u00e1val val\u00f3 tal\u00e1lkoz\u00f3n hallott el\u0151sz\u00f6r.<br \/>\n    Ivica Dacic elmondta, hogy orosz partnerei k\u00f6z\u00f6lt\u00e9k vele: j\u00faliusban megkezdik T\u00f6r\u00f6korsz\u00e1g fel\u00e9 a g\u00e1zvezet\u00e9kek lefektet\u00e9s\u00e9t. Szerinte ez is azt bizony\u00edtja, hogy val\u00f3s es\u00e9ly van arra, hogy meg\u00e9p\u00fclj\u00f6n a T\u00f6r\u00f6k \u00c1ramlat nev\u0171 g\u00e1zvezet\u00e9k, amely T\u00f6r\u00f6korsz\u00e1gon, G\u00f6r\u00f6gorsz\u00e1gon, Maced\u00f3ni\u00e1n, Szerbi\u00e1n, Magyarorsz\u00e1gon \u00e9s Ausztri\u00e1n kereszt\u00fcl haladna \u00e1t. A T\u00f6r\u00f6k \u00c1ramlat g\u00e1zvezet\u00e9ken \u00e1t Oroszorsz\u00e1g a tervek szerint 2016 v\u00e9g\u00e9t\u0151l \u00e9vente 63 milli\u00e1rd k\u00f6bm\u00e9ter f\u00f6ldg\u00e1zt juttatna T\u00f6r\u00f6korsz\u00e1gba a Fekete-tengeren kereszt\u00fcl.(MTI)<\/p>\n","protected":false},"excerpt":{"rendered":"<p>K\u00e9pmutat\u00f3nak nevezte az eur\u00f3pai uni\u00f3s vezet\u0151ket Ivica Dacic szerb k\u00fcl\u00fcgyminiszter, mert \u00e9rtes\u00fcl\u00e9sei szerint Br\u00fcsszel azt javasolta Moszkv\u00e1nak, Szerbia megker\u00fcl\u00e9s\u00e9vel \u00e9p\u00edtsen ki egy Nyugat-Eur\u00f3p\u00e1ba ir\u00e1nyul\u00f3 g\u00e1zvezet\u00e9ket.<\/p>\n","protected":false},"author":1,"featured_media":0,"comment_status":"open","ping_status":"closed","sticky":false,"template":"","format":"standard","meta":[],"categories":[246],"tags":[],"_links":{"self":[{"href":"https:\/\/gazdasagportal.hu\/index.php\/wp-json\/wp\/v2\/posts\/63435"}],"collection":[{"href":"https:\/\/gazdasagportal.hu\/index.php\/wp-json\/wp\/v2\/posts"}],"about":[{"href":"https:\/\/gazdasagportal.hu\/index.php\/wp-json\/wp\/v2\/types\/post"}],"author":[{"embeddable":true,"href":"https:\/\/gazdasagportal.hu\/index.php\/wp-json\/wp\/v2\/users\/1"}],"replies":[{"embeddable":true,"href":"https:\/\/gazdasagportal.hu\/index.php\/wp-json\/wp\/v2\/comments?post=63435"}],"version-history":[{"count":1,"href":"https:\/\/gazdasagportal.hu\/index.php\/wp-json\/wp\/v2\/posts\/63435\/revisions"}],"predecessor-version":[{"id":63436,"href":"https:\/\/gazdasagportal.hu\/index.php\/wp-json\/wp\/v2\/posts\/63435\/revisions\/63436"}],"wp:attachment":[{"href":"https:\/\/gazdasagportal.hu\/index.php\/wp-json\/wp\/v2\/media?parent=63435"}],"wp:term":[{"taxonomy":"category","embeddable":true,"href":"https:\/\/gazdasagportal.hu\/index.php\/wp-json\/wp\/v2\/categories?post=63435"},{"taxonomy":"post_tag","embeddable":true,"href":"https:\/\/gazdasagportal.hu\/index.php\/wp-json\/wp\/v2\/tags?post=63435"}],"curies":[{"name":"wp","href":"https:\/\/api.w.org\/{rel}","templated":true}]}}